{"id":1131,"date":"2021-03-09T11:12:00","date_gmt":"2021-03-09T11:12:00","guid":{"rendered":"https:\/\/influencespain.com\/?p=1131"},"modified":"2021-03-12T11:41:32","modified_gmt":"2021-03-12T11:41:32","slug":"entrevista-dolors-montserrat-portavoz-pp-europa","status":"publish","type":"post","link":"https:\/\/influenzespain.com\/es\/entrevista-dolors-montserrat-portavoz-pp-europa\/","title":{"rendered":"Entrevista a Dolors Montserrat, portavoz del PP en el Parlamento Europeo"},"content":{"rendered":"\n<p>La noticia del d\u00eda ha sido la decisi\u00f3n del Parlamento Europeo de retirar la inmunidad del eurodiputado Carles Puigdemont y dos exconsejeros catalanes. Para hablar de ello, <a href=\"https:\/\/influenzespain.com\/equipo\/\">Federico Quevedo<\/a> recibe en El Balance a <a href=\"https:\/\/twitter.com\/DolorsMM?ref_src=twsrc%5Egoogle%7Ctwcamp%5Eserp%7Ctwgr%5Eauthor\">Dolors Montserrat,<\/a> portavoz del Partido Popular en el Parlamento Europeo.<\/p>\n\n\n\n<p>Seg\u00fan la portavoz, <em>\u201cahora hay v\u00eda libre para que opere la euroorden y sean entregados a Espa\u00f1a los fugados de la justicia\u201d<\/em>. Dolors Montserrat lanza un mensaje de que <em>\u201cha ganado la Uni\u00f3n Europea, ha ganado Espa\u00f1a, pero sobre todo ha ganado nuestra democracia\u201d.<\/em><\/p>\n\n\n\n<p>Hoy se ha conocido que el magistrado Llanera plantear\u00e1 al Tribunal de la Uni\u00f3n Europea una cuesti\u00f3n para saber c\u00f3mo aplicar esa euroorden. Montserrat confirma que <em>\u201cel mensaje del Parlamento Europeo ha reafirmado la legitimidad de la justicia espa\u00f1ola\u201d.<\/em><\/p>\n\n\n\n<h3 class=\"wp-block-heading\">Votaci\u00f3n europea<\/h3>\n\n\n\n<p>El PP y Ciudadanos han votado a favor del levantamiento de la inmunidad, no lo ha hecho as\u00ed Unidas Podemos. Sobre esto, Monsterrat dice que <em>\u201cel voto del PP ha sido decisivo para levantar esta inmunidad, pero nos preocupa que el mejor aliado de Puigdemont ha sido Pablo Iglesias\u201d<\/em>. Seg\u00fan la portavoz del Partido Popular <em>\u201cel \u00fanico culpable es S\u00e1nchez porque con sus socios de gobierno se convierte en c\u00f3mplice del da\u00f1o que se est\u00e1 haciendo al Estado de Derecho\u201d. \u00a0<\/em><\/p>\n\n\n\n<p>Sobre los fondos europeos<em> \u201ctambi\u00e9n est\u00e1n en juego\u201d,<\/em> seg\u00fan la portavoz. Su objetivo es modernizar la econom\u00eda, crear empleo y reforzar el sistema de salud; pero una de las exigencias que impone Europa es \u201c<em>la defensa del Estado de Derecho y hoy hemos visto c\u00f3mo el vicepresidente del gobierno ha puesto en tela de juicio las instituciones democr\u00e1ticas\u201d<\/em>, seg\u00fan confirma Dolors Montserrat.<\/p>\n\n\n\n<p><strong>Escuche la entrevista completa en el siguiente audio:<\/strong><\/p>\n\n\n\n<figure class=\"wp-block-audio\"><audio controls src=\"https:\/\/influenzespain.com\/wp-content\/uploads\/2021\/03\/090321_DolorsMontserrat_PPEuropa.mp3\"><\/audio><figcaption>Entrevista completa a Dolors Montserrat, portavoz del Partido Popular en el Parlamento Europeo. <\/figcaption><\/figure>\n\n\n\n<p class=\"has-text-align-center\"><em>A trav\u00e9s de \u2018El Balance\u2019, programa de Federico Quevedo en Capital Radio, <a href=\"https:\/\/influenzespain.com\/\">Influence Spain<\/a> logra ampliar su red de contactos dentro del espectro estatal, auton\u00f3mico y municipal.<\/em><\/p>\n","protected":false},"excerpt":{"rendered":"<p>La noticia del d\u00eda ha sido la decisi\u00f3n del Parlamento Europeo de retirar la inmunidad del eurodiputado Carles Puigdemont y dos exconsejeros catalanes. Para hablar de ello, Federico Quevedo recibe en El Balance a Dolors Montserrat, portavoz del Partido Popular en el Parlamento Europeo. Seg\u00fan la portavoz, \u201cahora hay v\u00eda libre para que opere la [&hellip;]<\/p>\n","protected":false},"author":2,"featured_media":1134,"comment_status":"closed","ping_status":"open","sticky":false,"template":"","format":"standard","meta":{"footnotes":""},"categories":[16],"tags":[28,159,156,108,157,62],"class_list":["post-1131","post","type-post","status-publish","format-standard","has-post-thumbnail","hentry","category-actualidad-politica","tag-actualidad-politica","tag-carles-puigdemont","tag-dolors-montserrat","tag-fondos-europeos","tag-parlamento-europeo","tag-partido-popular"],"yoast_head":"<!-- This site is optimized with the Yoast SEO plugin v27.4 - https:\/\/yoast.com\/product\/yoast-seo-wordpress\/ -->\n<title>Entrevista a Dolors Montserrat, portavoz del PP en el Parlamento Europeo - Influence Spain | Consultor\u00eda de asuntos p\u00fablicos y lobbying<\/title>\n<meta name=\"description\" content=\"Dolors Montserrat habla con Federico Quevedo de la decisi\u00f3n del Parlamento Europeo de retirar la inmunidad a Carles Puigdemont.\" \/>\n<meta name=\"robots\" content=\"index, follow, max-snippet:-1, max-image-preview:large, max-video-preview:-1\" \/>\n<link rel=\"canonical\" href=\"https:\/\/influenzespain.com\/es\/entrevista-dolors-montserrat-portavoz-pp-europa\/\" \/>\n<meta property=\"og:locale\" content=\"es_ES\" \/>\n<meta property=\"og:type\" content=\"article\" \/>\n<meta property=\"og:title\" content=\"Entrevista a Dolors Montserrat, portavoz del PP en el Parlamento Europeo\" \/>\n<meta property=\"og:description\" content=\"Dolors Montserrat habla con Federico Quevedo de la decisi\u00f3n del Parlamento Europeo de retirar la inmunidad a Carles Puigdemont.\" \/>\n<meta property=\"og:url\" content=\"https:\/\/influenzespain.com\/es\/entrevista-dolors-montserrat-portavoz-pp-europa\/\" \/>\n<meta property=\"og:site_name\" content=\"Influence Spain | Consultor\u00eda de asuntos p\u00fablicos y lobbying\" \/>\n<meta property=\"article:published_time\" content=\"2021-03-09T11:12:00+00:00\" \/>\n<meta property=\"article:modified_time\" content=\"2021-03-12T11:41:32+00:00\" \/>\n<meta property=\"og:image\" content=\"https:\/\/influenzespain.com\/wp-content\/uploads\/2021\/03\/090321_DolorsMontserrat_PPEuropa.jpg\" \/>\n\t<meta property=\"og:image:width\" content=\"652\" \/>\n\t<meta property=\"og:image:height\" content=\"408\" \/>\n\t<meta property=\"og:image:type\" content=\"image\/jpeg\" \/>\n<meta name=\"author\" content=\"InFluenze Spain\" \/>\n<meta name=\"twitter:card\" content=\"summary_large_image\" \/>\n<meta name=\"twitter:title\" content=\"Entrevista a Dolors Montserrat, portavoz del PP en el Parlamento Europeo\" \/>\n<meta name=\"twitter:description\" content=\"Dolors Montserrat habla con Federico Quevedo de la decisi\u00f3n del Parlamento Europeo de retirar la inmunidad a Carles Puigdemont.\" \/>\n<meta name=\"twitter:image\" content=\"https:\/\/influenzespain.com\/wp-content\/uploads\/2021\/03\/090321_DolorsMontserrat_PPEuropa.jpg\" \/>\n<meta name=\"twitter:creator\" content=\"@InFluenceSpain\" \/>\n<meta name=\"twitter:site\" content=\"@InFluenceSpain\" \/>\n<meta name=\"twitter:label1\" content=\"Escrito por\" \/>\n\t<meta name=\"twitter:data1\" content=\"InFluenze Spain\" \/>\n\t<meta name=\"twitter:label2\" content=\"Tiempo de lectura\" \/>\n\t<meta name=\"twitter:data2\" content=\"2 minutos\" \/>\n<script type=\"application\/ld+json\" class=\"yoast-schema-graph\">{\"@context\":\"https:\\\/\\\/schema.org\",\"@graph\":[{\"@type\":\"Article\",\"@id\":\"https:\\\/\\\/influenzespain.com\\\/es\\\/entrevista-dolors-montserrat-portavoz-pp-europa\\\/#article\",\"isPartOf\":{\"@id\":\"https:\\\/\\\/influenzespain.com\\\/es\\\/entrevista-dolors-montserrat-portavoz-pp-europa\\\/\"},\"author\":{\"name\":\"InFluenze Spain\",\"@id\":\"https:\\\/\\\/influenzespain.com\\\/#\\\/schema\\\/person\\\/db6f35f53d1c4f87e1118e7aa76dcc1d\"},\"headline\":\"Entrevista a Dolors Montserrat, portavoz del PP en el Parlamento Europeo\",\"datePublished\":\"2021-03-09T11:12:00+00:00\",\"dateModified\":\"2021-03-12T11:41:32+00:00\",\"mainEntityOfPage\":{\"@id\":\"https:\\\/\\\/influenzespain.com\\\/es\\\/entrevista-dolors-montserrat-portavoz-pp-europa\\\/\"},\"wordCount\":355,\"publisher\":{\"@id\":\"https:\\\/\\\/influenzespain.com\\\/#organization\"},\"image\":{\"@id\":\"https:\\\/\\\/influenzespain.com\\\/es\\\/entrevista-dolors-montserrat-portavoz-pp-europa\\\/#primaryimage\"},\"thumbnailUrl\":\"https:\\\/\\\/influenzespain.com\\\/wp-content\\\/uploads\\\/2021\\\/03\\\/090321_DolorsMontserrat_PPEuropa.jpg\",\"keywords\":[\"Actualidad Pol\u00edtica\",\"Carles Puigdemont\",\"Dolors Montserrat\",\"Fondos Europeos\",\"Parlamento Europeo\",\"Partido Popular\"],\"articleSection\":[\"Actualidad Pol\u00edtica\"],\"inLanguage\":\"es\"},{\"@type\":\"WebPage\",\"@id\":\"https:\\\/\\\/influenzespain.com\\\/es\\\/entrevista-dolors-montserrat-portavoz-pp-europa\\\/\",\"url\":\"https:\\\/\\\/influenzespain.com\\\/es\\\/entrevista-dolors-montserrat-portavoz-pp-europa\\\/\",\"name\":\"Entrevista a Dolors Montserrat, portavoz del PP en el Parlamento Europeo - Influence Spain | Consultor\u00eda de asuntos p\u00fablicos y lobbying\",\"isPartOf\":{\"@id\":\"https:\\\/\\\/influenzespain.com\\\/#website\"},\"primaryImageOfPage\":{\"@id\":\"https:\\\/\\\/influenzespain.com\\\/es\\\/entrevista-dolors-montserrat-portavoz-pp-europa\\\/#primaryimage\"},\"image\":{\"@id\":\"https:\\\/\\\/influenzespain.com\\\/es\\\/entrevista-dolors-montserrat-portavoz-pp-europa\\\/#primaryimage\"},\"thumbnailUrl\":\"https:\\\/\\\/influenzespain.com\\\/wp-content\\\/uploads\\\/2021\\\/03\\\/090321_DolorsMontserrat_PPEuropa.jpg\",\"datePublished\":\"2021-03-09T11:12:00+00:00\",\"dateModified\":\"2021-03-12T11:41:32+00:00\",\"description\":\"Dolors Montserrat habla con Federico Quevedo de la decisi\u00f3n del Parlamento Europeo de retirar la inmunidad a Carles Puigdemont.\",\"breadcrumb\":{\"@id\":\"https:\\\/\\\/influenzespain.com\\\/es\\\/entrevista-dolors-montserrat-portavoz-pp-europa\\\/#breadcrumb\"},\"inLanguage\":\"es\",\"potentialAction\":[{\"@type\":\"ReadAction\",\"target\":[\"https:\\\/\\\/influenzespain.com\\\/es\\\/entrevista-dolors-montserrat-portavoz-pp-europa\\\/\"]}]},{\"@type\":\"ImageObject\",\"inLanguage\":\"es\",\"@id\":\"https:\\\/\\\/influenzespain.com\\\/es\\\/entrevista-dolors-montserrat-portavoz-pp-europa\\\/#primaryimage\",\"url\":\"https:\\\/\\\/influenzespain.com\\\/wp-content\\\/uploads\\\/2021\\\/03\\\/090321_DolorsMontserrat_PPEuropa.jpg\",\"contentUrl\":\"https:\\\/\\\/influenzespain.com\\\/wp-content\\\/uploads\\\/2021\\\/03\\\/090321_DolorsMontserrat_PPEuropa.jpg\",\"width\":652,\"height\":408,\"caption\":\"Dolors Montserrat portavoz del PP en el Parlamento Europeo\"},{\"@type\":\"BreadcrumbList\",\"@id\":\"https:\\\/\\\/influenzespain.com\\\/es\\\/entrevista-dolors-montserrat-portavoz-pp-europa\\\/#breadcrumb\",\"itemListElement\":[{\"@type\":\"ListItem\",\"position\":1,\"name\":\"Portada\",\"item\":\"https:\\\/\\\/influenzespain.com\\\/\"},{\"@type\":\"ListItem\",\"position\":2,\"name\":\"Entrevista a Dolors Montserrat, portavoz del PP en el Parlamento Europeo\"}]},{\"@type\":\"WebSite\",\"@id\":\"https:\\\/\\\/influenzespain.com\\\/#website\",\"url\":\"https:\\\/\\\/influenzespain.com\\\/\",\"name\":\"Influence Spain | Consultor\u00eda de asuntos p\u00fablicos y lobbying\",\"description\":\"La consultor\u00eda de Asuntos P\u00fablicos y Lobbying pionera de Espa\u00f1a\",\"publisher\":{\"@id\":\"https:\\\/\\\/influenzespain.com\\\/#organization\"},\"potentialAction\":[{\"@type\":\"SearchAction\",\"target\":{\"@type\":\"EntryPoint\",\"urlTemplate\":\"https:\\\/\\\/influenzespain.com\\\/?s={search_term_string}\"},\"query-input\":{\"@type\":\"PropertyValueSpecification\",\"valueRequired\":true,\"valueName\":\"search_term_string\"}}],\"inLanguage\":\"es\"},{\"@type\":\"Organization\",\"@id\":\"https:\\\/\\\/influenzespain.com\\\/#organization\",\"name\":\"InFluenceSpain\",\"url\":\"https:\\\/\\\/influenzespain.com\\\/\",\"logo\":{\"@type\":\"ImageObject\",\"inLanguage\":\"es\",\"@id\":\"https:\\\/\\\/influenzespain.com\\\/#\\\/schema\\\/logo\\\/image\\\/\",\"url\":\"https:\\\/\\\/influenzespain.com\\\/wp-content\\\/uploads\\\/2020\\\/12\\\/logo-influence-spain-lobby-consultoria-asuntos-publicos-275.jpg\",\"contentUrl\":\"https:\\\/\\\/influenzespain.com\\\/wp-content\\\/uploads\\\/2020\\\/12\\\/logo-influence-spain-lobby-consultoria-asuntos-publicos-275.jpg\",\"width\":275,\"height\":65,\"caption\":\"InFluenceSpain\"},\"image\":{\"@id\":\"https:\\\/\\\/influenzespain.com\\\/#\\\/schema\\\/logo\\\/image\\\/\"},\"sameAs\":[\"https:\\\/\\\/x.com\\\/InFluenceSpain\",\"https:\\\/\\\/www.linkedin.com\\\/company\\\/influencespain\\\/\"]},{\"@type\":\"Person\",\"@id\":\"https:\\\/\\\/influenzespain.com\\\/#\\\/schema\\\/person\\\/db6f35f53d1c4f87e1118e7aa76dcc1d\",\"name\":\"InFluenze Spain\",\"image\":{\"@type\":\"ImageObject\",\"inLanguage\":\"es\",\"@id\":\"https:\\\/\\\/secure.gravatar.com\\\/avatar\\\/e3437bffd9df1ea898c2fce9ad5070358be5f16f1bb22c8e00e1cc0d9d9d1f59?s=96&d=mm&r=g\",\"url\":\"https:\\\/\\\/secure.gravatar.com\\\/avatar\\\/e3437bffd9df1ea898c2fce9ad5070358be5f16f1bb22c8e00e1cc0d9d9d1f59?s=96&d=mm&r=g\",\"contentUrl\":\"https:\\\/\\\/secure.gravatar.com\\\/avatar\\\/e3437bffd9df1ea898c2fce9ad5070358be5f16f1bb22c8e00e1cc0d9d9d1f59?s=96&d=mm&r=g\",\"caption\":\"InFluenze Spain\"},\"sameAs\":[\"https:\\\/\\\/influenzespain.com\"],\"url\":\"https:\\\/\\\/influenzespain.com\\\/es\\\/author\\\/admin_influence\\\/\"}]}<\/script>\n<!-- \/ Yoast SEO plugin. -->","yoast_head_json":{"title":"Entrevista a Dolors Montserrat, portavoz del PP en el Parlamento Europeo - Influence Spain | Consultor\u00eda de asuntos p\u00fablicos y lobbying","description":"Dolors Montserrat habla con Federico Quevedo de la decisi\u00f3n del Parlamento Europeo de retirar la inmunidad a Carles Puigdemont.","robots":{"index":"index","follow":"follow","max-snippet":"max-snippet:-1","max-image-preview":"max-image-preview:large","max-video-preview":"max-video-preview:-1"},"canonical":"https:\/\/influenzespain.com\/es\/entrevista-dolors-montserrat-portavoz-pp-europa\/","og_locale":"es_ES","og_type":"article","og_title":"Entrevista a Dolors Montserrat, portavoz del PP en el Parlamento Europeo","og_description":"Dolors Montserrat habla con Federico Quevedo de la decisi\u00f3n del Parlamento Europeo de retirar la inmunidad a Carles Puigdemont.","og_url":"https:\/\/influenzespain.com\/es\/entrevista-dolors-montserrat-portavoz-pp-europa\/","og_site_name":"Influence Spain | Consultor\u00eda de asuntos p\u00fablicos y lobbying","article_published_time":"2021-03-09T11:12:00+00:00","article_modified_time":"2021-03-12T11:41:32+00:00","og_image":[{"width":652,"height":408,"url":"https:\/\/influenzespain.com\/wp-content\/uploads\/2021\/03\/090321_DolorsMontserrat_PPEuropa.jpg","type":"image\/jpeg"}],"author":"InFluenze Spain","twitter_card":"summary_large_image","twitter_title":"Entrevista a Dolors Montserrat, portavoz del PP en el Parlamento Europeo","twitter_description":"Dolors Montserrat habla con Federico Quevedo de la decisi\u00f3n del Parlamento Europeo de retirar la inmunidad a Carles Puigdemont.","twitter_image":"https:\/\/influenzespain.com\/wp-content\/uploads\/2021\/03\/090321_DolorsMontserrat_PPEuropa.jpg","twitter_creator":"@InFluenceSpain","twitter_site":"@InFluenceSpain","twitter_misc":{"Escrito por":"InFluenze Spain","Tiempo de lectura":"2 minutos"},"schema":{"@context":"https:\/\/schema.org","@graph":[{"@type":"Article","@id":"https:\/\/influenzespain.com\/es\/entrevista-dolors-montserrat-portavoz-pp-europa\/#article","isPartOf":{"@id":"https:\/\/influenzespain.com\/es\/entrevista-dolors-montserrat-portavoz-pp-europa\/"},"author":{"name":"InFluenze Spain","@id":"https:\/\/influenzespain.com\/#\/schema\/person\/db6f35f53d1c4f87e1118e7aa76dcc1d"},"headline":"Entrevista a Dolors Montserrat, portavoz del PP en el Parlamento Europeo","datePublished":"2021-03-09T11:12:00+00:00","dateModified":"2021-03-12T11:41:32+00:00","mainEntityOfPage":{"@id":"https:\/\/influenzespain.com\/es\/entrevista-dolors-montserrat-portavoz-pp-europa\/"},"wordCount":355,"publisher":{"@id":"https:\/\/influenzespain.com\/#organization"},"image":{"@id":"https:\/\/influenzespain.com\/es\/entrevista-dolors-montserrat-portavoz-pp-europa\/#primaryimage"},"thumbnailUrl":"https:\/\/influenzespain.com\/wp-content\/uploads\/2021\/03\/090321_DolorsMontserrat_PPEuropa.jpg","keywords":["Actualidad Pol\u00edtica","Carles Puigdemont","Dolors Montserrat","Fondos Europeos","Parlamento Europeo","Partido Popular"],"articleSection":["Actualidad Pol\u00edtica"],"inLanguage":"es"},{"@type":"WebPage","@id":"https:\/\/influenzespain.com\/es\/entrevista-dolors-montserrat-portavoz-pp-europa\/","url":"https:\/\/influenzespain.com\/es\/entrevista-dolors-montserrat-portavoz-pp-europa\/","name":"Entrevista a Dolors Montserrat, portavoz del PP en el Parlamento Europeo - Influence Spain | Consultor\u00eda de asuntos p\u00fablicos y lobbying","isPartOf":{"@id":"https:\/\/influenzespain.com\/#website"},"primaryImageOfPage":{"@id":"https:\/\/influenzespain.com\/es\/entrevista-dolors-montserrat-portavoz-pp-europa\/#primaryimage"},"image":{"@id":"https:\/\/influenzespain.com\/es\/entrevista-dolors-montserrat-portavoz-pp-europa\/#primaryimage"},"thumbnailUrl":"https:\/\/influenzespain.com\/wp-content\/uploads\/2021\/03\/090321_DolorsMontserrat_PPEuropa.jpg","datePublished":"2021-03-09T11:12:00+00:00","dateModified":"2021-03-12T11:41:32+00:00","description":"Dolors Montserrat habla con Federico Quevedo de la decisi\u00f3n del Parlamento Europeo de retirar la inmunidad a Carles Puigdemont.","breadcrumb":{"@id":"https:\/\/influenzespain.com\/es\/entrevista-dolors-montserrat-portavoz-pp-europa\/#breadcrumb"},"inLanguage":"es","potentialAction":[{"@type":"ReadAction","target":["https:\/\/influenzespain.com\/es\/entrevista-dolors-montserrat-portavoz-pp-europa\/"]}]},{"@type":"ImageObject","inLanguage":"es","@id":"https:\/\/influenzespain.com\/es\/entrevista-dolors-montserrat-portavoz-pp-europa\/#primaryimage","url":"https:\/\/influenzespain.com\/wp-content\/uploads\/2021\/03\/090321_DolorsMontserrat_PPEuropa.jpg","contentUrl":"https:\/\/influenzespain.com\/wp-content\/uploads\/2021\/03\/090321_DolorsMontserrat_PPEuropa.jpg","width":652,"height":408,"caption":"Dolors Montserrat portavoz del PP en el Parlamento Europeo"},{"@type":"BreadcrumbList","@id":"https:\/\/influenzespain.com\/es\/entrevista-dolors-montserrat-portavoz-pp-europa\/#breadcrumb","itemListElement":[{"@type":"ListItem","position":1,"name":"Portada","item":"https:\/\/influenzespain.com\/"},{"@type":"ListItem","position":2,"name":"Entrevista a Dolors Montserrat, portavoz del PP en el Parlamento Europeo"}]},{"@type":"WebSite","@id":"https:\/\/influenzespain.com\/#website","url":"https:\/\/influenzespain.com\/","name":"Influence Spain | Consultor\u00eda de asuntos p\u00fablicos y lobbying","description":"La consultor\u00eda de Asuntos P\u00fablicos y Lobbying pionera de Espa\u00f1a","publisher":{"@id":"https:\/\/influenzespain.com\/#organization"},"potentialAction":[{"@type":"SearchAction","target":{"@type":"EntryPoint","urlTemplate":"https:\/\/influenzespain.com\/?s={search_term_string}"},"query-input":{"@type":"PropertyValueSpecification","valueRequired":true,"valueName":"search_term_string"}}],"inLanguage":"es"},{"@type":"Organization","@id":"https:\/\/influenzespain.com\/#organization","name":"InFluenceSpain","url":"https:\/\/influenzespain.com\/","logo":{"@type":"ImageObject","inLanguage":"es","@id":"https:\/\/influenzespain.com\/#\/schema\/logo\/image\/","url":"https:\/\/influenzespain.com\/wp-content\/uploads\/2020\/12\/logo-influence-spain-lobby-consultoria-asuntos-publicos-275.jpg","contentUrl":"https:\/\/influenzespain.com\/wp-content\/uploads\/2020\/12\/logo-influence-spain-lobby-consultoria-asuntos-publicos-275.jpg","width":275,"height":65,"caption":"InFluenceSpain"},"image":{"@id":"https:\/\/influenzespain.com\/#\/schema\/logo\/image\/"},"sameAs":["https:\/\/x.com\/InFluenceSpain","https:\/\/www.linkedin.com\/company\/influencespain\/"]},{"@type":"Person","@id":"https:\/\/influenzespain.com\/#\/schema\/person\/db6f35f53d1c4f87e1118e7aa76dcc1d","name":"InFluenze Spain","image":{"@type":"ImageObject","inLanguage":"es","@id":"https:\/\/secure.gravatar.com\/avatar\/e3437bffd9df1ea898c2fce9ad5070358be5f16f1bb22c8e00e1cc0d9d9d1f59?s=96&d=mm&r=g","url":"https:\/\/secure.gravatar.com\/avatar\/e3437bffd9df1ea898c2fce9ad5070358be5f16f1bb22c8e00e1cc0d9d9d1f59?s=96&d=mm&r=g","contentUrl":"https:\/\/secure.gravatar.com\/avatar\/e3437bffd9df1ea898c2fce9ad5070358be5f16f1bb22c8e00e1cc0d9d9d1f59?s=96&d=mm&r=g","caption":"InFluenze Spain"},"sameAs":["https:\/\/influenzespain.com"],"url":"https:\/\/influenzespain.com\/es\/author\/admin_influence\/"}]}},"_links":{"self":[{"href":"https:\/\/influenzespain.com\/es\/wp-json\/wp\/v2\/posts\/1131","targetHints":{"allow":["GET"]}}],"collection":[{"href":"https:\/\/influenzespain.com\/es\/wp-json\/wp\/v2\/posts"}],"about":[{"href":"https:\/\/influenzespain.com\/es\/wp-json\/wp\/v2\/types\/post"}],"author":[{"embeddable":true,"href":"https:\/\/influenzespain.com\/es\/wp-json\/wp\/v2\/users\/2"}],"replies":[{"embeddable":true,"href":"https:\/\/influenzespain.com\/es\/wp-json\/wp\/v2\/comments?post=1131"}],"version-history":[{"count":1,"href":"https:\/\/influenzespain.com\/es\/wp-json\/wp\/v2\/posts\/1131\/revisions"}],"predecessor-version":[{"id":1136,"href":"https:\/\/influenzespain.com\/es\/wp-json\/wp\/v2\/posts\/1131\/revisions\/1136"}],"wp:featuredmedia":[{"embeddable":true,"href":"https:\/\/influenzespain.com\/es\/wp-json\/wp\/v2\/media\/1134"}],"wp:attachment":[{"href":"https:\/\/influenzespain.com\/es\/wp-json\/wp\/v2\/media?parent=1131"}],"wp:term":[{"taxonomy":"category","embeddable":true,"href":"https:\/\/influenzespain.com\/es\/wp-json\/wp\/v2\/categories?post=1131"},{"taxonomy":"post_tag","embeddable":true,"href":"https:\/\/influenzespain.com\/es\/wp-json\/wp\/v2\/tags?post=1131"}],"curies":[{"name":"wp","href":"https:\/\/api.w.org\/{rel}","templated":true}]}}