{"id":1173,"date":"2021-03-23T10:37:00","date_gmt":"2021-03-23T10:37:00","guid":{"rendered":"https:\/\/influencespain.com\/?p=1173"},"modified":"2021-03-25T11:12:03","modified_gmt":"2021-03-25T11:12:03","slug":"entrevista-rosa-estaras-eurodiputada-pp","status":"publish","type":"post","link":"https:\/\/influenzespain.com\/es\/entrevista-rosa-estaras-eurodiputada-pp\/","title":{"rendered":"Entrevista a Rosa Estar\u00e1s, eurodiputada del Partido Popular"},"content":{"rendered":"\n<p>Esta semana la Comisi\u00f3n de Peticiones de la Euroc\u00e1mara ha debatido la nueva Ley de Educaci\u00f3n de Espa\u00f1a, conocida como la Ley Cel\u00e0a. Este debate se lleva a cabo por las denuncias de asociaciones y plataformas educativas que han hecho llegar a organismos europeos. <a href=\"https:\/\/www.europarl.europa.eu\/meps\/es\/96811\/ROSA_ESTARAS+FERRAGUT\/home\">Rosa Estar\u00e1s<\/a>, eurodiputada del Partido Popular, estuvo en este debate y explica en El Balance de <a href=\"https:\/\/influenzespain.com\/equipo\/\">Federico Quevedo<\/a>, los principales puntos de discusi\u00f3n.<\/p>\n\n\n\n<p>Las conversaciones, seg\u00fan la diputada, fueron muy intensas con la participaci\u00f3n de hasta cinco plataformas relacionadas con la educaci\u00f3n. Estas plataformas solicitaban, entre otras cuestiones, pluralismo y libertad de elecci\u00f3n de centros. Adem\u00e1s, la eurodiputada a\u00f1ade que esta ley se empez\u00f3 a tramitar en pandemia sin participaci\u00f3n de la comunidad educativa y expertos: <em>\u201cse ha hecho a espaldas del sentido com\u00fan\u201d.<\/em><\/p>\n\n\n\n<h3 class=\"wp-block-heading\">Centros de educaci\u00f3n especial<\/h3>\n\n\n\n<p>Sobre los centros de educaci\u00f3n especial, un tema muy presente en el debate de esta ley, Rosa Estar\u00e1s ha defendido la inclusi\u00f3n con la permanencia de estas escuelas. <em>\u201cLo que prima es el inter\u00e9s del ni\u00f1o y habr\u00e1 algunos que podr\u00e1n ir a la escuela ordinaria y otros que no\u201d<\/em>, afirm\u00f3 Rosa Estar\u00e1s.<\/p>\n\n\n\n<p><strong>Escuche la entrevista completa en el siguiente audio:<\/strong><\/p>\n\n\n\n<figure class=\"wp-block-audio\"><audio controls src=\"https:\/\/influenzespain.com\/wp-content\/uploads\/2021\/03\/230321_RosaEstaras_EurodiputadaPP.mp3\"><\/audio><figcaption>Entrevista completa a Rosa Estar\u00e1s, eurodiputada del Partido Popular.<\/figcaption><\/figure>\n\n\n\n<p class=\"has-text-align-center\"><em>A trav\u00e9s de \u2018El Balance\u2019, programa de Federico Quevedo en Capital Radio, <a href=\"https:\/\/influenzespain.com\/\">Influence Spain<\/a> logra ampliar su red de contactos dentro del espectro estatal, auton\u00f3mico y municipal.<\/em><\/p>\n","protected":false},"excerpt":{"rendered":"<p>Esta semana la Comisi\u00f3n de Peticiones de la Euroc\u00e1mara ha debatido la nueva Ley de Educaci\u00f3n de Espa\u00f1a, conocida como la Ley Cel\u00e0a. Este debate se lleva a cabo por las denuncias de asociaciones y plataformas educativas que han hecho llegar a organismos europeos. Rosa Estar\u00e1s, eurodiputada del Partido Popular, estuvo en este debate y [&hellip;]<\/p>\n","protected":false},"author":2,"featured_media":1176,"comment_status":"closed","ping_status":"open","sticky":false,"template":"","format":"standard","meta":{"footnotes":""},"categories":[16],"tags":[190,188,189,186,187,62,191],"class_list":["post-1173","post","type-post","status-publish","format-standard","has-post-thumbnail","hentry","category-actualidad-politica","tag-bruselas","tag-espana","tag-eurocamara","tag-ley-celaa","tag-ley-de-educacion","tag-partido-popular","tag-rosa-estaras"],"yoast_head":"<!-- This site is optimized with the Yoast SEO plugin v27.4 - https:\/\/yoast.com\/product\/yoast-seo-wordpress\/ -->\n<title>Entrevista a Rosa Estar\u00e1s, eurodiputada del Partido Popular - Influence Spain | Consultor\u00eda de asuntos p\u00fablicos y lobbying<\/title>\n<meta name=\"description\" content=\"La eurodiputada del PP, Rosa Estar\u00e1s, habla en El Balance sobre el debate en la Euroc\u00e1mara de la futura Ley de Educaci\u00f3n espa\u00f1ola.\" \/>\n<meta name=\"robots\" content=\"index, follow, max-snippet:-1, max-image-preview:large, max-video-preview:-1\" \/>\n<link rel=\"canonical\" href=\"https:\/\/influenzespain.com\/es\/entrevista-rosa-estaras-eurodiputada-pp\/\" \/>\n<meta property=\"og:locale\" content=\"es_ES\" \/>\n<meta property=\"og:type\" content=\"article\" \/>\n<meta property=\"og:title\" content=\"Entrevista a Rosa Estar\u00e1s, eurodiputada del PP\" \/>\n<meta property=\"og:description\" content=\"La eurodiputada del PP, Rosa Estar\u00e1s, habla en El Balance sobre el debate en la Euroc\u00e1mara de la futura Ley de Educaci\u00f3n espa\u00f1ola.\" \/>\n<meta property=\"og:url\" content=\"https:\/\/influenzespain.com\/es\/entrevista-rosa-estaras-eurodiputada-pp\/\" \/>\n<meta property=\"og:site_name\" content=\"Influence Spain | Consultor\u00eda de asuntos p\u00fablicos y lobbying\" \/>\n<meta property=\"article:published_time\" content=\"2021-03-23T10:37:00+00:00\" \/>\n<meta property=\"article:modified_time\" content=\"2021-03-25T11:12:03+00:00\" \/>\n<meta property=\"og:image\" content=\"https:\/\/influenzespain.com\/wp-content\/uploads\/2021\/03\/230321_RosaEstaras_EurodiputadaPP.jpg\" \/>\n\t<meta property=\"og:image:width\" content=\"840\" \/>\n\t<meta property=\"og:image:height\" content=\"560\" \/>\n\t<meta property=\"og:image:type\" content=\"image\/jpeg\" \/>\n<meta name=\"author\" content=\"InFluenze Spain\" \/>\n<meta name=\"twitter:card\" content=\"summary_large_image\" \/>\n<meta name=\"twitter:title\" content=\"Entrevista a Rosa Estar\u00e1s, eurodiputada del PP\" \/>\n<meta name=\"twitter:description\" content=\"La eurodiputada del PP, Rosa Estar\u00e1s, habla en El Balance sobre el debate en la Euroc\u00e1mara de la futura Ley de Educaci\u00f3n espa\u00f1ola.\" \/>\n<meta name=\"twitter:image\" content=\"https:\/\/influenzespain.com\/wp-content\/uploads\/2021\/03\/230321_RosaEstaras_EurodiputadaPP.jpg\" \/>\n<meta name=\"twitter:creator\" content=\"@InFluenceSpain\" \/>\n<meta name=\"twitter:site\" content=\"@InFluenceSpain\" \/>\n<meta name=\"twitter:label1\" content=\"Escrito por\" \/>\n\t<meta name=\"twitter:data1\" content=\"InFluenze Spain\" \/>\n\t<meta name=\"twitter:label2\" content=\"Tiempo de lectura\" \/>\n\t<meta name=\"twitter:data2\" content=\"2 minutos\" \/>\n<script type=\"application\/ld+json\" class=\"yoast-schema-graph\">{\"@context\":\"https:\\\/\\\/schema.org\",\"@graph\":[{\"@type\":\"Article\",\"@id\":\"https:\\\/\\\/influenzespain.com\\\/es\\\/entrevista-rosa-estaras-eurodiputada-pp\\\/#article\",\"isPartOf\":{\"@id\":\"https:\\\/\\\/influenzespain.com\\\/es\\\/entrevista-rosa-estaras-eurodiputada-pp\\\/\"},\"author\":{\"name\":\"InFluenze Spain\",\"@id\":\"https:\\\/\\\/influenzespain.com\\\/#\\\/schema\\\/person\\\/db6f35f53d1c4f87e1118e7aa76dcc1d\"},\"headline\":\"Entrevista a Rosa Estar\u00e1s, eurodiputada del Partido Popular\",\"datePublished\":\"2021-03-23T10:37:00+00:00\",\"dateModified\":\"2021-03-25T11:12:03+00:00\",\"mainEntityOfPage\":{\"@id\":\"https:\\\/\\\/influenzespain.com\\\/es\\\/entrevista-rosa-estaras-eurodiputada-pp\\\/\"},\"wordCount\":264,\"publisher\":{\"@id\":\"https:\\\/\\\/influenzespain.com\\\/#organization\"},\"image\":{\"@id\":\"https:\\\/\\\/influenzespain.com\\\/es\\\/entrevista-rosa-estaras-eurodiputada-pp\\\/#primaryimage\"},\"thumbnailUrl\":\"https:\\\/\\\/influenzespain.com\\\/wp-content\\\/uploads\\\/2021\\\/03\\\/230321_RosaEstaras_EurodiputadaPP.jpg\",\"keywords\":[\"Bruselas\",\"Espa\u00f1a\",\"Euroc\u00e1mara\",\"Ley Cel\u00e0a\",\"Ley de Educaci\u00f3n\",\"Partido Popular\",\"Rosa Estar\u00e1s\"],\"articleSection\":[\"Actualidad Pol\u00edtica\"],\"inLanguage\":\"es\"},{\"@type\":\"WebPage\",\"@id\":\"https:\\\/\\\/influenzespain.com\\\/es\\\/entrevista-rosa-estaras-eurodiputada-pp\\\/\",\"url\":\"https:\\\/\\\/influenzespain.com\\\/es\\\/entrevista-rosa-estaras-eurodiputada-pp\\\/\",\"name\":\"Entrevista a Rosa Estar\u00e1s, eurodiputada del Partido Popular - Influence Spain | Consultor\u00eda de asuntos p\u00fablicos y lobbying\",\"isPartOf\":{\"@id\":\"https:\\\/\\\/influenzespain.com\\\/#website\"},\"primaryImageOfPage\":{\"@id\":\"https:\\\/\\\/influenzespain.com\\\/es\\\/entrevista-rosa-estaras-eurodiputada-pp\\\/#primaryimage\"},\"image\":{\"@id\":\"https:\\\/\\\/influenzespain.com\\\/es\\\/entrevista-rosa-estaras-eurodiputada-pp\\\/#primaryimage\"},\"thumbnailUrl\":\"https:\\\/\\\/influenzespain.com\\\/wp-content\\\/uploads\\\/2021\\\/03\\\/230321_RosaEstaras_EurodiputadaPP.jpg\",\"datePublished\":\"2021-03-23T10:37:00+00:00\",\"dateModified\":\"2021-03-25T11:12:03+00:00\",\"description\":\"La eurodiputada del PP, Rosa Estar\u00e1s, habla en El Balance sobre el debate en la Euroc\u00e1mara de la futura Ley de Educaci\u00f3n espa\u00f1ola.\",\"breadcrumb\":{\"@id\":\"https:\\\/\\\/influenzespain.com\\\/es\\\/entrevista-rosa-estaras-eurodiputada-pp\\\/#breadcrumb\"},\"inLanguage\":\"es\",\"potentialAction\":[{\"@type\":\"ReadAction\",\"target\":[\"https:\\\/\\\/influenzespain.com\\\/es\\\/entrevista-rosa-estaras-eurodiputada-pp\\\/\"]}]},{\"@type\":\"ImageObject\",\"inLanguage\":\"es\",\"@id\":\"https:\\\/\\\/influenzespain.com\\\/es\\\/entrevista-rosa-estaras-eurodiputada-pp\\\/#primaryimage\",\"url\":\"https:\\\/\\\/influenzespain.com\\\/wp-content\\\/uploads\\\/2021\\\/03\\\/230321_RosaEstaras_EurodiputadaPP.jpg\",\"contentUrl\":\"https:\\\/\\\/influenzespain.com\\\/wp-content\\\/uploads\\\/2021\\\/03\\\/230321_RosaEstaras_EurodiputadaPP.jpg\",\"width\":840,\"height\":560,\"caption\":\"Rosa Estar\u00e1s eurodiputada del Partido Popular en rueda de prensa\"},{\"@type\":\"BreadcrumbList\",\"@id\":\"https:\\\/\\\/influenzespain.com\\\/es\\\/entrevista-rosa-estaras-eurodiputada-pp\\\/#breadcrumb\",\"itemListElement\":[{\"@type\":\"ListItem\",\"position\":1,\"name\":\"Portada\",\"item\":\"https:\\\/\\\/influenzespain.com\\\/\"},{\"@type\":\"ListItem\",\"position\":2,\"name\":\"Entrevista a Rosa Estar\u00e1s, eurodiputada del Partido Popular\"}]},{\"@type\":\"WebSite\",\"@id\":\"https:\\\/\\\/influenzespain.com\\\/#website\",\"url\":\"https:\\\/\\\/influenzespain.com\\\/\",\"name\":\"Influence Spain | Consultor\u00eda de asuntos p\u00fablicos y lobbying\",\"description\":\"La consultor\u00eda de Asuntos P\u00fablicos y Lobbying pionera de Espa\u00f1a\",\"publisher\":{\"@id\":\"https:\\\/\\\/influenzespain.com\\\/#organization\"},\"potentialAction\":[{\"@type\":\"SearchAction\",\"target\":{\"@type\":\"EntryPoint\",\"urlTemplate\":\"https:\\\/\\\/influenzespain.com\\\/?s={search_term_string}\"},\"query-input\":{\"@type\":\"PropertyValueSpecification\",\"valueRequired\":true,\"valueName\":\"search_term_string\"}}],\"inLanguage\":\"es\"},{\"@type\":\"Organization\",\"@id\":\"https:\\\/\\\/influenzespain.com\\\/#organization\",\"name\":\"InFluenceSpain\",\"url\":\"https:\\\/\\\/influenzespain.com\\\/\",\"logo\":{\"@type\":\"ImageObject\",\"inLanguage\":\"es\",\"@id\":\"https:\\\/\\\/influenzespain.com\\\/#\\\/schema\\\/logo\\\/image\\\/\",\"url\":\"https:\\\/\\\/influenzespain.com\\\/wp-content\\\/uploads\\\/2020\\\/12\\\/logo-influence-spain-lobby-consultoria-asuntos-publicos-275.jpg\",\"contentUrl\":\"https:\\\/\\\/influenzespain.com\\\/wp-content\\\/uploads\\\/2020\\\/12\\\/logo-influence-spain-lobby-consultoria-asuntos-publicos-275.jpg\",\"width\":275,\"height\":65,\"caption\":\"InFluenceSpain\"},\"image\":{\"@id\":\"https:\\\/\\\/influenzespain.com\\\/#\\\/schema\\\/logo\\\/image\\\/\"},\"sameAs\":[\"https:\\\/\\\/x.com\\\/InFluenceSpain\",\"https:\\\/\\\/www.linkedin.com\\\/company\\\/influencespain\\\/\"]},{\"@type\":\"Person\",\"@id\":\"https:\\\/\\\/influenzespain.com\\\/#\\\/schema\\\/person\\\/db6f35f53d1c4f87e1118e7aa76dcc1d\",\"name\":\"InFluenze Spain\",\"image\":{\"@type\":\"ImageObject\",\"inLanguage\":\"es\",\"@id\":\"https:\\\/\\\/secure.gravatar.com\\\/avatar\\\/e3437bffd9df1ea898c2fce9ad5070358be5f16f1bb22c8e00e1cc0d9d9d1f59?s=96&d=mm&r=g\",\"url\":\"https:\\\/\\\/secure.gravatar.com\\\/avatar\\\/e3437bffd9df1ea898c2fce9ad5070358be5f16f1bb22c8e00e1cc0d9d9d1f59?s=96&d=mm&r=g\",\"contentUrl\":\"https:\\\/\\\/secure.gravatar.com\\\/avatar\\\/e3437bffd9df1ea898c2fce9ad5070358be5f16f1bb22c8e00e1cc0d9d9d1f59?s=96&d=mm&r=g\",\"caption\":\"InFluenze Spain\"},\"sameAs\":[\"https:\\\/\\\/influenzespain.com\"],\"url\":\"https:\\\/\\\/influenzespain.com\\\/es\\\/author\\\/admin_influence\\\/\"}]}<\/script>\n<!-- \/ Yoast SEO plugin. -->","yoast_head_json":{"title":"Entrevista a Rosa Estar\u00e1s, eurodiputada del Partido Popular - Influence Spain | Consultor\u00eda de asuntos p\u00fablicos y lobbying","description":"La eurodiputada del PP, Rosa Estar\u00e1s, habla en El Balance sobre el debate en la Euroc\u00e1mara de la futura Ley de Educaci\u00f3n espa\u00f1ola.","robots":{"index":"index","follow":"follow","max-snippet":"max-snippet:-1","max-image-preview":"max-image-preview:large","max-video-preview":"max-video-preview:-1"},"canonical":"https:\/\/influenzespain.com\/es\/entrevista-rosa-estaras-eurodiputada-pp\/","og_locale":"es_ES","og_type":"article","og_title":"Entrevista a Rosa Estar\u00e1s, eurodiputada del PP","og_description":"La eurodiputada del PP, Rosa Estar\u00e1s, habla en El Balance sobre el debate en la Euroc\u00e1mara de la futura Ley de Educaci\u00f3n espa\u00f1ola.","og_url":"https:\/\/influenzespain.com\/es\/entrevista-rosa-estaras-eurodiputada-pp\/","og_site_name":"Influence Spain | Consultor\u00eda de asuntos p\u00fablicos y lobbying","article_published_time":"2021-03-23T10:37:00+00:00","article_modified_time":"2021-03-25T11:12:03+00:00","og_image":[{"width":840,"height":560,"url":"https:\/\/influenzespain.com\/wp-content\/uploads\/2021\/03\/230321_RosaEstaras_EurodiputadaPP.jpg","type":"image\/jpeg"}],"author":"InFluenze Spain","twitter_card":"summary_large_image","twitter_title":"Entrevista a Rosa Estar\u00e1s, eurodiputada del PP","twitter_description":"La eurodiputada del PP, Rosa Estar\u00e1s, habla en El Balance sobre el debate en la Euroc\u00e1mara de la futura Ley de Educaci\u00f3n espa\u00f1ola.","twitter_image":"https:\/\/influenzespain.com\/wp-content\/uploads\/2021\/03\/230321_RosaEstaras_EurodiputadaPP.jpg","twitter_creator":"@InFluenceSpain","twitter_site":"@InFluenceSpain","twitter_misc":{"Escrito por":"InFluenze Spain","Tiempo de lectura":"2 minutos"},"schema":{"@context":"https:\/\/schema.org","@graph":[{"@type":"Article","@id":"https:\/\/influenzespain.com\/es\/entrevista-rosa-estaras-eurodiputada-pp\/#article","isPartOf":{"@id":"https:\/\/influenzespain.com\/es\/entrevista-rosa-estaras-eurodiputada-pp\/"},"author":{"name":"InFluenze Spain","@id":"https:\/\/influenzespain.com\/#\/schema\/person\/db6f35f53d1c4f87e1118e7aa76dcc1d"},"headline":"Entrevista a Rosa Estar\u00e1s, eurodiputada del Partido Popular","datePublished":"2021-03-23T10:37:00+00:00","dateModified":"2021-03-25T11:12:03+00:00","mainEntityOfPage":{"@id":"https:\/\/influenzespain.com\/es\/entrevista-rosa-estaras-eurodiputada-pp\/"},"wordCount":264,"publisher":{"@id":"https:\/\/influenzespain.com\/#organization"},"image":{"@id":"https:\/\/influenzespain.com\/es\/entrevista-rosa-estaras-eurodiputada-pp\/#primaryimage"},"thumbnailUrl":"https:\/\/influenzespain.com\/wp-content\/uploads\/2021\/03\/230321_RosaEstaras_EurodiputadaPP.jpg","keywords":["Bruselas","Espa\u00f1a","Euroc\u00e1mara","Ley Cel\u00e0a","Ley de Educaci\u00f3n","Partido Popular","Rosa Estar\u00e1s"],"articleSection":["Actualidad Pol\u00edtica"],"inLanguage":"es"},{"@type":"WebPage","@id":"https:\/\/influenzespain.com\/es\/entrevista-rosa-estaras-eurodiputada-pp\/","url":"https:\/\/influenzespain.com\/es\/entrevista-rosa-estaras-eurodiputada-pp\/","name":"Entrevista a Rosa Estar\u00e1s, eurodiputada del Partido Popular - Influence Spain | Consultor\u00eda de asuntos p\u00fablicos y lobbying","isPartOf":{"@id":"https:\/\/influenzespain.com\/#website"},"primaryImageOfPage":{"@id":"https:\/\/influenzespain.com\/es\/entrevista-rosa-estaras-eurodiputada-pp\/#primaryimage"},"image":{"@id":"https:\/\/influenzespain.com\/es\/entrevista-rosa-estaras-eurodiputada-pp\/#primaryimage"},"thumbnailUrl":"https:\/\/influenzespain.com\/wp-content\/uploads\/2021\/03\/230321_RosaEstaras_EurodiputadaPP.jpg","datePublished":"2021-03-23T10:37:00+00:00","dateModified":"2021-03-25T11:12:03+00:00","description":"La eurodiputada del PP, Rosa Estar\u00e1s, habla en El Balance sobre el debate en la Euroc\u00e1mara de la futura Ley de Educaci\u00f3n espa\u00f1ola.","breadcrumb":{"@id":"https:\/\/influenzespain.com\/es\/entrevista-rosa-estaras-eurodiputada-pp\/#breadcrumb"},"inLanguage":"es","potentialAction":[{"@type":"ReadAction","target":["https:\/\/influenzespain.com\/es\/entrevista-rosa-estaras-eurodiputada-pp\/"]}]},{"@type":"ImageObject","inLanguage":"es","@id":"https:\/\/influenzespain.com\/es\/entrevista-rosa-estaras-eurodiputada-pp\/#primaryimage","url":"https:\/\/influenzespain.com\/wp-content\/uploads\/2021\/03\/230321_RosaEstaras_EurodiputadaPP.jpg","contentUrl":"https:\/\/influenzespain.com\/wp-content\/uploads\/2021\/03\/230321_RosaEstaras_EurodiputadaPP.jpg","width":840,"height":560,"caption":"Rosa Estar\u00e1s eurodiputada del Partido Popular en rueda de prensa"},{"@type":"BreadcrumbList","@id":"https:\/\/influenzespain.com\/es\/entrevista-rosa-estaras-eurodiputada-pp\/#breadcrumb","itemListElement":[{"@type":"ListItem","position":1,"name":"Portada","item":"https:\/\/influenzespain.com\/"},{"@type":"ListItem","position":2,"name":"Entrevista a Rosa Estar\u00e1s, eurodiputada del Partido Popular"}]},{"@type":"WebSite","@id":"https:\/\/influenzespain.com\/#website","url":"https:\/\/influenzespain.com\/","name":"Influence Spain | Consultor\u00eda de asuntos p\u00fablicos y lobbying","description":"La consultor\u00eda de Asuntos P\u00fablicos y Lobbying pionera de Espa\u00f1a","publisher":{"@id":"https:\/\/influenzespain.com\/#organization"},"potentialAction":[{"@type":"SearchAction","target":{"@type":"EntryPoint","urlTemplate":"https:\/\/influenzespain.com\/?s={search_term_string}"},"query-input":{"@type":"PropertyValueSpecification","valueRequired":true,"valueName":"search_term_string"}}],"inLanguage":"es"},{"@type":"Organization","@id":"https:\/\/influenzespain.com\/#organization","name":"InFluenceSpain","url":"https:\/\/influenzespain.com\/","logo":{"@type":"ImageObject","inLanguage":"es","@id":"https:\/\/influenzespain.com\/#\/schema\/logo\/image\/","url":"https:\/\/influenzespain.com\/wp-content\/uploads\/2020\/12\/logo-influence-spain-lobby-consultoria-asuntos-publicos-275.jpg","contentUrl":"https:\/\/influenzespain.com\/wp-content\/uploads\/2020\/12\/logo-influence-spain-lobby-consultoria-asuntos-publicos-275.jpg","width":275,"height":65,"caption":"InFluenceSpain"},"image":{"@id":"https:\/\/influenzespain.com\/#\/schema\/logo\/image\/"},"sameAs":["https:\/\/x.com\/InFluenceSpain","https:\/\/www.linkedin.com\/company\/influencespain\/"]},{"@type":"Person","@id":"https:\/\/influenzespain.com\/#\/schema\/person\/db6f35f53d1c4f87e1118e7aa76dcc1d","name":"InFluenze Spain","image":{"@type":"ImageObject","inLanguage":"es","@id":"https:\/\/secure.gravatar.com\/avatar\/e3437bffd9df1ea898c2fce9ad5070358be5f16f1bb22c8e00e1cc0d9d9d1f59?s=96&d=mm&r=g","url":"https:\/\/secure.gravatar.com\/avatar\/e3437bffd9df1ea898c2fce9ad5070358be5f16f1bb22c8e00e1cc0d9d9d1f59?s=96&d=mm&r=g","contentUrl":"https:\/\/secure.gravatar.com\/avatar\/e3437bffd9df1ea898c2fce9ad5070358be5f16f1bb22c8e00e1cc0d9d9d1f59?s=96&d=mm&r=g","caption":"InFluenze Spain"},"sameAs":["https:\/\/influenzespain.com"],"url":"https:\/\/influenzespain.com\/es\/author\/admin_influence\/"}]}},"_links":{"self":[{"href":"https:\/\/influenzespain.com\/es\/wp-json\/wp\/v2\/posts\/1173","targetHints":{"allow":["GET"]}}],"collection":[{"href":"https:\/\/influenzespain.com\/es\/wp-json\/wp\/v2\/posts"}],"about":[{"href":"https:\/\/influenzespain.com\/es\/wp-json\/wp\/v2\/types\/post"}],"author":[{"embeddable":true,"href":"https:\/\/influenzespain.com\/es\/wp-json\/wp\/v2\/users\/2"}],"replies":[{"embeddable":true,"href":"https:\/\/influenzespain.com\/es\/wp-json\/wp\/v2\/comments?post=1173"}],"version-history":[{"count":2,"href":"https:\/\/influenzespain.com\/es\/wp-json\/wp\/v2\/posts\/1173\/revisions"}],"predecessor-version":[{"id":1181,"href":"https:\/\/influenzespain.com\/es\/wp-json\/wp\/v2\/posts\/1173\/revisions\/1181"}],"wp:featuredmedia":[{"embeddable":true,"href":"https:\/\/influenzespain.com\/es\/wp-json\/wp\/v2\/media\/1176"}],"wp:attachment":[{"href":"https:\/\/influenzespain.com\/es\/wp-json\/wp\/v2\/media?parent=1173"}],"wp:term":[{"taxonomy":"category","embeddable":true,"href":"https:\/\/influenzespain.com\/es\/wp-json\/wp\/v2\/categories?post=1173"},{"taxonomy":"post_tag","embeddable":true,"href":"https:\/\/influenzespain.com\/es\/wp-json\/wp\/v2\/tags?post=1173"}],"curies":[{"name":"wp","href":"https:\/\/api.w.org\/{rel}","templated":true}]}}