{"id":1210,"date":"2021-03-31T11:46:00","date_gmt":"2021-03-31T11:46:00","guid":{"rendered":"https:\/\/influencespain.com\/?p=1210"},"modified":"2021-04-08T12:01:37","modified_gmt":"2021-04-08T12:01:37","slug":"entrevista-ana-camins-secretaria-general-pp-madrid-2","status":"publish","type":"post","link":"https:\/\/influenzespain.com\/es\/entrevista-ana-camins-secretaria-general-pp-madrid-2\/","title":{"rendered":"Entrevista a Ana Cam\u00edns, Secretaria General del PP de Madrid"},"content":{"rendered":"\n<p>La secretaria general del PP de Madrid habl\u00f3 con <a href=\"https:\/\/influenzespain.com\/equipo\/\">Federico Quevedo<\/a> en El Balance antes de las festividades de Semana Santa. <a href=\"https:\/\/twitter.com\/anacamins?ref_src=twsrc%5Egoogle%7Ctwcamp%5Eserp%7Ctwgr%5Eauthor\">Ana Cam\u00edns<\/a> estar\u00e1 en la lista para las e<strong>lecciones del pr\u00f3ximo 4 de Mayo<\/strong> en la Comunidad de Madrid por el Partido Popular y explica cu\u00e1les son los puntos clave de la propuesta de los populares.<\/p>\n\n\n\n<p>La secretaria general explica que el Partido Popular, frente a las maniobras de la izquierda, ha pensado primero en los ciudadanos de Madrid. Seg\u00fan ella, \u00abque los madrile\u00f1os pudieran ir a las urnas para decidir qu\u00e9 gobierno quieren en los pr\u00f3ximos dos a\u00f1os\u00bb.<\/p>\n\n\n\n<p>Ana Cam\u00edns invita a los ciudadanos a acercarse al programa del Partido Popular, que plantea, entre otras cosas, la bajada de impuestos. Sobre las ayudas directas, que el Gobierno de Isabel D\u00edaz Ayuso no ha concedido, se defiende diciendo que los comerciantes y hosteleros lo prefieren, y les dan las gracias por permitirles estar abiertos.<\/p>\n\n\n\n<p>La popular afirma que \u00abnosotros evitamos crear un problema y luego dar una paguita, como hace la izquierda\u00bb. Dice adem\u00e1s que la campa\u00f1a contra Ayuso es \u00abun relato de la batalla contra una buena gesti\u00f3n\u00bb.<\/p>\n\n\n\n<h3 class=\"wp-block-heading\">Posible pacto con Vox<\/h3>\n\n\n\n<p>Ana Cam\u00edns no descarta que Vox pueda entrar en un futuro gobierno de coalici\u00f3n en la regi\u00f3n. Explica que ellos no se ponen l\u00edneas rojas, sino que eso lo marcan los ciudadanos. Aunque s\u00ed hace un llamamiento a concentrar el voto en la lista de Ayuso, para que pueda gobernar sin ataduras.<\/p>\n\n\n\n<p>Afirma que a ellos, \u00aba paciencia no nos gana nadie\u00bb y que volver\u00e1n a negociar, como ya hicieron tras las elecciones de 2019, para conseguir formar gobierno. \u00abSomos muy capaces de sentarnos con otros partidos\u00bb que, seg\u00fan dice, han demostrado que no pueden negociar entre s\u00ed.<\/p>\n\n\n\n<p><strong>Escuche la entrevista completa en el siguiente audio:<\/strong><\/p>\n\n\n\n<figure class=\"wp-block-audio\"><audio controls src=\"https:\/\/influenzespain.com\/wp-content\/uploads\/2021\/04\/310321_AnaCamins_SecretariaGeneralPPMadrid.mp3\"><\/audio><figcaption>Entrevista completa a la secretaria general del Partido Popular en Madrid, Ana Camins.<\/figcaption><\/figure>\n\n\n\n<p class=\"has-text-align-center\"><em>A trav\u00e9s de \u2018El Balance\u2019, programa de Federico Quevedo en Capital Radio, <a href=\"https:\/\/influenzespain.com\/\">Influence Spain<\/a> logra ampliar su red de contactos dentro del espectro estatal, auton\u00f3mico y municipal.<\/em><\/p>\n","protected":false},"excerpt":{"rendered":"<p>La secretaria general del PP de Madrid habl\u00f3 con Federico Quevedo en El Balance antes de las festividades de Semana Santa. Ana Cam\u00edns estar\u00e1 en la lista para las elecciones del pr\u00f3ximo 4 de Mayo en la Comunidad de Madrid por el Partido Popular y explica cu\u00e1les son los puntos clave de la propuesta de [&hellip;]<\/p>\n","protected":false},"author":2,"featured_media":1213,"comment_status":"closed","ping_status":"open","sticky":false,"template":"","format":"standard","meta":{"footnotes":""},"categories":[16],"tags":[206,66,149,178,62],"class_list":["post-1210","post","type-post","status-publish","format-standard","has-post-thumbnail","hentry","category-actualidad-politica","tag-4m","tag-ana-camins","tag-elecciones-madrid","tag-isabel-diaz-ayuso","tag-partido-popular"],"yoast_head":"<!-- This site is optimized with the Yoast SEO plugin v27.4 - https:\/\/yoast.com\/product\/yoast-seo-wordpress\/ -->\n<title>Entrevista a Ana Cam\u00edns, Secretaria General del PP de Madrid - Influence Spain | Consultor\u00eda de asuntos p\u00fablicos y lobbying<\/title>\n<meta name=\"description\" content=\"Ana Camins habla con Federico Quevedo sobre la candidatura de D\u00edaz Ayuso para las pr\u00f3ximas elecciones del 4 de Mayo a la Comunidad de Madrid.\" \/>\n<meta name=\"robots\" content=\"index, follow, max-snippet:-1, max-image-preview:large, max-video-preview:-1\" \/>\n<link rel=\"canonical\" href=\"https:\/\/influenzespain.com\/es\/entrevista-ana-camins-secretaria-general-pp-madrid-2\/\" \/>\n<meta property=\"og:locale\" content=\"es_ES\" \/>\n<meta property=\"og:type\" content=\"article\" \/>\n<meta property=\"og:title\" content=\"Entrevista a Ana Camins, Secretaria General del PP de Madrid\" \/>\n<meta property=\"og:description\" content=\"Ana Camins habla con Federico Quevedo sobre la candidatura de D\u00edaz Ayuso para las pr\u00f3ximas elecciones del 4 de Mayo a la Comunidad de Madrid.\" \/>\n<meta property=\"og:url\" content=\"https:\/\/influenzespain.com\/es\/entrevista-ana-camins-secretaria-general-pp-madrid-2\/\" \/>\n<meta property=\"og:site_name\" content=\"Influence Spain | Consultor\u00eda de asuntos p\u00fablicos y lobbying\" \/>\n<meta property=\"article:published_time\" content=\"2021-03-31T11:46:00+00:00\" \/>\n<meta property=\"article:modified_time\" content=\"2021-04-08T12:01:37+00:00\" \/>\n<meta property=\"og:image\" content=\"https:\/\/influenzespain.com\/wp-content\/uploads\/2021\/04\/310321_AnaCamins_PPMadrid.jpg\" \/>\n\t<meta property=\"og:image:width\" content=\"798\" \/>\n\t<meta property=\"og:image:height\" content=\"573\" \/>\n\t<meta property=\"og:image:type\" content=\"image\/jpeg\" \/>\n<meta name=\"author\" content=\"InFluenze Spain\" \/>\n<meta name=\"twitter:card\" content=\"summary_large_image\" \/>\n<meta name=\"twitter:title\" content=\"Entrevista a Ana Camins, Secretaria General del PP de Madrid\" \/>\n<meta name=\"twitter:description\" content=\"Ana Camins habla con Federico Quevedo sobre la candidatura de D\u00edaz Ayuso para las pr\u00f3ximas elecciones del 4 de Mayo a la Comunidad de Madrid.\" \/>\n<meta name=\"twitter:image\" content=\"https:\/\/influenzespain.com\/wp-content\/uploads\/2021\/04\/310321_AnaCamins_PPMadrid.jpg\" \/>\n<meta name=\"twitter:creator\" content=\"@InFluenceSpain\" \/>\n<meta name=\"twitter:site\" content=\"@InFluenceSpain\" \/>\n<meta name=\"twitter:label1\" content=\"Escrito por\" \/>\n\t<meta name=\"twitter:data1\" content=\"InFluenze Spain\" \/>\n\t<meta name=\"twitter:label2\" content=\"Tiempo de lectura\" \/>\n\t<meta name=\"twitter:data2\" content=\"2 minutos\" \/>\n<script type=\"application\/ld+json\" class=\"yoast-schema-graph\">{\"@context\":\"https:\\\/\\\/schema.org\",\"@graph\":[{\"@type\":\"Article\",\"@id\":\"https:\\\/\\\/influenzespain.com\\\/es\\\/entrevista-ana-camins-secretaria-general-pp-madrid-2\\\/#article\",\"isPartOf\":{\"@id\":\"https:\\\/\\\/influenzespain.com\\\/es\\\/entrevista-ana-camins-secretaria-general-pp-madrid-2\\\/\"},\"author\":{\"name\":\"InFluenze Spain\",\"@id\":\"https:\\\/\\\/influenzespain.com\\\/#\\\/schema\\\/person\\\/db6f35f53d1c4f87e1118e7aa76dcc1d\"},\"headline\":\"Entrevista a Ana Cam\u00edns, Secretaria General del PP de Madrid\",\"datePublished\":\"2021-03-31T11:46:00+00:00\",\"dateModified\":\"2021-04-08T12:01:37+00:00\",\"mainEntityOfPage\":{\"@id\":\"https:\\\/\\\/influenzespain.com\\\/es\\\/entrevista-ana-camins-secretaria-general-pp-madrid-2\\\/\"},\"wordCount\":369,\"publisher\":{\"@id\":\"https:\\\/\\\/influenzespain.com\\\/#organization\"},\"image\":{\"@id\":\"https:\\\/\\\/influenzespain.com\\\/es\\\/entrevista-ana-camins-secretaria-general-pp-madrid-2\\\/#primaryimage\"},\"thumbnailUrl\":\"https:\\\/\\\/influenzespain.com\\\/wp-content\\\/uploads\\\/2021\\\/04\\\/310321_AnaCamins_PPMadrid.jpg\",\"keywords\":[\"4M\",\"Ana Camins\",\"Elecciones Madrid\",\"Isabel D\u00edaz Ayuso\",\"Partido Popular\"],\"articleSection\":[\"Actualidad Pol\u00edtica\"],\"inLanguage\":\"es\"},{\"@type\":\"WebPage\",\"@id\":\"https:\\\/\\\/influenzespain.com\\\/es\\\/entrevista-ana-camins-secretaria-general-pp-madrid-2\\\/\",\"url\":\"https:\\\/\\\/influenzespain.com\\\/es\\\/entrevista-ana-camins-secretaria-general-pp-madrid-2\\\/\",\"name\":\"Entrevista a Ana Cam\u00edns, Secretaria General del PP de Madrid - Influence Spain | Consultor\u00eda de asuntos p\u00fablicos y lobbying\",\"isPartOf\":{\"@id\":\"https:\\\/\\\/influenzespain.com\\\/#website\"},\"primaryImageOfPage\":{\"@id\":\"https:\\\/\\\/influenzespain.com\\\/es\\\/entrevista-ana-camins-secretaria-general-pp-madrid-2\\\/#primaryimage\"},\"image\":{\"@id\":\"https:\\\/\\\/influenzespain.com\\\/es\\\/entrevista-ana-camins-secretaria-general-pp-madrid-2\\\/#primaryimage\"},\"thumbnailUrl\":\"https:\\\/\\\/influenzespain.com\\\/wp-content\\\/uploads\\\/2021\\\/04\\\/310321_AnaCamins_PPMadrid.jpg\",\"datePublished\":\"2021-03-31T11:46:00+00:00\",\"dateModified\":\"2021-04-08T12:01:37+00:00\",\"description\":\"Ana Camins habla con Federico Quevedo sobre la candidatura de D\u00edaz Ayuso para las pr\u00f3ximas elecciones del 4 de Mayo a la Comunidad de Madrid.\",\"breadcrumb\":{\"@id\":\"https:\\\/\\\/influenzespain.com\\\/es\\\/entrevista-ana-camins-secretaria-general-pp-madrid-2\\\/#breadcrumb\"},\"inLanguage\":\"es\",\"potentialAction\":[{\"@type\":\"ReadAction\",\"target\":[\"https:\\\/\\\/influenzespain.com\\\/es\\\/entrevista-ana-camins-secretaria-general-pp-madrid-2\\\/\"]}]},{\"@type\":\"ImageObject\",\"inLanguage\":\"es\",\"@id\":\"https:\\\/\\\/influenzespain.com\\\/es\\\/entrevista-ana-camins-secretaria-general-pp-madrid-2\\\/#primaryimage\",\"url\":\"https:\\\/\\\/influenzespain.com\\\/wp-content\\\/uploads\\\/2021\\\/04\\\/310321_AnaCamins_PPMadrid.jpg\",\"contentUrl\":\"https:\\\/\\\/influenzespain.com\\\/wp-content\\\/uploads\\\/2021\\\/04\\\/310321_AnaCamins_PPMadrid.jpg\",\"width\":798,\"height\":573,\"caption\":\"Ana Camins, Secretaria General del PP en Madrid\"},{\"@type\":\"BreadcrumbList\",\"@id\":\"https:\\\/\\\/influenzespain.com\\\/es\\\/entrevista-ana-camins-secretaria-general-pp-madrid-2\\\/#breadcrumb\",\"itemListElement\":[{\"@type\":\"ListItem\",\"position\":1,\"name\":\"Portada\",\"item\":\"https:\\\/\\\/influenzespain.com\\\/\"},{\"@type\":\"ListItem\",\"position\":2,\"name\":\"Entrevista a Ana Cam\u00edns, Secretaria General del PP de Madrid\"}]},{\"@type\":\"WebSite\",\"@id\":\"https:\\\/\\\/influenzespain.com\\\/#website\",\"url\":\"https:\\\/\\\/influenzespain.com\\\/\",\"name\":\"Influence Spain | Consultor\u00eda de asuntos p\u00fablicos y lobbying\",\"description\":\"La consultor\u00eda de Asuntos P\u00fablicos y Lobbying pionera de Espa\u00f1a\",\"publisher\":{\"@id\":\"https:\\\/\\\/influenzespain.com\\\/#organization\"},\"potentialAction\":[{\"@type\":\"SearchAction\",\"target\":{\"@type\":\"EntryPoint\",\"urlTemplate\":\"https:\\\/\\\/influenzespain.com\\\/?s={search_term_string}\"},\"query-input\":{\"@type\":\"PropertyValueSpecification\",\"valueRequired\":true,\"valueName\":\"search_term_string\"}}],\"inLanguage\":\"es\"},{\"@type\":\"Organization\",\"@id\":\"https:\\\/\\\/influenzespain.com\\\/#organization\",\"name\":\"InFluenceSpain\",\"url\":\"https:\\\/\\\/influenzespain.com\\\/\",\"logo\":{\"@type\":\"ImageObject\",\"inLanguage\":\"es\",\"@id\":\"https:\\\/\\\/influenzespain.com\\\/#\\\/schema\\\/logo\\\/image\\\/\",\"url\":\"https:\\\/\\\/influenzespain.com\\\/wp-content\\\/uploads\\\/2020\\\/12\\\/logo-influence-spain-lobby-consultoria-asuntos-publicos-275.jpg\",\"contentUrl\":\"https:\\\/\\\/influenzespain.com\\\/wp-content\\\/uploads\\\/2020\\\/12\\\/logo-influence-spain-lobby-consultoria-asuntos-publicos-275.jpg\",\"width\":275,\"height\":65,\"caption\":\"InFluenceSpain\"},\"image\":{\"@id\":\"https:\\\/\\\/influenzespain.com\\\/#\\\/schema\\\/logo\\\/image\\\/\"},\"sameAs\":[\"https:\\\/\\\/x.com\\\/InFluenceSpain\",\"https:\\\/\\\/www.linkedin.com\\\/company\\\/influencespain\\\/\"]},{\"@type\":\"Person\",\"@id\":\"https:\\\/\\\/influenzespain.com\\\/#\\\/schema\\\/person\\\/db6f35f53d1c4f87e1118e7aa76dcc1d\",\"name\":\"InFluenze Spain\",\"image\":{\"@type\":\"ImageObject\",\"inLanguage\":\"es\",\"@id\":\"https:\\\/\\\/secure.gravatar.com\\\/avatar\\\/e3437bffd9df1ea898c2fce9ad5070358be5f16f1bb22c8e00e1cc0d9d9d1f59?s=96&d=mm&r=g\",\"url\":\"https:\\\/\\\/secure.gravatar.com\\\/avatar\\\/e3437bffd9df1ea898c2fce9ad5070358be5f16f1bb22c8e00e1cc0d9d9d1f59?s=96&d=mm&r=g\",\"contentUrl\":\"https:\\\/\\\/secure.gravatar.com\\\/avatar\\\/e3437bffd9df1ea898c2fce9ad5070358be5f16f1bb22c8e00e1cc0d9d9d1f59?s=96&d=mm&r=g\",\"caption\":\"InFluenze Spain\"},\"sameAs\":[\"https:\\\/\\\/influenzespain.com\"],\"url\":\"https:\\\/\\\/influenzespain.com\\\/es\\\/author\\\/admin_influence\\\/\"}]}<\/script>\n<!-- \/ Yoast SEO plugin. -->","yoast_head_json":{"title":"Entrevista a Ana Cam\u00edns, Secretaria General del PP de Madrid - Influence Spain | Consultor\u00eda de asuntos p\u00fablicos y lobbying","description":"Ana Camins habla con Federico Quevedo sobre la candidatura de D\u00edaz Ayuso para las pr\u00f3ximas elecciones del 4 de Mayo a la Comunidad de Madrid.","robots":{"index":"index","follow":"follow","max-snippet":"max-snippet:-1","max-image-preview":"max-image-preview:large","max-video-preview":"max-video-preview:-1"},"canonical":"https:\/\/influenzespain.com\/es\/entrevista-ana-camins-secretaria-general-pp-madrid-2\/","og_locale":"es_ES","og_type":"article","og_title":"Entrevista a Ana Camins, Secretaria General del PP de Madrid","og_description":"Ana Camins habla con Federico Quevedo sobre la candidatura de D\u00edaz Ayuso para las pr\u00f3ximas elecciones del 4 de Mayo a la Comunidad de Madrid.","og_url":"https:\/\/influenzespain.com\/es\/entrevista-ana-camins-secretaria-general-pp-madrid-2\/","og_site_name":"Influence Spain | Consultor\u00eda de asuntos p\u00fablicos y lobbying","article_published_time":"2021-03-31T11:46:00+00:00","article_modified_time":"2021-04-08T12:01:37+00:00","og_image":[{"width":798,"height":573,"url":"https:\/\/influenzespain.com\/wp-content\/uploads\/2021\/04\/310321_AnaCamins_PPMadrid.jpg","type":"image\/jpeg"}],"author":"InFluenze Spain","twitter_card":"summary_large_image","twitter_title":"Entrevista a Ana Camins, Secretaria General del PP de Madrid","twitter_description":"Ana Camins habla con Federico Quevedo sobre la candidatura de D\u00edaz Ayuso para las pr\u00f3ximas elecciones del 4 de Mayo a la Comunidad de Madrid.","twitter_image":"https:\/\/influenzespain.com\/wp-content\/uploads\/2021\/04\/310321_AnaCamins_PPMadrid.jpg","twitter_creator":"@InFluenceSpain","twitter_site":"@InFluenceSpain","twitter_misc":{"Escrito por":"InFluenze Spain","Tiempo de lectura":"2 minutos"},"schema":{"@context":"https:\/\/schema.org","@graph":[{"@type":"Article","@id":"https:\/\/influenzespain.com\/es\/entrevista-ana-camins-secretaria-general-pp-madrid-2\/#article","isPartOf":{"@id":"https:\/\/influenzespain.com\/es\/entrevista-ana-camins-secretaria-general-pp-madrid-2\/"},"author":{"name":"InFluenze Spain","@id":"https:\/\/influenzespain.com\/#\/schema\/person\/db6f35f53d1c4f87e1118e7aa76dcc1d"},"headline":"Entrevista a Ana Cam\u00edns, Secretaria General del PP de Madrid","datePublished":"2021-03-31T11:46:00+00:00","dateModified":"2021-04-08T12:01:37+00:00","mainEntityOfPage":{"@id":"https:\/\/influenzespain.com\/es\/entrevista-ana-camins-secretaria-general-pp-madrid-2\/"},"wordCount":369,"publisher":{"@id":"https:\/\/influenzespain.com\/#organization"},"image":{"@id":"https:\/\/influenzespain.com\/es\/entrevista-ana-camins-secretaria-general-pp-madrid-2\/#primaryimage"},"thumbnailUrl":"https:\/\/influenzespain.com\/wp-content\/uploads\/2021\/04\/310321_AnaCamins_PPMadrid.jpg","keywords":["4M","Ana Camins","Elecciones Madrid","Isabel D\u00edaz Ayuso","Partido Popular"],"articleSection":["Actualidad Pol\u00edtica"],"inLanguage":"es"},{"@type":"WebPage","@id":"https:\/\/influenzespain.com\/es\/entrevista-ana-camins-secretaria-general-pp-madrid-2\/","url":"https:\/\/influenzespain.com\/es\/entrevista-ana-camins-secretaria-general-pp-madrid-2\/","name":"Entrevista a Ana Cam\u00edns, Secretaria General del PP de Madrid - Influence Spain | Consultor\u00eda de asuntos p\u00fablicos y lobbying","isPartOf":{"@id":"https:\/\/influenzespain.com\/#website"},"primaryImageOfPage":{"@id":"https:\/\/influenzespain.com\/es\/entrevista-ana-camins-secretaria-general-pp-madrid-2\/#primaryimage"},"image":{"@id":"https:\/\/influenzespain.com\/es\/entrevista-ana-camins-secretaria-general-pp-madrid-2\/#primaryimage"},"thumbnailUrl":"https:\/\/influenzespain.com\/wp-content\/uploads\/2021\/04\/310321_AnaCamins_PPMadrid.jpg","datePublished":"2021-03-31T11:46:00+00:00","dateModified":"2021-04-08T12:01:37+00:00","description":"Ana Camins habla con Federico Quevedo sobre la candidatura de D\u00edaz Ayuso para las pr\u00f3ximas elecciones del 4 de Mayo a la Comunidad de Madrid.","breadcrumb":{"@id":"https:\/\/influenzespain.com\/es\/entrevista-ana-camins-secretaria-general-pp-madrid-2\/#breadcrumb"},"inLanguage":"es","potentialAction":[{"@type":"ReadAction","target":["https:\/\/influenzespain.com\/es\/entrevista-ana-camins-secretaria-general-pp-madrid-2\/"]}]},{"@type":"ImageObject","inLanguage":"es","@id":"https:\/\/influenzespain.com\/es\/entrevista-ana-camins-secretaria-general-pp-madrid-2\/#primaryimage","url":"https:\/\/influenzespain.com\/wp-content\/uploads\/2021\/04\/310321_AnaCamins_PPMadrid.jpg","contentUrl":"https:\/\/influenzespain.com\/wp-content\/uploads\/2021\/04\/310321_AnaCamins_PPMadrid.jpg","width":798,"height":573,"caption":"Ana Camins, Secretaria General del PP en Madrid"},{"@type":"BreadcrumbList","@id":"https:\/\/influenzespain.com\/es\/entrevista-ana-camins-secretaria-general-pp-madrid-2\/#breadcrumb","itemListElement":[{"@type":"ListItem","position":1,"name":"Portada","item":"https:\/\/influenzespain.com\/"},{"@type":"ListItem","position":2,"name":"Entrevista a Ana Cam\u00edns, Secretaria General del PP de Madrid"}]},{"@type":"WebSite","@id":"https:\/\/influenzespain.com\/#website","url":"https:\/\/influenzespain.com\/","name":"Influence Spain | Consultor\u00eda de asuntos p\u00fablicos y lobbying","description":"La consultor\u00eda de Asuntos P\u00fablicos y Lobbying pionera de Espa\u00f1a","publisher":{"@id":"https:\/\/influenzespain.com\/#organization"},"potentialAction":[{"@type":"SearchAction","target":{"@type":"EntryPoint","urlTemplate":"https:\/\/influenzespain.com\/?s={search_term_string}"},"query-input":{"@type":"PropertyValueSpecification","valueRequired":true,"valueName":"search_term_string"}}],"inLanguage":"es"},{"@type":"Organization","@id":"https:\/\/influenzespain.com\/#organization","name":"InFluenceSpain","url":"https:\/\/influenzespain.com\/","logo":{"@type":"ImageObject","inLanguage":"es","@id":"https:\/\/influenzespain.com\/#\/schema\/logo\/image\/","url":"https:\/\/influenzespain.com\/wp-content\/uploads\/2020\/12\/logo-influence-spain-lobby-consultoria-asuntos-publicos-275.jpg","contentUrl":"https:\/\/influenzespain.com\/wp-content\/uploads\/2020\/12\/logo-influence-spain-lobby-consultoria-asuntos-publicos-275.jpg","width":275,"height":65,"caption":"InFluenceSpain"},"image":{"@id":"https:\/\/influenzespain.com\/#\/schema\/logo\/image\/"},"sameAs":["https:\/\/x.com\/InFluenceSpain","https:\/\/www.linkedin.com\/company\/influencespain\/"]},{"@type":"Person","@id":"https:\/\/influenzespain.com\/#\/schema\/person\/db6f35f53d1c4f87e1118e7aa76dcc1d","name":"InFluenze Spain","image":{"@type":"ImageObject","inLanguage":"es","@id":"https:\/\/secure.gravatar.com\/avatar\/e3437bffd9df1ea898c2fce9ad5070358be5f16f1bb22c8e00e1cc0d9d9d1f59?s=96&d=mm&r=g","url":"https:\/\/secure.gravatar.com\/avatar\/e3437bffd9df1ea898c2fce9ad5070358be5f16f1bb22c8e00e1cc0d9d9d1f59?s=96&d=mm&r=g","contentUrl":"https:\/\/secure.gravatar.com\/avatar\/e3437bffd9df1ea898c2fce9ad5070358be5f16f1bb22c8e00e1cc0d9d9d1f59?s=96&d=mm&r=g","caption":"InFluenze Spain"},"sameAs":["https:\/\/influenzespain.com"],"url":"https:\/\/influenzespain.com\/es\/author\/admin_influence\/"}]}},"_links":{"self":[{"href":"https:\/\/influenzespain.com\/es\/wp-json\/wp\/v2\/posts\/1210","targetHints":{"allow":["GET"]}}],"collection":[{"href":"https:\/\/influenzespain.com\/es\/wp-json\/wp\/v2\/posts"}],"about":[{"href":"https:\/\/influenzespain.com\/es\/wp-json\/wp\/v2\/types\/post"}],"author":[{"embeddable":true,"href":"https:\/\/influenzespain.com\/es\/wp-json\/wp\/v2\/users\/2"}],"replies":[{"embeddable":true,"href":"https:\/\/influenzespain.com\/es\/wp-json\/wp\/v2\/comments?post=1210"}],"version-history":[{"count":1,"href":"https:\/\/influenzespain.com\/es\/wp-json\/wp\/v2\/posts\/1210\/revisions"}],"predecessor-version":[{"id":1215,"href":"https:\/\/influenzespain.com\/es\/wp-json\/wp\/v2\/posts\/1210\/revisions\/1215"}],"wp:featuredmedia":[{"embeddable":true,"href":"https:\/\/influenzespain.com\/es\/wp-json\/wp\/v2\/media\/1213"}],"wp:attachment":[{"href":"https:\/\/influenzespain.com\/es\/wp-json\/wp\/v2\/media?parent=1210"}],"wp:term":[{"taxonomy":"category","embeddable":true,"href":"https:\/\/influenzespain.com\/es\/wp-json\/wp\/v2\/categories?post=1210"},{"taxonomy":"post_tag","embeddable":true,"href":"https:\/\/influenzespain.com\/es\/wp-json\/wp\/v2\/tags?post=1210"}],"curies":[{"name":"wp","href":"https:\/\/api.w.org\/{rel}","templated":true}]}}