{"id":1222,"date":"2021-04-07T10:53:00","date_gmt":"2021-04-07T10:53:00","guid":{"rendered":"https:\/\/influencespain.com\/?p=1222"},"modified":"2021-04-13T07:59:54","modified_gmt":"2021-04-13T07:59:54","slug":"entrevista-cesar-zafra-portavoz-ciudadanos-madrid","status":"publish","type":"post","link":"https:\/\/influenzespain.com\/es\/entrevista-cesar-zafra-portavoz-ciudadanos-madrid\/","title":{"rendered":"Entrevista a C\u00e9sar Zafra, portavoz de Ciudadanos en Madrid"},"content":{"rendered":"\n<p>En El Balance, <a href=\"https:\/\/twitter.com\/CsarZafra?ref_src=twsrc%5Egoogle%7Ctwcamp%5Eserp%7Ctwgr%5Eauthor\">C\u00e9sar Zafra<\/a> ha confiado en que las encuestas que dicen que Ciudadanos se quedar\u00e1 fuera de la Asamblea de Madrid est\u00e1n equivocadas. El n\u00famero 3 en la lista de Edmundo Bal ha estado con <a href=\"https:\/\/influenzespain.com\/equipo\/\">Federico Quevedo <\/a>para hablar de los intensos d\u00edas que quedan para el pr\u00f3ximo 4 de mayo, d\u00eda de las elecciones a la Comunidad de Madrid.<\/p>\n\n\n\n<p>El portavoz ha afirmado que<em> \u201cme gusta guiarme por lo que veo en la gente y creo que este 4 de mayo vamos a salir y de sobra\u201d<\/em>. Las \u00faltimas encuestas no son positivas para la formaci\u00f3n naranja. No entrar\u00edan como grupo parlamentario en la Asamblea de Madrid.<\/p>\n\n\n\n<p>Seg\u00fan Zafra, Madrid necesita un partido como Ciudadanos<em> \u201ctranquilo, prudente y liberal\u201d<\/em>. El portavoz ha insistido que no participar\u00e1n en una coalici\u00f3n de izquierdas. Adem\u00e1s, cree que \u00c1ngel Gabilondo, el candidato socialista, copiar\u00e1 la coalici\u00f3n que tiene Pedro S\u00e1nchez con Unidas Podemos a nivel nacional.<\/p>\n\n\n\n<h3 class=\"wp-block-heading\">Pacto con D\u00edaz Ayuso<\/h3>\n\n\n\n<p>C\u00e9sar Zafra ha a\u00f1adido que el gobierno de Madrid con D\u00edaz Ayuso funcionaba y que no tendr\u00edan problema en repetirlo, pero con condiciones: <em>\u201cno se pueden convocar elecciones as\u00ed como as\u00ed\u00bb<\/em>. Pese a que Zafra no rechaza volver a pactar con la candidata del PP carga contra ella por celebrar solo un debate electoral que ser\u00e1 en la Academia de la Televisi\u00f3n y no en Telemadrid.<em> \u00abAyuso utiliza el eslogan de libertad pero no es real. Es cutre que la presidenta no quiera debatir en la televisi\u00f3n de su comunidad. Si te tienes que esconder, a lo mejor es que tus argumentos no son tan buenos\u00bb<\/em>, ha afirmado.<\/p>\n\n\n\n<p>No obstante, sobre otros partidos afirma que de ning\u00fan modo har\u00edan vicepresidente de la Comunidad de Madrid a Pablo Iglesias (candidato por Podemos) ni tampoco a Roc\u00edo Monasterio (candidata por Vox). \u00a0<\/p>\n\n\n\n<h3 class=\"wp-block-heading\">Sobre Murcia<\/h3>\n\n\n\n<p>El portavoz ha hecho autocr\u00edtica y ha manifestado que<em> \u201cha sido catastr\u00f3fico para nosotros no ser capaces de comunicar lo que estaba pasando en la regi\u00f3n\u201d<\/em>. En el gobierno de Murcia, seg\u00fan denuncia Ciudadanos, el Partido Popular concedi\u00f3 contratos fraccionados de menos de 5.000 euros hasta llegar a un mill\u00f3n de euros, a tres empresas a nombre de personas que eran familia entre s\u00ed.<\/p>\n\n\n\n<p>Se lamentan de no haber sido capaces de hacer ver a la ciudadan\u00eda la corrupci\u00f3n dentro del ejecutivo de Murcia, lo que les llev\u00f3 a plantear esa moci\u00f3n de censura fallida.<\/p>\n\n\n\n<p><strong>Escuche la entrevista completa en el siguiente audio:<\/strong><\/p>\n\n\n\n<figure class=\"wp-block-audio\"><audio controls src=\"https:\/\/influenzespain.com\/wp-content\/uploads\/2021\/04\/070421_CesarZafra_PortavozCsMadrid.mp3\"><\/audio><figcaption>Entrevista completa a C\u00e9sar Zafra, portavoz de Ciudadanos en Madrid.<\/figcaption><\/figure>\n\n\n\n<p class=\"has-text-align-center\"><em>A trav\u00e9s de \u2018El Balance\u2019, programa de Federico Quevedo en Capital Radio, <a href=\"https:\/\/influenzespain.com\/\">Influence Spain<\/a> logra ampliar su red de contactos dentro del espectro estatal, auton\u00f3mico y municipal.<\/em><\/p>\n","protected":false},"excerpt":{"rendered":"<p>En El Balance, C\u00e9sar Zafra ha confiado en que las encuestas que dicen que Ciudadanos se quedar\u00e1 fuera de la Asamblea de Madrid est\u00e1n equivocadas. El n\u00famero 3 en la lista de Edmundo Bal ha estado con Federico Quevedo para hablar de los intensos d\u00edas que quedan para el pr\u00f3ximo 4 de mayo, d\u00eda de [&hellip;]<\/p>\n","protected":false},"author":2,"featured_media":1225,"comment_status":"closed","ping_status":"open","sticky":false,"template":"","format":"standard","meta":{"footnotes":""},"categories":[16],"tags":[206,208,209,150,149,164,83],"class_list":["post-1222","post","type-post","status-publish","format-standard","has-post-thumbnail","hentry","category-actualidad-politica","tag-4m","tag-cesar-zafra","tag-ciudadanos-madrid","tag-diaz-ayuso","tag-elecciones-madrid","tag-mocion-de-censura","tag-pablo-iglesias"],"yoast_head":"<!-- This site is optimized with the Yoast SEO plugin v27.4 - https:\/\/yoast.com\/product\/yoast-seo-wordpress\/ -->\n<title>Entrevista a C\u00e9sar Zafra, portavoz de Ciudadanos en Madrid - Influence Spain | Consultor\u00eda de asuntos p\u00fablicos y lobbying<\/title>\n<meta name=\"description\" content=\"Federico Quevedo entrevista a C\u00e9sar Zafra sobre los posibles resultados de Ciudadanos en las elecciones a la Comunidad de Madrid del pr\u00f3ximo 4M.\" \/>\n<meta name=\"robots\" content=\"index, follow, max-snippet:-1, max-image-preview:large, max-video-preview:-1\" \/>\n<link rel=\"canonical\" href=\"https:\/\/influenzespain.com\/es\/entrevista-cesar-zafra-portavoz-ciudadanos-madrid\/\" \/>\n<meta property=\"og:locale\" content=\"es_ES\" \/>\n<meta property=\"og:type\" content=\"article\" \/>\n<meta property=\"og:title\" content=\"Entrevista a C\u00e9sar Zafra, portavoz de Ciudadanos en Madrid\" \/>\n<meta property=\"og:description\" content=\"Federico Quevedo entrevista a C\u00e9sar Zafra sobre los posibles resultados de Ciudadanos en las elecciones a la Comunidad de Madrid del pr\u00f3ximo 4M.\" \/>\n<meta property=\"og:url\" content=\"https:\/\/influenzespain.com\/es\/entrevista-cesar-zafra-portavoz-ciudadanos-madrid\/\" \/>\n<meta property=\"og:site_name\" content=\"Influence Spain | Consultor\u00eda de asuntos p\u00fablicos y lobbying\" \/>\n<meta property=\"article:published_time\" content=\"2021-04-07T10:53:00+00:00\" \/>\n<meta property=\"article:modified_time\" content=\"2021-04-13T07:59:54+00:00\" \/>\n<meta property=\"og:image\" content=\"https:\/\/influenzespain.com\/wp-content\/uploads\/2021\/04\/070421_CesarZafra_PortavozCsMadrid.jpg\" \/>\n\t<meta property=\"og:image:width\" content=\"1250\" \/>\n\t<meta property=\"og:image:height\" content=\"703\" \/>\n\t<meta property=\"og:image:type\" content=\"image\/jpeg\" \/>\n<meta name=\"author\" content=\"InFluenze Spain\" \/>\n<meta name=\"twitter:card\" content=\"summary_large_image\" \/>\n<meta name=\"twitter:title\" content=\"Entrevista a C\u00e9sar Zafra, portavoz de Ciudadanos en Madrid\" \/>\n<meta name=\"twitter:description\" content=\"Federico Quevedo entrevista a C\u00e9sar Zafra sobre los posibles resultados de Ciudadanos en las elecciones a la Comunidad de Madrid del pr\u00f3ximo 4M.\" \/>\n<meta name=\"twitter:image\" content=\"https:\/\/influenzespain.com\/wp-content\/uploads\/2021\/04\/070421_CesarZafra_PortavozCsMadrid.jpg\" \/>\n<meta name=\"twitter:creator\" content=\"@InFluenceSpain\" \/>\n<meta name=\"twitter:site\" content=\"@InFluenceSpain\" \/>\n<meta name=\"twitter:label1\" content=\"Escrito por\" \/>\n\t<meta name=\"twitter:data1\" content=\"InFluenze Spain\" \/>\n\t<meta name=\"twitter:label2\" content=\"Tiempo de lectura\" \/>\n\t<meta name=\"twitter:data2\" content=\"2 minutos\" \/>\n<script type=\"application\/ld+json\" class=\"yoast-schema-graph\">{\"@context\":\"https:\\\/\\\/schema.org\",\"@graph\":[{\"@type\":\"Article\",\"@id\":\"https:\\\/\\\/influenzespain.com\\\/es\\\/entrevista-cesar-zafra-portavoz-ciudadanos-madrid\\\/#article\",\"isPartOf\":{\"@id\":\"https:\\\/\\\/influenzespain.com\\\/es\\\/entrevista-cesar-zafra-portavoz-ciudadanos-madrid\\\/\"},\"author\":{\"name\":\"InFluenze Spain\",\"@id\":\"https:\\\/\\\/influenzespain.com\\\/#\\\/schema\\\/person\\\/db6f35f53d1c4f87e1118e7aa76dcc1d\"},\"headline\":\"Entrevista a C\u00e9sar Zafra, portavoz de Ciudadanos en Madrid\",\"datePublished\":\"2021-04-07T10:53:00+00:00\",\"dateModified\":\"2021-04-13T07:59:54+00:00\",\"mainEntityOfPage\":{\"@id\":\"https:\\\/\\\/influenzespain.com\\\/es\\\/entrevista-cesar-zafra-portavoz-ciudadanos-madrid\\\/\"},\"wordCount\":481,\"publisher\":{\"@id\":\"https:\\\/\\\/influenzespain.com\\\/#organization\"},\"image\":{\"@id\":\"https:\\\/\\\/influenzespain.com\\\/es\\\/entrevista-cesar-zafra-portavoz-ciudadanos-madrid\\\/#primaryimage\"},\"thumbnailUrl\":\"https:\\\/\\\/influenzespain.com\\\/wp-content\\\/uploads\\\/2021\\\/04\\\/070421_CesarZafra_PortavozCsMadrid.jpg\",\"keywords\":[\"4M\",\"C\u00e9sar Zafra\",\"Ciudadanos Madrid\",\"D\u00edaz Ayuso\",\"Elecciones Madrid\",\"Moci\u00f3n de censura\",\"Pablo Iglesias\"],\"articleSection\":[\"Actualidad Pol\u00edtica\"],\"inLanguage\":\"es\"},{\"@type\":\"WebPage\",\"@id\":\"https:\\\/\\\/influenzespain.com\\\/es\\\/entrevista-cesar-zafra-portavoz-ciudadanos-madrid\\\/\",\"url\":\"https:\\\/\\\/influenzespain.com\\\/es\\\/entrevista-cesar-zafra-portavoz-ciudadanos-madrid\\\/\",\"name\":\"Entrevista a C\u00e9sar Zafra, portavoz de Ciudadanos en Madrid - Influence Spain | Consultor\u00eda de asuntos p\u00fablicos y lobbying\",\"isPartOf\":{\"@id\":\"https:\\\/\\\/influenzespain.com\\\/#website\"},\"primaryImageOfPage\":{\"@id\":\"https:\\\/\\\/influenzespain.com\\\/es\\\/entrevista-cesar-zafra-portavoz-ciudadanos-madrid\\\/#primaryimage\"},\"image\":{\"@id\":\"https:\\\/\\\/influenzespain.com\\\/es\\\/entrevista-cesar-zafra-portavoz-ciudadanos-madrid\\\/#primaryimage\"},\"thumbnailUrl\":\"https:\\\/\\\/influenzespain.com\\\/wp-content\\\/uploads\\\/2021\\\/04\\\/070421_CesarZafra_PortavozCsMadrid.jpg\",\"datePublished\":\"2021-04-07T10:53:00+00:00\",\"dateModified\":\"2021-04-13T07:59:54+00:00\",\"description\":\"Federico Quevedo entrevista a C\u00e9sar Zafra sobre los posibles resultados de Ciudadanos en las elecciones a la Comunidad de Madrid del pr\u00f3ximo 4M.\",\"breadcrumb\":{\"@id\":\"https:\\\/\\\/influenzespain.com\\\/es\\\/entrevista-cesar-zafra-portavoz-ciudadanos-madrid\\\/#breadcrumb\"},\"inLanguage\":\"es\",\"potentialAction\":[{\"@type\":\"ReadAction\",\"target\":[\"https:\\\/\\\/influenzespain.com\\\/es\\\/entrevista-cesar-zafra-portavoz-ciudadanos-madrid\\\/\"]}]},{\"@type\":\"ImageObject\",\"inLanguage\":\"es\",\"@id\":\"https:\\\/\\\/influenzespain.com\\\/es\\\/entrevista-cesar-zafra-portavoz-ciudadanos-madrid\\\/#primaryimage\",\"url\":\"https:\\\/\\\/influenzespain.com\\\/wp-content\\\/uploads\\\/2021\\\/04\\\/070421_CesarZafra_PortavozCsMadrid.jpg\",\"contentUrl\":\"https:\\\/\\\/influenzespain.com\\\/wp-content\\\/uploads\\\/2021\\\/04\\\/070421_CesarZafra_PortavozCsMadrid.jpg\",\"width\":1250,\"height\":703,\"caption\":\"C\u00e9sar Zafra en la Asamblea de la Comunidad de Madrid\"},{\"@type\":\"BreadcrumbList\",\"@id\":\"https:\\\/\\\/influenzespain.com\\\/es\\\/entrevista-cesar-zafra-portavoz-ciudadanos-madrid\\\/#breadcrumb\",\"itemListElement\":[{\"@type\":\"ListItem\",\"position\":1,\"name\":\"Portada\",\"item\":\"https:\\\/\\\/influenzespain.com\\\/\"},{\"@type\":\"ListItem\",\"position\":2,\"name\":\"Entrevista a C\u00e9sar Zafra, portavoz de Ciudadanos en Madrid\"}]},{\"@type\":\"WebSite\",\"@id\":\"https:\\\/\\\/influenzespain.com\\\/#website\",\"url\":\"https:\\\/\\\/influenzespain.com\\\/\",\"name\":\"Influence Spain | Consultor\u00eda de asuntos p\u00fablicos y lobbying\",\"description\":\"La consultor\u00eda de Asuntos P\u00fablicos y Lobbying pionera de Espa\u00f1a\",\"publisher\":{\"@id\":\"https:\\\/\\\/influenzespain.com\\\/#organization\"},\"potentialAction\":[{\"@type\":\"SearchAction\",\"target\":{\"@type\":\"EntryPoint\",\"urlTemplate\":\"https:\\\/\\\/influenzespain.com\\\/?s={search_term_string}\"},\"query-input\":{\"@type\":\"PropertyValueSpecification\",\"valueRequired\":true,\"valueName\":\"search_term_string\"}}],\"inLanguage\":\"es\"},{\"@type\":\"Organization\",\"@id\":\"https:\\\/\\\/influenzespain.com\\\/#organization\",\"name\":\"InFluenceSpain\",\"url\":\"https:\\\/\\\/influenzespain.com\\\/\",\"logo\":{\"@type\":\"ImageObject\",\"inLanguage\":\"es\",\"@id\":\"https:\\\/\\\/influenzespain.com\\\/#\\\/schema\\\/logo\\\/image\\\/\",\"url\":\"https:\\\/\\\/influenzespain.com\\\/wp-content\\\/uploads\\\/2020\\\/12\\\/logo-influence-spain-lobby-consultoria-asuntos-publicos-275.jpg\",\"contentUrl\":\"https:\\\/\\\/influenzespain.com\\\/wp-content\\\/uploads\\\/2020\\\/12\\\/logo-influence-spain-lobby-consultoria-asuntos-publicos-275.jpg\",\"width\":275,\"height\":65,\"caption\":\"InFluenceSpain\"},\"image\":{\"@id\":\"https:\\\/\\\/influenzespain.com\\\/#\\\/schema\\\/logo\\\/image\\\/\"},\"sameAs\":[\"https:\\\/\\\/x.com\\\/InFluenceSpain\",\"https:\\\/\\\/www.linkedin.com\\\/company\\\/influencespain\\\/\"]},{\"@type\":\"Person\",\"@id\":\"https:\\\/\\\/influenzespain.com\\\/#\\\/schema\\\/person\\\/db6f35f53d1c4f87e1118e7aa76dcc1d\",\"name\":\"InFluenze Spain\",\"image\":{\"@type\":\"ImageObject\",\"inLanguage\":\"es\",\"@id\":\"https:\\\/\\\/secure.gravatar.com\\\/avatar\\\/e3437bffd9df1ea898c2fce9ad5070358be5f16f1bb22c8e00e1cc0d9d9d1f59?s=96&d=mm&r=g\",\"url\":\"https:\\\/\\\/secure.gravatar.com\\\/avatar\\\/e3437bffd9df1ea898c2fce9ad5070358be5f16f1bb22c8e00e1cc0d9d9d1f59?s=96&d=mm&r=g\",\"contentUrl\":\"https:\\\/\\\/secure.gravatar.com\\\/avatar\\\/e3437bffd9df1ea898c2fce9ad5070358be5f16f1bb22c8e00e1cc0d9d9d1f59?s=96&d=mm&r=g\",\"caption\":\"InFluenze Spain\"},\"sameAs\":[\"https:\\\/\\\/influenzespain.com\"],\"url\":\"https:\\\/\\\/influenzespain.com\\\/es\\\/author\\\/admin_influence\\\/\"}]}<\/script>\n<!-- \/ Yoast SEO plugin. -->","yoast_head_json":{"title":"Entrevista a C\u00e9sar Zafra, portavoz de Ciudadanos en Madrid - Influence Spain | Consultor\u00eda de asuntos p\u00fablicos y lobbying","description":"Federico Quevedo entrevista a C\u00e9sar Zafra sobre los posibles resultados de Ciudadanos en las elecciones a la Comunidad de Madrid del pr\u00f3ximo 4M.","robots":{"index":"index","follow":"follow","max-snippet":"max-snippet:-1","max-image-preview":"max-image-preview:large","max-video-preview":"max-video-preview:-1"},"canonical":"https:\/\/influenzespain.com\/es\/entrevista-cesar-zafra-portavoz-ciudadanos-madrid\/","og_locale":"es_ES","og_type":"article","og_title":"Entrevista a C\u00e9sar Zafra, portavoz de Ciudadanos en Madrid","og_description":"Federico Quevedo entrevista a C\u00e9sar Zafra sobre los posibles resultados de Ciudadanos en las elecciones a la Comunidad de Madrid del pr\u00f3ximo 4M.","og_url":"https:\/\/influenzespain.com\/es\/entrevista-cesar-zafra-portavoz-ciudadanos-madrid\/","og_site_name":"Influence Spain | Consultor\u00eda de asuntos p\u00fablicos y lobbying","article_published_time":"2021-04-07T10:53:00+00:00","article_modified_time":"2021-04-13T07:59:54+00:00","og_image":[{"width":1250,"height":703,"url":"https:\/\/influenzespain.com\/wp-content\/uploads\/2021\/04\/070421_CesarZafra_PortavozCsMadrid.jpg","type":"image\/jpeg"}],"author":"InFluenze Spain","twitter_card":"summary_large_image","twitter_title":"Entrevista a C\u00e9sar Zafra, portavoz de Ciudadanos en Madrid","twitter_description":"Federico Quevedo entrevista a C\u00e9sar Zafra sobre los posibles resultados de Ciudadanos en las elecciones a la Comunidad de Madrid del pr\u00f3ximo 4M.","twitter_image":"https:\/\/influenzespain.com\/wp-content\/uploads\/2021\/04\/070421_CesarZafra_PortavozCsMadrid.jpg","twitter_creator":"@InFluenceSpain","twitter_site":"@InFluenceSpain","twitter_misc":{"Escrito por":"InFluenze Spain","Tiempo de lectura":"2 minutos"},"schema":{"@context":"https:\/\/schema.org","@graph":[{"@type":"Article","@id":"https:\/\/influenzespain.com\/es\/entrevista-cesar-zafra-portavoz-ciudadanos-madrid\/#article","isPartOf":{"@id":"https:\/\/influenzespain.com\/es\/entrevista-cesar-zafra-portavoz-ciudadanos-madrid\/"},"author":{"name":"InFluenze Spain","@id":"https:\/\/influenzespain.com\/#\/schema\/person\/db6f35f53d1c4f87e1118e7aa76dcc1d"},"headline":"Entrevista a C\u00e9sar Zafra, portavoz de Ciudadanos en Madrid","datePublished":"2021-04-07T10:53:00+00:00","dateModified":"2021-04-13T07:59:54+00:00","mainEntityOfPage":{"@id":"https:\/\/influenzespain.com\/es\/entrevista-cesar-zafra-portavoz-ciudadanos-madrid\/"},"wordCount":481,"publisher":{"@id":"https:\/\/influenzespain.com\/#organization"},"image":{"@id":"https:\/\/influenzespain.com\/es\/entrevista-cesar-zafra-portavoz-ciudadanos-madrid\/#primaryimage"},"thumbnailUrl":"https:\/\/influenzespain.com\/wp-content\/uploads\/2021\/04\/070421_CesarZafra_PortavozCsMadrid.jpg","keywords":["4M","C\u00e9sar Zafra","Ciudadanos Madrid","D\u00edaz Ayuso","Elecciones Madrid","Moci\u00f3n de censura","Pablo Iglesias"],"articleSection":["Actualidad Pol\u00edtica"],"inLanguage":"es"},{"@type":"WebPage","@id":"https:\/\/influenzespain.com\/es\/entrevista-cesar-zafra-portavoz-ciudadanos-madrid\/","url":"https:\/\/influenzespain.com\/es\/entrevista-cesar-zafra-portavoz-ciudadanos-madrid\/","name":"Entrevista a C\u00e9sar Zafra, portavoz de Ciudadanos en Madrid - Influence Spain | Consultor\u00eda de asuntos p\u00fablicos y lobbying","isPartOf":{"@id":"https:\/\/influenzespain.com\/#website"},"primaryImageOfPage":{"@id":"https:\/\/influenzespain.com\/es\/entrevista-cesar-zafra-portavoz-ciudadanos-madrid\/#primaryimage"},"image":{"@id":"https:\/\/influenzespain.com\/es\/entrevista-cesar-zafra-portavoz-ciudadanos-madrid\/#primaryimage"},"thumbnailUrl":"https:\/\/influenzespain.com\/wp-content\/uploads\/2021\/04\/070421_CesarZafra_PortavozCsMadrid.jpg","datePublished":"2021-04-07T10:53:00+00:00","dateModified":"2021-04-13T07:59:54+00:00","description":"Federico Quevedo entrevista a C\u00e9sar Zafra sobre los posibles resultados de Ciudadanos en las elecciones a la Comunidad de Madrid del pr\u00f3ximo 4M.","breadcrumb":{"@id":"https:\/\/influenzespain.com\/es\/entrevista-cesar-zafra-portavoz-ciudadanos-madrid\/#breadcrumb"},"inLanguage":"es","potentialAction":[{"@type":"ReadAction","target":["https:\/\/influenzespain.com\/es\/entrevista-cesar-zafra-portavoz-ciudadanos-madrid\/"]}]},{"@type":"ImageObject","inLanguage":"es","@id":"https:\/\/influenzespain.com\/es\/entrevista-cesar-zafra-portavoz-ciudadanos-madrid\/#primaryimage","url":"https:\/\/influenzespain.com\/wp-content\/uploads\/2021\/04\/070421_CesarZafra_PortavozCsMadrid.jpg","contentUrl":"https:\/\/influenzespain.com\/wp-content\/uploads\/2021\/04\/070421_CesarZafra_PortavozCsMadrid.jpg","width":1250,"height":703,"caption":"C\u00e9sar Zafra en la Asamblea de la Comunidad de Madrid"},{"@type":"BreadcrumbList","@id":"https:\/\/influenzespain.com\/es\/entrevista-cesar-zafra-portavoz-ciudadanos-madrid\/#breadcrumb","itemListElement":[{"@type":"ListItem","position":1,"name":"Portada","item":"https:\/\/influenzespain.com\/"},{"@type":"ListItem","position":2,"name":"Entrevista a C\u00e9sar Zafra, portavoz de Ciudadanos en Madrid"}]},{"@type":"WebSite","@id":"https:\/\/influenzespain.com\/#website","url":"https:\/\/influenzespain.com\/","name":"Influence Spain | Consultor\u00eda de asuntos p\u00fablicos y lobbying","description":"La consultor\u00eda de Asuntos P\u00fablicos y Lobbying pionera de Espa\u00f1a","publisher":{"@id":"https:\/\/influenzespain.com\/#organization"},"potentialAction":[{"@type":"SearchAction","target":{"@type":"EntryPoint","urlTemplate":"https:\/\/influenzespain.com\/?s={search_term_string}"},"query-input":{"@type":"PropertyValueSpecification","valueRequired":true,"valueName":"search_term_string"}}],"inLanguage":"es"},{"@type":"Organization","@id":"https:\/\/influenzespain.com\/#organization","name":"InFluenceSpain","url":"https:\/\/influenzespain.com\/","logo":{"@type":"ImageObject","inLanguage":"es","@id":"https:\/\/influenzespain.com\/#\/schema\/logo\/image\/","url":"https:\/\/influenzespain.com\/wp-content\/uploads\/2020\/12\/logo-influence-spain-lobby-consultoria-asuntos-publicos-275.jpg","contentUrl":"https:\/\/influenzespain.com\/wp-content\/uploads\/2020\/12\/logo-influence-spain-lobby-consultoria-asuntos-publicos-275.jpg","width":275,"height":65,"caption":"InFluenceSpain"},"image":{"@id":"https:\/\/influenzespain.com\/#\/schema\/logo\/image\/"},"sameAs":["https:\/\/x.com\/InFluenceSpain","https:\/\/www.linkedin.com\/company\/influencespain\/"]},{"@type":"Person","@id":"https:\/\/influenzespain.com\/#\/schema\/person\/db6f35f53d1c4f87e1118e7aa76dcc1d","name":"InFluenze Spain","image":{"@type":"ImageObject","inLanguage":"es","@id":"https:\/\/secure.gravatar.com\/avatar\/e3437bffd9df1ea898c2fce9ad5070358be5f16f1bb22c8e00e1cc0d9d9d1f59?s=96&d=mm&r=g","url":"https:\/\/secure.gravatar.com\/avatar\/e3437bffd9df1ea898c2fce9ad5070358be5f16f1bb22c8e00e1cc0d9d9d1f59?s=96&d=mm&r=g","contentUrl":"https:\/\/secure.gravatar.com\/avatar\/e3437bffd9df1ea898c2fce9ad5070358be5f16f1bb22c8e00e1cc0d9d9d1f59?s=96&d=mm&r=g","caption":"InFluenze Spain"},"sameAs":["https:\/\/influenzespain.com"],"url":"https:\/\/influenzespain.com\/es\/author\/admin_influence\/"}]}},"_links":{"self":[{"href":"https:\/\/influenzespain.com\/es\/wp-json\/wp\/v2\/posts\/1222","targetHints":{"allow":["GET"]}}],"collection":[{"href":"https:\/\/influenzespain.com\/es\/wp-json\/wp\/v2\/posts"}],"about":[{"href":"https:\/\/influenzespain.com\/es\/wp-json\/wp\/v2\/types\/post"}],"author":[{"embeddable":true,"href":"https:\/\/influenzespain.com\/es\/wp-json\/wp\/v2\/users\/2"}],"replies":[{"embeddable":true,"href":"https:\/\/influenzespain.com\/es\/wp-json\/wp\/v2\/comments?post=1222"}],"version-history":[{"count":1,"href":"https:\/\/influenzespain.com\/es\/wp-json\/wp\/v2\/posts\/1222\/revisions"}],"predecessor-version":[{"id":1227,"href":"https:\/\/influenzespain.com\/es\/wp-json\/wp\/v2\/posts\/1222\/revisions\/1227"}],"wp:featuredmedia":[{"embeddable":true,"href":"https:\/\/influenzespain.com\/es\/wp-json\/wp\/v2\/media\/1225"}],"wp:attachment":[{"href":"https:\/\/influenzespain.com\/es\/wp-json\/wp\/v2\/media?parent=1222"}],"wp:term":[{"taxonomy":"category","embeddable":true,"href":"https:\/\/influenzespain.com\/es\/wp-json\/wp\/v2\/categories?post=1222"},{"taxonomy":"post_tag","embeddable":true,"href":"https:\/\/influenzespain.com\/es\/wp-json\/wp\/v2\/tags?post=1222"}],"curies":[{"name":"wp","href":"https:\/\/api.w.org\/{rel}","templated":true}]}}