{"id":1246,"date":"2021-04-19T13:19:00","date_gmt":"2021-04-19T13:19:00","guid":{"rendered":"https:\/\/influencespain.com\/?p=1246"},"modified":"2021-05-25T15:36:28","modified_gmt":"2021-05-25T15:36:28","slug":"entrevista-pablo-gomez-perpinyia-portavoz-mas-madrid-elecciones","status":"publish","type":"post","link":"https:\/\/influenzespain.com\/es\/entrevista-pablo-gomez-perpinyia-portavoz-mas-madrid-elecciones\/","title":{"rendered":"Entrevista a Pablo G\u00f3mez Perpiny\u00e0, portavoz de M\u00e1s Madrid"},"content":{"rendered":"\n<p><a href=\"https:\/\/twitter.com\/P_GomezPerpinya\">Pablo G\u00f3mez Perpiny\u00e0<\/a> es portavoz de M\u00e1s Madrid en la Asamblea de la Comunidad y ha pasado por los micr\u00f3fonos de El Balance con <a href=\"https:\/\/influenzespain.com\/\">Federico Quevedo<\/a>. Desde su formaci\u00f3n pol\u00edtica, se muestran convencidos de que en estas elecciones existe la opci\u00f3n de movilizar el voto progresista para terminar con los 25 a\u00f1os de gobierno del PP en la regi\u00f3n.<\/p>\n\n\n\n<p>La \u00faltima encuesta del CIS si otorga esca\u00f1os suficientes al bloque de la izquierda para poder gobernar. Perpiny\u00e0 reconoce que no siempre son de fiar, aunque pueden servir de gu\u00eda para <em>\u00absaber qu\u00e9 hay que mejorar\u00bb<\/em>, pero hay veces en las que no aciertan.<\/p>\n\n\n\n<p>No obstante, el portavoz si muestra una firme convicci\u00f3n de que ahora puede ser el momento de movilizar al voto progresista que quiere un cambio. Pero, \u00bfsi no les dan los n\u00fameros?. Seg\u00fan Pablo G\u00f3mez,<em> \u00abno nos vamos a quedar de brazos cruzados. Hay que esperar a que los madrile\u00f1os voten y con eso tendremos que intentar hacer lo que nuestra conciencia, nuestros principios y nuestro programa nos permitan\u00bb<\/em>, explica.<\/p>\n\n\n\n<h3 class=\"wp-block-heading\">Una fuerza madrile\u00f1a<\/h3>\n\n\n\n<p>Sobre su candidata, M\u00f3nica Garc\u00eda, se\u00f1ala que es mujer, madre y doctora, <em>\u00aben medio de una pandemia mundial\u00bb<\/em>. Desde M\u00e1s Madrid apuestan por ella porque entienden que sabe de primera mano las necesidades que ha generado esta crisis y las carencias que tiene el sistema sanitario madrile\u00f1o.<\/p>\n\n\n\n<p>Adem\u00e1s, Perpiny\u00e0 destaca que<em> \u00absomos una fuerza completamente madrile\u00f1a\u00bb<\/em> y explica que los madrile\u00f1os tambi\u00e9n tienen derecho a ir a votar pensando m\u00e1s en los problemas de su regi\u00f3n, como pueden hacerlo tambi\u00e9n, dice, los gallegos o los vascos.<\/p>\n\n\n\n<h3 class=\"wp-block-heading\">Sobre Gabilondo y los impuestos<\/h3>\n\n\n\n<p>\u00c1ngel Gabilondo, el candidato del PSOE a estas elecciones, ha dicho que si gana, no subir\u00e1 impuestos. Si llegan a un pacto de gobierno con M\u00e1s Madrid, Perpiny\u00e0 dice que en ese punto, ellos son <em>\u00abrealistas y pragm\u00e1ticos\u00bb<\/em>.<\/p>\n\n\n\n<p>Defiende que no se pueden revertir 25 a\u00f1os de gobierno del PP en apenas doce meses, <em>\u00abeso es decir la verdad, es importante ser honestos\u00bb<\/em>. Pero tambi\u00e9n subraya que, cuando uno va a elecciones, debe hacerlo con la ambici\u00f3n de cambiar las cosas. <em>\u00abEl hecho de que alguien con 15 millones de patrimonio pague los mismos impuestos que alguien que gana 15.000 euros al a\u00f1o, es un lastre para la econom\u00eda y una barbaridad\u00bb.<\/em><\/p>\n\n\n\n<p>Por eso aboga por trabajar para resolver esa situaci\u00f3n y subraya que hay mucho que avanzar en la pol\u00edtica fiscal madrile\u00f1a, pero que el reto es inmenso y no se puede solventar en unos meses.<\/p>\n\n\n\n<p><strong>Escuche la entrevista completa en el siguiente audio:<\/strong><\/p>\n\n\n\n<figure class=\"wp-block-audio\"><audio controls src=\"https:\/\/influenzespain.com\/wp-content\/uploads\/2021\/04\/140421_PabloGomezPerpinya_MasMadrid.mp3\"><\/audio><figcaption>Entrevista completa a Pablo G\u00f3mez Perpiny\u00e0, portavoz de M\u00e1s Madrid.<\/figcaption><\/figure>\n\n\n\n<p class=\"has-text-align-center\"><em>A trav\u00e9s de \u2018El Balance\u2019, programa de Federico Quevedo en Capital Radio, <a href=\"https:\/\/influenzespain.com\/\">Influence Spain<\/a> logra ampliar su red de contactos dentro del espectro estatal, auton\u00f3mico y municipal.<\/em><\/p>\n","protected":false},"excerpt":{"rendered":"<p>Pablo G\u00f3mez Perpiny\u00e0 es portavoz de M\u00e1s Madrid en la Asamblea de la Comunidad y ha pasado por los micr\u00f3fonos de El Balance con Federico Quevedo. Desde su formaci\u00f3n pol\u00edtica, se muestran convencidos de que en estas elecciones existe la opci\u00f3n de movilizar el voto progresista para terminar con los 25 a\u00f1os de gobierno del [&hellip;]<\/p>\n","protected":false},"author":2,"featured_media":1250,"comment_status":"closed","ping_status":"open","sticky":false,"template":"","format":"standard","meta":{"footnotes":""},"categories":[16],"tags":[206,149,175,174,214],"class_list":["post-1246","post","type-post","status-publish","format-standard","has-post-thumbnail","hentry","category-actualidad-politica","tag-4m","tag-elecciones-madrid","tag-mas-madrid","tag-monica-garcia","tag-pablo-gomez-perpinya"],"yoast_head":"<!-- This site is optimized with the Yoast SEO plugin v27.4 - https:\/\/yoast.com\/product\/yoast-seo-wordpress\/ -->\n<title>Entrevista a Pablo G\u00f3mez Perpiny\u00e0, portavoz de M\u00e1s Madrid - Influence Spain | Consultor\u00eda de asuntos p\u00fablicos y lobbying<\/title>\n<meta name=\"description\" content=\"Pablo G\u00f3mez Perpiny\u00e0 habla de las oportunidades de M\u00e1s Madrid en estas pr\u00f3ximas elecciones de la Comunidad para fomentar el voto progresista.\" \/>\n<meta name=\"robots\" content=\"index, follow, max-snippet:-1, max-image-preview:large, max-video-preview:-1\" \/>\n<link rel=\"canonical\" href=\"https:\/\/influenzespain.com\/es\/entrevista-pablo-gomez-perpinyia-portavoz-mas-madrid-elecciones\/\" \/>\n<meta property=\"og:locale\" content=\"es_ES\" \/>\n<meta property=\"og:type\" content=\"article\" \/>\n<meta property=\"og:title\" content=\"Entrevista a Pablo G\u00f3mez Perpiny\u00e0, portavoz de M\u00e1s Madrid\" \/>\n<meta property=\"og:description\" content=\"Pablo G\u00f3mez Perpiny\u00e0 habla de las oportunidades de M\u00e1s Madrid en estas pr\u00f3ximas elecciones de la Comunidad para fomentar el voto progresista.\" \/>\n<meta property=\"og:url\" content=\"https:\/\/influenzespain.com\/es\/entrevista-pablo-gomez-perpinyia-portavoz-mas-madrid-elecciones\/\" \/>\n<meta property=\"og:site_name\" content=\"Influence Spain | Consultor\u00eda de asuntos p\u00fablicos y lobbying\" \/>\n<meta property=\"article:published_time\" content=\"2021-04-19T13:19:00+00:00\" \/>\n<meta property=\"article:modified_time\" content=\"2021-05-25T15:36:28+00:00\" \/>\n<meta property=\"og:image\" content=\"https:\/\/influenzespain.com\/wp-content\/uploads\/2021\/04\/140421_PabloGomezPerpinya_Portavoz_MasMadrid.jpg\" \/>\n\t<meta property=\"og:image:width\" content=\"630\" \/>\n\t<meta property=\"og:image:height\" content=\"416\" \/>\n\t<meta property=\"og:image:type\" content=\"image\/jpeg\" \/>\n<meta name=\"author\" content=\"InFluenze Spain\" \/>\n<meta name=\"twitter:card\" content=\"summary_large_image\" \/>\n<meta name=\"twitter:title\" content=\"Entrevista a Pablo G\u00f3mez Perpiny\u00e0, portavoz de M\u00e1s Madrid\" \/>\n<meta name=\"twitter:description\" content=\"Pablo G\u00f3mez Perpiny\u00e0 habla de las oportunidades de M\u00e1s Madrid en estas pr\u00f3ximas elecciones de la Comunidad para fomentar el voto progresista.\" \/>\n<meta name=\"twitter:image\" content=\"https:\/\/influenzespain.com\/wp-content\/uploads\/2021\/04\/140421_PabloGomezPerpinya_Portavoz_MasMadrid.jpg\" \/>\n<meta name=\"twitter:creator\" content=\"@InFluenceSpain\" \/>\n<meta name=\"twitter:site\" content=\"@InFluenceSpain\" \/>\n<meta name=\"twitter:label1\" content=\"Escrito por\" \/>\n\t<meta name=\"twitter:data1\" content=\"InFluenze Spain\" \/>\n\t<meta name=\"twitter:label2\" content=\"Tiempo de lectura\" \/>\n\t<meta name=\"twitter:data2\" content=\"3 minutos\" \/>\n<script type=\"application\/ld+json\" class=\"yoast-schema-graph\">{\"@context\":\"https:\\\/\\\/schema.org\",\"@graph\":[{\"@type\":\"Article\",\"@id\":\"https:\\\/\\\/influenzespain.com\\\/es\\\/entrevista-pablo-gomez-perpinyia-portavoz-mas-madrid-elecciones\\\/#article\",\"isPartOf\":{\"@id\":\"https:\\\/\\\/influenzespain.com\\\/es\\\/entrevista-pablo-gomez-perpinyia-portavoz-mas-madrid-elecciones\\\/\"},\"author\":{\"name\":\"InFluenze Spain\",\"@id\":\"https:\\\/\\\/influenzespain.com\\\/#\\\/schema\\\/person\\\/db6f35f53d1c4f87e1118e7aa76dcc1d\"},\"headline\":\"Entrevista a Pablo G\u00f3mez Perpiny\u00e0, portavoz de M\u00e1s Madrid\",\"datePublished\":\"2021-04-19T13:19:00+00:00\",\"dateModified\":\"2021-05-25T15:36:28+00:00\",\"mainEntityOfPage\":{\"@id\":\"https:\\\/\\\/influenzespain.com\\\/es\\\/entrevista-pablo-gomez-perpinyia-portavoz-mas-madrid-elecciones\\\/\"},\"wordCount\":508,\"publisher\":{\"@id\":\"https:\\\/\\\/influenzespain.com\\\/#organization\"},\"image\":{\"@id\":\"https:\\\/\\\/influenzespain.com\\\/es\\\/entrevista-pablo-gomez-perpinyia-portavoz-mas-madrid-elecciones\\\/#primaryimage\"},\"thumbnailUrl\":\"https:\\\/\\\/influenzespain.com\\\/wp-content\\\/uploads\\\/2021\\\/04\\\/140421_PabloGomezPerpinya_Portavoz_MasMadrid.jpg\",\"keywords\":[\"4M\",\"Elecciones Madrid\",\"M\u00e1s Madrid\",\"M\u00f3nica Garc\u00eda\",\"Pablo G\u00f3mez Perpiny\u00e0\"],\"articleSection\":[\"Actualidad Pol\u00edtica\"],\"inLanguage\":\"es\"},{\"@type\":\"WebPage\",\"@id\":\"https:\\\/\\\/influenzespain.com\\\/es\\\/entrevista-pablo-gomez-perpinyia-portavoz-mas-madrid-elecciones\\\/\",\"url\":\"https:\\\/\\\/influenzespain.com\\\/es\\\/entrevista-pablo-gomez-perpinyia-portavoz-mas-madrid-elecciones\\\/\",\"name\":\"Entrevista a Pablo G\u00f3mez Perpiny\u00e0, portavoz de M\u00e1s Madrid - Influence Spain | Consultor\u00eda de asuntos p\u00fablicos y lobbying\",\"isPartOf\":{\"@id\":\"https:\\\/\\\/influenzespain.com\\\/#website\"},\"primaryImageOfPage\":{\"@id\":\"https:\\\/\\\/influenzespain.com\\\/es\\\/entrevista-pablo-gomez-perpinyia-portavoz-mas-madrid-elecciones\\\/#primaryimage\"},\"image\":{\"@id\":\"https:\\\/\\\/influenzespain.com\\\/es\\\/entrevista-pablo-gomez-perpinyia-portavoz-mas-madrid-elecciones\\\/#primaryimage\"},\"thumbnailUrl\":\"https:\\\/\\\/influenzespain.com\\\/wp-content\\\/uploads\\\/2021\\\/04\\\/140421_PabloGomezPerpinya_Portavoz_MasMadrid.jpg\",\"datePublished\":\"2021-04-19T13:19:00+00:00\",\"dateModified\":\"2021-05-25T15:36:28+00:00\",\"description\":\"Pablo G\u00f3mez Perpiny\u00e0 habla de las oportunidades de M\u00e1s Madrid en estas pr\u00f3ximas elecciones de la Comunidad para fomentar el voto progresista.\",\"breadcrumb\":{\"@id\":\"https:\\\/\\\/influenzespain.com\\\/es\\\/entrevista-pablo-gomez-perpinyia-portavoz-mas-madrid-elecciones\\\/#breadcrumb\"},\"inLanguage\":\"es\",\"potentialAction\":[{\"@type\":\"ReadAction\",\"target\":[\"https:\\\/\\\/influenzespain.com\\\/es\\\/entrevista-pablo-gomez-perpinyia-portavoz-mas-madrid-elecciones\\\/\"]}]},{\"@type\":\"ImageObject\",\"inLanguage\":\"es\",\"@id\":\"https:\\\/\\\/influenzespain.com\\\/es\\\/entrevista-pablo-gomez-perpinyia-portavoz-mas-madrid-elecciones\\\/#primaryimage\",\"url\":\"https:\\\/\\\/influenzespain.com\\\/wp-content\\\/uploads\\\/2021\\\/04\\\/140421_PabloGomezPerpinya_Portavoz_MasMadrid.jpg\",\"contentUrl\":\"https:\\\/\\\/influenzespain.com\\\/wp-content\\\/uploads\\\/2021\\\/04\\\/140421_PabloGomezPerpinya_Portavoz_MasMadrid.jpg\",\"width\":630,\"height\":416,\"caption\":\"Pablo Gomez Perpinya portavoz de Mas Madrid\"},{\"@type\":\"BreadcrumbList\",\"@id\":\"https:\\\/\\\/influenzespain.com\\\/es\\\/entrevista-pablo-gomez-perpinyia-portavoz-mas-madrid-elecciones\\\/#breadcrumb\",\"itemListElement\":[{\"@type\":\"ListItem\",\"position\":1,\"name\":\"Portada\",\"item\":\"https:\\\/\\\/influenzespain.com\\\/\"},{\"@type\":\"ListItem\",\"position\":2,\"name\":\"Entrevista a Pablo G\u00f3mez Perpiny\u00e0, portavoz de M\u00e1s Madrid\"}]},{\"@type\":\"WebSite\",\"@id\":\"https:\\\/\\\/influenzespain.com\\\/#website\",\"url\":\"https:\\\/\\\/influenzespain.com\\\/\",\"name\":\"Influence Spain | Consultor\u00eda de asuntos p\u00fablicos y lobbying\",\"description\":\"La consultor\u00eda de Asuntos P\u00fablicos y Lobbying pionera de Espa\u00f1a\",\"publisher\":{\"@id\":\"https:\\\/\\\/influenzespain.com\\\/#organization\"},\"potentialAction\":[{\"@type\":\"SearchAction\",\"target\":{\"@type\":\"EntryPoint\",\"urlTemplate\":\"https:\\\/\\\/influenzespain.com\\\/?s={search_term_string}\"},\"query-input\":{\"@type\":\"PropertyValueSpecification\",\"valueRequired\":true,\"valueName\":\"search_term_string\"}}],\"inLanguage\":\"es\"},{\"@type\":\"Organization\",\"@id\":\"https:\\\/\\\/influenzespain.com\\\/#organization\",\"name\":\"InFluenceSpain\",\"url\":\"https:\\\/\\\/influenzespain.com\\\/\",\"logo\":{\"@type\":\"ImageObject\",\"inLanguage\":\"es\",\"@id\":\"https:\\\/\\\/influenzespain.com\\\/#\\\/schema\\\/logo\\\/image\\\/\",\"url\":\"https:\\\/\\\/influenzespain.com\\\/wp-content\\\/uploads\\\/2020\\\/12\\\/logo-influence-spain-lobby-consultoria-asuntos-publicos-275.jpg\",\"contentUrl\":\"https:\\\/\\\/influenzespain.com\\\/wp-content\\\/uploads\\\/2020\\\/12\\\/logo-influence-spain-lobby-consultoria-asuntos-publicos-275.jpg\",\"width\":275,\"height\":65,\"caption\":\"InFluenceSpain\"},\"image\":{\"@id\":\"https:\\\/\\\/influenzespain.com\\\/#\\\/schema\\\/logo\\\/image\\\/\"},\"sameAs\":[\"https:\\\/\\\/x.com\\\/InFluenceSpain\",\"https:\\\/\\\/www.linkedin.com\\\/company\\\/influencespain\\\/\"]},{\"@type\":\"Person\",\"@id\":\"https:\\\/\\\/influenzespain.com\\\/#\\\/schema\\\/person\\\/db6f35f53d1c4f87e1118e7aa76dcc1d\",\"name\":\"InFluenze Spain\",\"image\":{\"@type\":\"ImageObject\",\"inLanguage\":\"es\",\"@id\":\"https:\\\/\\\/secure.gravatar.com\\\/avatar\\\/e3437bffd9df1ea898c2fce9ad5070358be5f16f1bb22c8e00e1cc0d9d9d1f59?s=96&d=mm&r=g\",\"url\":\"https:\\\/\\\/secure.gravatar.com\\\/avatar\\\/e3437bffd9df1ea898c2fce9ad5070358be5f16f1bb22c8e00e1cc0d9d9d1f59?s=96&d=mm&r=g\",\"contentUrl\":\"https:\\\/\\\/secure.gravatar.com\\\/avatar\\\/e3437bffd9df1ea898c2fce9ad5070358be5f16f1bb22c8e00e1cc0d9d9d1f59?s=96&d=mm&r=g\",\"caption\":\"InFluenze Spain\"},\"sameAs\":[\"https:\\\/\\\/influenzespain.com\"],\"url\":\"https:\\\/\\\/influenzespain.com\\\/es\\\/author\\\/admin_influence\\\/\"}]}<\/script>\n<!-- \/ Yoast SEO plugin. -->","yoast_head_json":{"title":"Entrevista a Pablo G\u00f3mez Perpiny\u00e0, portavoz de M\u00e1s Madrid - Influence Spain | Consultor\u00eda de asuntos p\u00fablicos y lobbying","description":"Pablo G\u00f3mez Perpiny\u00e0 habla de las oportunidades de M\u00e1s Madrid en estas pr\u00f3ximas elecciones de la Comunidad para fomentar el voto progresista.","robots":{"index":"index","follow":"follow","max-snippet":"max-snippet:-1","max-image-preview":"max-image-preview:large","max-video-preview":"max-video-preview:-1"},"canonical":"https:\/\/influenzespain.com\/es\/entrevista-pablo-gomez-perpinyia-portavoz-mas-madrid-elecciones\/","og_locale":"es_ES","og_type":"article","og_title":"Entrevista a Pablo G\u00f3mez Perpiny\u00e0, portavoz de M\u00e1s Madrid","og_description":"Pablo G\u00f3mez Perpiny\u00e0 habla de las oportunidades de M\u00e1s Madrid en estas pr\u00f3ximas elecciones de la Comunidad para fomentar el voto progresista.","og_url":"https:\/\/influenzespain.com\/es\/entrevista-pablo-gomez-perpinyia-portavoz-mas-madrid-elecciones\/","og_site_name":"Influence Spain | Consultor\u00eda de asuntos p\u00fablicos y lobbying","article_published_time":"2021-04-19T13:19:00+00:00","article_modified_time":"2021-05-25T15:36:28+00:00","og_image":[{"width":630,"height":416,"url":"https:\/\/influenzespain.com\/wp-content\/uploads\/2021\/04\/140421_PabloGomezPerpinya_Portavoz_MasMadrid.jpg","type":"image\/jpeg"}],"author":"InFluenze Spain","twitter_card":"summary_large_image","twitter_title":"Entrevista a Pablo G\u00f3mez Perpiny\u00e0, portavoz de M\u00e1s Madrid","twitter_description":"Pablo G\u00f3mez Perpiny\u00e0 habla de las oportunidades de M\u00e1s Madrid en estas pr\u00f3ximas elecciones de la Comunidad para fomentar el voto progresista.","twitter_image":"https:\/\/influenzespain.com\/wp-content\/uploads\/2021\/04\/140421_PabloGomezPerpinya_Portavoz_MasMadrid.jpg","twitter_creator":"@InFluenceSpain","twitter_site":"@InFluenceSpain","twitter_misc":{"Escrito por":"InFluenze Spain","Tiempo de lectura":"3 minutos"},"schema":{"@context":"https:\/\/schema.org","@graph":[{"@type":"Article","@id":"https:\/\/influenzespain.com\/es\/entrevista-pablo-gomez-perpinyia-portavoz-mas-madrid-elecciones\/#article","isPartOf":{"@id":"https:\/\/influenzespain.com\/es\/entrevista-pablo-gomez-perpinyia-portavoz-mas-madrid-elecciones\/"},"author":{"name":"InFluenze Spain","@id":"https:\/\/influenzespain.com\/#\/schema\/person\/db6f35f53d1c4f87e1118e7aa76dcc1d"},"headline":"Entrevista a Pablo G\u00f3mez Perpiny\u00e0, portavoz de M\u00e1s Madrid","datePublished":"2021-04-19T13:19:00+00:00","dateModified":"2021-05-25T15:36:28+00:00","mainEntityOfPage":{"@id":"https:\/\/influenzespain.com\/es\/entrevista-pablo-gomez-perpinyia-portavoz-mas-madrid-elecciones\/"},"wordCount":508,"publisher":{"@id":"https:\/\/influenzespain.com\/#organization"},"image":{"@id":"https:\/\/influenzespain.com\/es\/entrevista-pablo-gomez-perpinyia-portavoz-mas-madrid-elecciones\/#primaryimage"},"thumbnailUrl":"https:\/\/influenzespain.com\/wp-content\/uploads\/2021\/04\/140421_PabloGomezPerpinya_Portavoz_MasMadrid.jpg","keywords":["4M","Elecciones Madrid","M\u00e1s Madrid","M\u00f3nica Garc\u00eda","Pablo G\u00f3mez Perpiny\u00e0"],"articleSection":["Actualidad Pol\u00edtica"],"inLanguage":"es"},{"@type":"WebPage","@id":"https:\/\/influenzespain.com\/es\/entrevista-pablo-gomez-perpinyia-portavoz-mas-madrid-elecciones\/","url":"https:\/\/influenzespain.com\/es\/entrevista-pablo-gomez-perpinyia-portavoz-mas-madrid-elecciones\/","name":"Entrevista a Pablo G\u00f3mez Perpiny\u00e0, portavoz de M\u00e1s Madrid - Influence Spain | Consultor\u00eda de asuntos p\u00fablicos y lobbying","isPartOf":{"@id":"https:\/\/influenzespain.com\/#website"},"primaryImageOfPage":{"@id":"https:\/\/influenzespain.com\/es\/entrevista-pablo-gomez-perpinyia-portavoz-mas-madrid-elecciones\/#primaryimage"},"image":{"@id":"https:\/\/influenzespain.com\/es\/entrevista-pablo-gomez-perpinyia-portavoz-mas-madrid-elecciones\/#primaryimage"},"thumbnailUrl":"https:\/\/influenzespain.com\/wp-content\/uploads\/2021\/04\/140421_PabloGomezPerpinya_Portavoz_MasMadrid.jpg","datePublished":"2021-04-19T13:19:00+00:00","dateModified":"2021-05-25T15:36:28+00:00","description":"Pablo G\u00f3mez Perpiny\u00e0 habla de las oportunidades de M\u00e1s Madrid en estas pr\u00f3ximas elecciones de la Comunidad para fomentar el voto progresista.","breadcrumb":{"@id":"https:\/\/influenzespain.com\/es\/entrevista-pablo-gomez-perpinyia-portavoz-mas-madrid-elecciones\/#breadcrumb"},"inLanguage":"es","potentialAction":[{"@type":"ReadAction","target":["https:\/\/influenzespain.com\/es\/entrevista-pablo-gomez-perpinyia-portavoz-mas-madrid-elecciones\/"]}]},{"@type":"ImageObject","inLanguage":"es","@id":"https:\/\/influenzespain.com\/es\/entrevista-pablo-gomez-perpinyia-portavoz-mas-madrid-elecciones\/#primaryimage","url":"https:\/\/influenzespain.com\/wp-content\/uploads\/2021\/04\/140421_PabloGomezPerpinya_Portavoz_MasMadrid.jpg","contentUrl":"https:\/\/influenzespain.com\/wp-content\/uploads\/2021\/04\/140421_PabloGomezPerpinya_Portavoz_MasMadrid.jpg","width":630,"height":416,"caption":"Pablo Gomez Perpinya portavoz de Mas Madrid"},{"@type":"BreadcrumbList","@id":"https:\/\/influenzespain.com\/es\/entrevista-pablo-gomez-perpinyia-portavoz-mas-madrid-elecciones\/#breadcrumb","itemListElement":[{"@type":"ListItem","position":1,"name":"Portada","item":"https:\/\/influenzespain.com\/"},{"@type":"ListItem","position":2,"name":"Entrevista a Pablo G\u00f3mez Perpiny\u00e0, portavoz de M\u00e1s Madrid"}]},{"@type":"WebSite","@id":"https:\/\/influenzespain.com\/#website","url":"https:\/\/influenzespain.com\/","name":"Influence Spain | Consultor\u00eda de asuntos p\u00fablicos y lobbying","description":"La consultor\u00eda de Asuntos P\u00fablicos y Lobbying pionera de Espa\u00f1a","publisher":{"@id":"https:\/\/influenzespain.com\/#organization"},"potentialAction":[{"@type":"SearchAction","target":{"@type":"EntryPoint","urlTemplate":"https:\/\/influenzespain.com\/?s={search_term_string}"},"query-input":{"@type":"PropertyValueSpecification","valueRequired":true,"valueName":"search_term_string"}}],"inLanguage":"es"},{"@type":"Organization","@id":"https:\/\/influenzespain.com\/#organization","name":"InFluenceSpain","url":"https:\/\/influenzespain.com\/","logo":{"@type":"ImageObject","inLanguage":"es","@id":"https:\/\/influenzespain.com\/#\/schema\/logo\/image\/","url":"https:\/\/influenzespain.com\/wp-content\/uploads\/2020\/12\/logo-influence-spain-lobby-consultoria-asuntos-publicos-275.jpg","contentUrl":"https:\/\/influenzespain.com\/wp-content\/uploads\/2020\/12\/logo-influence-spain-lobby-consultoria-asuntos-publicos-275.jpg","width":275,"height":65,"caption":"InFluenceSpain"},"image":{"@id":"https:\/\/influenzespain.com\/#\/schema\/logo\/image\/"},"sameAs":["https:\/\/x.com\/InFluenceSpain","https:\/\/www.linkedin.com\/company\/influencespain\/"]},{"@type":"Person","@id":"https:\/\/influenzespain.com\/#\/schema\/person\/db6f35f53d1c4f87e1118e7aa76dcc1d","name":"InFluenze Spain","image":{"@type":"ImageObject","inLanguage":"es","@id":"https:\/\/secure.gravatar.com\/avatar\/e3437bffd9df1ea898c2fce9ad5070358be5f16f1bb22c8e00e1cc0d9d9d1f59?s=96&d=mm&r=g","url":"https:\/\/secure.gravatar.com\/avatar\/e3437bffd9df1ea898c2fce9ad5070358be5f16f1bb22c8e00e1cc0d9d9d1f59?s=96&d=mm&r=g","contentUrl":"https:\/\/secure.gravatar.com\/avatar\/e3437bffd9df1ea898c2fce9ad5070358be5f16f1bb22c8e00e1cc0d9d9d1f59?s=96&d=mm&r=g","caption":"InFluenze Spain"},"sameAs":["https:\/\/influenzespain.com"],"url":"https:\/\/influenzespain.com\/es\/author\/admin_influence\/"}]}},"_links":{"self":[{"href":"https:\/\/influenzespain.com\/es\/wp-json\/wp\/v2\/posts\/1246","targetHints":{"allow":["GET"]}}],"collection":[{"href":"https:\/\/influenzespain.com\/es\/wp-json\/wp\/v2\/posts"}],"about":[{"href":"https:\/\/influenzespain.com\/es\/wp-json\/wp\/v2\/types\/post"}],"author":[{"embeddable":true,"href":"https:\/\/influenzespain.com\/es\/wp-json\/wp\/v2\/users\/2"}],"replies":[{"embeddable":true,"href":"https:\/\/influenzespain.com\/es\/wp-json\/wp\/v2\/comments?post=1246"}],"version-history":[{"count":2,"href":"https:\/\/influenzespain.com\/es\/wp-json\/wp\/v2\/posts\/1246\/revisions"}],"predecessor-version":[{"id":1253,"href":"https:\/\/influenzespain.com\/es\/wp-json\/wp\/v2\/posts\/1246\/revisions\/1253"}],"wp:featuredmedia":[{"embeddable":true,"href":"https:\/\/influenzespain.com\/es\/wp-json\/wp\/v2\/media\/1250"}],"wp:attachment":[{"href":"https:\/\/influenzespain.com\/es\/wp-json\/wp\/v2\/media?parent=1246"}],"wp:term":[{"taxonomy":"category","embeddable":true,"href":"https:\/\/influenzespain.com\/es\/wp-json\/wp\/v2\/categories?post=1246"},{"taxonomy":"post_tag","embeddable":true,"href":"https:\/\/influenzespain.com\/es\/wp-json\/wp\/v2\/tags?post=1246"}],"curies":[{"name":"wp","href":"https:\/\/api.w.org\/{rel}","templated":true}]}}