{"id":1377,"date":"2021-06-14T10:09:00","date_gmt":"2021-06-14T10:09:00","guid":{"rendered":"https:\/\/influencespain.com\/?p=1377"},"modified":"2021-06-17T12:12:35","modified_gmt":"2021-06-17T12:12:35","slug":"entrevista-a-carlos-carrizosa-lider-de-ciudadanos-en-el-parlamento-de-cataluna","status":"publish","type":"post","link":"https:\/\/influenzespain.com\/es\/entrevista-a-carlos-carrizosa-lider-de-ciudadanos-en-el-parlamento-de-cataluna\/","title":{"rendered":"Entrevista a Carlos Carrizosa, l\u00edder de Ciudadanos en el Parlamento de Catalu\u00f1a"},"content":{"rendered":"\n<p><a href=\"https:\/\/twitter.com\/carrizosacarlos?ref_src=twsrc%5Egoogle%7Ctwcamp%5Eserp%7Ctwgr%5Eauthor\">Carles Carrizosa<\/a> repasa la jornada de protesta en la Plaza de Col\u00f3n con <a href=\"https:\/\/influenzespain.com\/equipo\/\">Federico Quevedo<\/a> en El Balance. PP, Ciudadanos y Vox, volvieron a congregarse para mostrar su rechazo a los indultos de los presos del proc\u00e9s que el Gobierno central prepara. Seg\u00fan el l\u00edder de Ciudadanos en el Parlamento de Catalu\u00f1a: \u201clos espa\u00f1oles entienden que esto no es de ser facha o socialista\u201d.<\/p>\n\n\n\n<p>Para Carrizosa esto no va de facciones pol\u00edticas o de ideolog\u00edas. Seg\u00fan se\u00f1ala, dar los indultos supondr\u00eda una concesi\u00f3n gratuita al separatismo, \u00abque nos va a dejar a los constitucionalistas indefensos\u00bb.  Carrizosa recuerda que, tras la carta de Oriol Junqueras (ERC), despu\u00e9s \u00abla portavoz de ERC dijo que no renuncian a la declaraci\u00f3n unilateral de independencia\u201d.<\/p>\n\n\n\n<h3 class=\"wp-block-heading\"><strong>Uni\u00f3n con Vox<\/strong><\/h3>\n\n\n\n<p>Carrizosa defiende la manifestaci\u00f3n como una protesta de la sociedad civil. Aunque lo cierto es que se ha criticado mucho tanto a PP como a Ciudadanos por asistir, de nuevo, con Vox. <\/p>\n\n\n\n<p>No obstante, el l\u00edder de Cs apunta que los partidos independentistas se hacen fotos con \u00abel terrorista Carlos Sastre, fundador de Terra Lliure, y nadie dice nada\u00bb.<\/p>\n\n\n\n<h3 class=\"wp-block-heading\"><strong>Ciudadanos en Catalu\u00f1a<\/strong><\/h3>\n\n\n\n<p>Ciudadanos, desde las \u00faltimas elecciones, ha perdido mucho peso en Catalu\u00f1a. Pero Carrizosa insiste en que \u00abCiudadanos sigue ah\u00ed defendiendo sin desfallecer, sin ocultar cosas como ha hecho el se\u00f1or Illa\u00bb. El l\u00edder de Cs critica duramente que Salvador Illa, representante del Partido Socialista en Catalu\u00f1a, durante la campa\u00f1a electoral guardara \u201csilencio sobre los indultos, no dijo ni una palabra\u00bb.<\/p>\n\n\n\n<p><strong>Escuche la entrevista completa en el siguiente audio:<\/strong><\/p>\n\n\n\n<figure class=\"wp-block-audio\"><audio controls src=\"https:\/\/influenzespain.com\/wp-content\/uploads\/2021\/06\/140621_CarlesCarrizosa_CsCataluna.mp3\"><\/audio><figcaption><em>Entrevista completa con Carlos Carrizosa, l\u00edder de Cs en el Parlamento de Catalu\u00f1a.<\/em><\/figcaption><\/figure>\n\n\n\n<p class=\"has-text-align-center\"><em>A trav\u00e9s de \u2018El Balance\u2019, programa de Federico Quevedo en Capital Radio, <a href=\"https:\/\/influenzespain.com\/\">Influence Spain<\/a> logra ampliar su red de contactos dentro del espectro estatal, auton\u00f3mico y municipal.<\/em><\/p>\n","protected":false},"excerpt":{"rendered":"<p>Carles Carrizosa repasa la jornada de protesta en la Plaza de Col\u00f3n con Federico Quevedo en El Balance. PP, Ciudadanos y Vox, volvieron a congregarse para mostrar su rechazo a los indultos de los presos del proc\u00e9s que el Gobierno central prepara. Seg\u00fan el l\u00edder de Ciudadanos en el Parlamento de Catalu\u00f1a: \u201clos espa\u00f1oles entienden [&hellip;]<\/p>\n","protected":false},"author":2,"featured_media":1378,"comment_status":"closed","ping_status":"open","sticky":false,"template":"","format":"standard","meta":{"footnotes":""},"categories":[16],"tags":[247,249,248,250],"class_list":["post-1377","post","type-post","status-publish","format-standard","has-post-thumbnail","hentry","category-actualidad-politica","tag-carles-carrizosa","tag-indultos","tag-parlament-cataluna","tag-proces"],"yoast_head":"<!-- This site is optimized with the Yoast SEO plugin v27.4 - https:\/\/yoast.com\/product\/yoast-seo-wordpress\/ -->\n<title>Entrevista a Carlos Carrizosa, l\u00edder de Ciudadanos en el Parlamento de Catalu\u00f1a - Influence Spain | Consultor\u00eda de asuntos p\u00fablicos y lobbying<\/title>\n<meta name=\"description\" content=\"Carlos Carrizosa pasa por los micr\u00f3fonos de El Balance para hablar sobre los indultos que planea el Gobierno central a los presos del proc\u00e8s.\" \/>\n<meta name=\"robots\" content=\"index, follow, max-snippet:-1, max-image-preview:large, max-video-preview:-1\" \/>\n<link rel=\"canonical\" href=\"https:\/\/influenzespain.com\/es\/entrevista-a-carlos-carrizosa-lider-de-ciudadanos-en-el-parlamento-de-cataluna\/\" \/>\n<meta property=\"og:locale\" content=\"es_ES\" \/>\n<meta property=\"og:type\" content=\"article\" \/>\n<meta property=\"og:title\" content=\"Entrevista a Carles Carrizosa, l\u00edder de Ciudadanos en el Parlamento de Catalu\u00f1a\" \/>\n<meta property=\"og:description\" content=\"Carlos Carrizosa pasa por los micr\u00f3fonos de El Balance para hablar sobre los indultos que planea el Gobierno central a los presos del proc\u00e8s.\" \/>\n<meta property=\"og:url\" content=\"https:\/\/influenzespain.com\/es\/entrevista-a-carlos-carrizosa-lider-de-ciudadanos-en-el-parlamento-de-cataluna\/\" \/>\n<meta property=\"og:site_name\" content=\"Influence Spain | Consultor\u00eda de asuntos p\u00fablicos y lobbying\" \/>\n<meta property=\"article:published_time\" content=\"2021-06-14T10:09:00+00:00\" \/>\n<meta property=\"article:modified_time\" content=\"2021-06-17T12:12:35+00:00\" \/>\n<meta property=\"og:image\" content=\"https:\/\/influenzespain.com\/wp-content\/uploads\/2021\/06\/140621_CarlesCarrizosa_CsCataluna.jpg\" \/>\n\t<meta property=\"og:image:width\" content=\"750\" \/>\n\t<meta property=\"og:image:height\" content=\"420\" \/>\n\t<meta property=\"og:image:type\" content=\"image\/jpeg\" \/>\n<meta name=\"author\" content=\"InFluenze Spain\" \/>\n<meta name=\"twitter:card\" content=\"summary_large_image\" \/>\n<meta name=\"twitter:title\" content=\"Entrevista a Carles Carrizosa, l\u00edder de Ciudadanos en el Parlamento de Catalu\u00f1a\" \/>\n<meta name=\"twitter:description\" content=\"Carlos Carrizosa pasa por los micr\u00f3fonos de El Balance para hablar sobre los indultos que planea el Gobierno central a los presos del proc\u00e8s.\" \/>\n<meta name=\"twitter:image\" content=\"https:\/\/influenzespain.com\/wp-content\/uploads\/2021\/06\/140621_CarlesCarrizosa_CsCataluna.jpg\" \/>\n<meta name=\"twitter:creator\" content=\"@InFluenceSpain\" \/>\n<meta name=\"twitter:site\" content=\"@InFluenceSpain\" \/>\n<meta name=\"twitter:label1\" content=\"Escrito por\" \/>\n\t<meta name=\"twitter:data1\" content=\"InFluenze Spain\" \/>\n\t<meta name=\"twitter:label2\" content=\"Tiempo de lectura\" \/>\n\t<meta name=\"twitter:data2\" content=\"2 minutos\" \/>\n<script type=\"application\/ld+json\" class=\"yoast-schema-graph\">{\"@context\":\"https:\\\/\\\/schema.org\",\"@graph\":[{\"@type\":\"Article\",\"@id\":\"https:\\\/\\\/influenzespain.com\\\/es\\\/entrevista-a-carlos-carrizosa-lider-de-ciudadanos-en-el-parlamento-de-cataluna\\\/#article\",\"isPartOf\":{\"@id\":\"https:\\\/\\\/influenzespain.com\\\/es\\\/entrevista-a-carlos-carrizosa-lider-de-ciudadanos-en-el-parlamento-de-cataluna\\\/\"},\"author\":{\"name\":\"InFluenze Spain\",\"@id\":\"https:\\\/\\\/influenzespain.com\\\/#\\\/schema\\\/person\\\/db6f35f53d1c4f87e1118e7aa76dcc1d\"},\"headline\":\"Entrevista a Carlos Carrizosa, l\u00edder de Ciudadanos en el Parlamento de Catalu\u00f1a\",\"datePublished\":\"2021-06-14T10:09:00+00:00\",\"dateModified\":\"2021-06-17T12:12:35+00:00\",\"mainEntityOfPage\":{\"@id\":\"https:\\\/\\\/influenzespain.com\\\/es\\\/entrevista-a-carlos-carrizosa-lider-de-ciudadanos-en-el-parlamento-de-cataluna\\\/\"},\"wordCount\":334,\"publisher\":{\"@id\":\"https:\\\/\\\/influenzespain.com\\\/#organization\"},\"image\":{\"@id\":\"https:\\\/\\\/influenzespain.com\\\/es\\\/entrevista-a-carlos-carrizosa-lider-de-ciudadanos-en-el-parlamento-de-cataluna\\\/#primaryimage\"},\"thumbnailUrl\":\"https:\\\/\\\/influenzespain.com\\\/wp-content\\\/uploads\\\/2021\\\/06\\\/140621_CarlesCarrizosa_CsCataluna.jpg\",\"keywords\":[\"Carles Carrizosa\",\"Indultos\",\"Parlament Catalu\u00f1a\",\"Proces\"],\"articleSection\":[\"Actualidad Pol\u00edtica\"],\"inLanguage\":\"es\"},{\"@type\":\"WebPage\",\"@id\":\"https:\\\/\\\/influenzespain.com\\\/es\\\/entrevista-a-carlos-carrizosa-lider-de-ciudadanos-en-el-parlamento-de-cataluna\\\/\",\"url\":\"https:\\\/\\\/influenzespain.com\\\/es\\\/entrevista-a-carlos-carrizosa-lider-de-ciudadanos-en-el-parlamento-de-cataluna\\\/\",\"name\":\"Entrevista a Carlos Carrizosa, l\u00edder de Ciudadanos en el Parlamento de Catalu\u00f1a - Influence Spain | Consultor\u00eda de asuntos p\u00fablicos y lobbying\",\"isPartOf\":{\"@id\":\"https:\\\/\\\/influenzespain.com\\\/#website\"},\"primaryImageOfPage\":{\"@id\":\"https:\\\/\\\/influenzespain.com\\\/es\\\/entrevista-a-carlos-carrizosa-lider-de-ciudadanos-en-el-parlamento-de-cataluna\\\/#primaryimage\"},\"image\":{\"@id\":\"https:\\\/\\\/influenzespain.com\\\/es\\\/entrevista-a-carlos-carrizosa-lider-de-ciudadanos-en-el-parlamento-de-cataluna\\\/#primaryimage\"},\"thumbnailUrl\":\"https:\\\/\\\/influenzespain.com\\\/wp-content\\\/uploads\\\/2021\\\/06\\\/140621_CarlesCarrizosa_CsCataluna.jpg\",\"datePublished\":\"2021-06-14T10:09:00+00:00\",\"dateModified\":\"2021-06-17T12:12:35+00:00\",\"description\":\"Carlos Carrizosa pasa por los micr\u00f3fonos de El Balance para hablar sobre los indultos que planea el Gobierno central a los presos del proc\u00e8s.\",\"breadcrumb\":{\"@id\":\"https:\\\/\\\/influenzespain.com\\\/es\\\/entrevista-a-carlos-carrizosa-lider-de-ciudadanos-en-el-parlamento-de-cataluna\\\/#breadcrumb\"},\"inLanguage\":\"es\",\"potentialAction\":[{\"@type\":\"ReadAction\",\"target\":[\"https:\\\/\\\/influenzespain.com\\\/es\\\/entrevista-a-carlos-carrizosa-lider-de-ciudadanos-en-el-parlamento-de-cataluna\\\/\"]}]},{\"@type\":\"ImageObject\",\"inLanguage\":\"es\",\"@id\":\"https:\\\/\\\/influenzespain.com\\\/es\\\/entrevista-a-carlos-carrizosa-lider-de-ciudadanos-en-el-parlamento-de-cataluna\\\/#primaryimage\",\"url\":\"https:\\\/\\\/influenzespain.com\\\/wp-content\\\/uploads\\\/2021\\\/06\\\/140621_CarlesCarrizosa_CsCataluna.jpg\",\"contentUrl\":\"https:\\\/\\\/influenzespain.com\\\/wp-content\\\/uploads\\\/2021\\\/06\\\/140621_CarlesCarrizosa_CsCataluna.jpg\",\"width\":750,\"height\":420,\"caption\":\"Carles Carrizosa en una rueda de prensa de Ciudadanos\"},{\"@type\":\"BreadcrumbList\",\"@id\":\"https:\\\/\\\/influenzespain.com\\\/es\\\/entrevista-a-carlos-carrizosa-lider-de-ciudadanos-en-el-parlamento-de-cataluna\\\/#breadcrumb\",\"itemListElement\":[{\"@type\":\"ListItem\",\"position\":1,\"name\":\"Portada\",\"item\":\"https:\\\/\\\/influenzespain.com\\\/\"},{\"@type\":\"ListItem\",\"position\":2,\"name\":\"Entrevista a Carlos Carrizosa, l\u00edder de Ciudadanos en el Parlamento de Catalu\u00f1a\"}]},{\"@type\":\"WebSite\",\"@id\":\"https:\\\/\\\/influenzespain.com\\\/#website\",\"url\":\"https:\\\/\\\/influenzespain.com\\\/\",\"name\":\"Influence Spain | Consultor\u00eda de asuntos p\u00fablicos y lobbying\",\"description\":\"La consultor\u00eda de Asuntos P\u00fablicos y Lobbying pionera de Espa\u00f1a\",\"publisher\":{\"@id\":\"https:\\\/\\\/influenzespain.com\\\/#organization\"},\"potentialAction\":[{\"@type\":\"SearchAction\",\"target\":{\"@type\":\"EntryPoint\",\"urlTemplate\":\"https:\\\/\\\/influenzespain.com\\\/?s={search_term_string}\"},\"query-input\":{\"@type\":\"PropertyValueSpecification\",\"valueRequired\":true,\"valueName\":\"search_term_string\"}}],\"inLanguage\":\"es\"},{\"@type\":\"Organization\",\"@id\":\"https:\\\/\\\/influenzespain.com\\\/#organization\",\"name\":\"InFluenceSpain\",\"url\":\"https:\\\/\\\/influenzespain.com\\\/\",\"logo\":{\"@type\":\"ImageObject\",\"inLanguage\":\"es\",\"@id\":\"https:\\\/\\\/influenzespain.com\\\/#\\\/schema\\\/logo\\\/image\\\/\",\"url\":\"https:\\\/\\\/influenzespain.com\\\/wp-content\\\/uploads\\\/2020\\\/12\\\/logo-influence-spain-lobby-consultoria-asuntos-publicos-275.jpg\",\"contentUrl\":\"https:\\\/\\\/influenzespain.com\\\/wp-content\\\/uploads\\\/2020\\\/12\\\/logo-influence-spain-lobby-consultoria-asuntos-publicos-275.jpg\",\"width\":275,\"height\":65,\"caption\":\"InFluenceSpain\"},\"image\":{\"@id\":\"https:\\\/\\\/influenzespain.com\\\/#\\\/schema\\\/logo\\\/image\\\/\"},\"sameAs\":[\"https:\\\/\\\/x.com\\\/InFluenceSpain\",\"https:\\\/\\\/www.linkedin.com\\\/company\\\/influencespain\\\/\"]},{\"@type\":\"Person\",\"@id\":\"https:\\\/\\\/influenzespain.com\\\/#\\\/schema\\\/person\\\/db6f35f53d1c4f87e1118e7aa76dcc1d\",\"name\":\"InFluenze Spain\",\"image\":{\"@type\":\"ImageObject\",\"inLanguage\":\"es\",\"@id\":\"https:\\\/\\\/secure.gravatar.com\\\/avatar\\\/e3437bffd9df1ea898c2fce9ad5070358be5f16f1bb22c8e00e1cc0d9d9d1f59?s=96&d=mm&r=g\",\"url\":\"https:\\\/\\\/secure.gravatar.com\\\/avatar\\\/e3437bffd9df1ea898c2fce9ad5070358be5f16f1bb22c8e00e1cc0d9d9d1f59?s=96&d=mm&r=g\",\"contentUrl\":\"https:\\\/\\\/secure.gravatar.com\\\/avatar\\\/e3437bffd9df1ea898c2fce9ad5070358be5f16f1bb22c8e00e1cc0d9d9d1f59?s=96&d=mm&r=g\",\"caption\":\"InFluenze Spain\"},\"sameAs\":[\"https:\\\/\\\/influenzespain.com\"],\"url\":\"https:\\\/\\\/influenzespain.com\\\/es\\\/author\\\/admin_influence\\\/\"}]}<\/script>\n<!-- \/ Yoast SEO plugin. -->","yoast_head_json":{"title":"Entrevista a Carlos Carrizosa, l\u00edder de Ciudadanos en el Parlamento de Catalu\u00f1a - Influence Spain | Consultor\u00eda de asuntos p\u00fablicos y lobbying","description":"Carlos Carrizosa pasa por los micr\u00f3fonos de El Balance para hablar sobre los indultos que planea el Gobierno central a los presos del proc\u00e8s.","robots":{"index":"index","follow":"follow","max-snippet":"max-snippet:-1","max-image-preview":"max-image-preview:large","max-video-preview":"max-video-preview:-1"},"canonical":"https:\/\/influenzespain.com\/es\/entrevista-a-carlos-carrizosa-lider-de-ciudadanos-en-el-parlamento-de-cataluna\/","og_locale":"es_ES","og_type":"article","og_title":"Entrevista a Carles Carrizosa, l\u00edder de Ciudadanos en el Parlamento de Catalu\u00f1a","og_description":"Carlos Carrizosa pasa por los micr\u00f3fonos de El Balance para hablar sobre los indultos que planea el Gobierno central a los presos del proc\u00e8s.","og_url":"https:\/\/influenzespain.com\/es\/entrevista-a-carlos-carrizosa-lider-de-ciudadanos-en-el-parlamento-de-cataluna\/","og_site_name":"Influence Spain | Consultor\u00eda de asuntos p\u00fablicos y lobbying","article_published_time":"2021-06-14T10:09:00+00:00","article_modified_time":"2021-06-17T12:12:35+00:00","og_image":[{"width":750,"height":420,"url":"https:\/\/influenzespain.com\/wp-content\/uploads\/2021\/06\/140621_CarlesCarrizosa_CsCataluna.jpg","type":"image\/jpeg"}],"author":"InFluenze Spain","twitter_card":"summary_large_image","twitter_title":"Entrevista a Carles Carrizosa, l\u00edder de Ciudadanos en el Parlamento de Catalu\u00f1a","twitter_description":"Carlos Carrizosa pasa por los micr\u00f3fonos de El Balance para hablar sobre los indultos que planea el Gobierno central a los presos del proc\u00e8s.","twitter_image":"https:\/\/influenzespain.com\/wp-content\/uploads\/2021\/06\/140621_CarlesCarrizosa_CsCataluna.jpg","twitter_creator":"@InFluenceSpain","twitter_site":"@InFluenceSpain","twitter_misc":{"Escrito por":"InFluenze Spain","Tiempo de lectura":"2 minutos"},"schema":{"@context":"https:\/\/schema.org","@graph":[{"@type":"Article","@id":"https:\/\/influenzespain.com\/es\/entrevista-a-carlos-carrizosa-lider-de-ciudadanos-en-el-parlamento-de-cataluna\/#article","isPartOf":{"@id":"https:\/\/influenzespain.com\/es\/entrevista-a-carlos-carrizosa-lider-de-ciudadanos-en-el-parlamento-de-cataluna\/"},"author":{"name":"InFluenze Spain","@id":"https:\/\/influenzespain.com\/#\/schema\/person\/db6f35f53d1c4f87e1118e7aa76dcc1d"},"headline":"Entrevista a Carlos Carrizosa, l\u00edder de Ciudadanos en el Parlamento de Catalu\u00f1a","datePublished":"2021-06-14T10:09:00+00:00","dateModified":"2021-06-17T12:12:35+00:00","mainEntityOfPage":{"@id":"https:\/\/influenzespain.com\/es\/entrevista-a-carlos-carrizosa-lider-de-ciudadanos-en-el-parlamento-de-cataluna\/"},"wordCount":334,"publisher":{"@id":"https:\/\/influenzespain.com\/#organization"},"image":{"@id":"https:\/\/influenzespain.com\/es\/entrevista-a-carlos-carrizosa-lider-de-ciudadanos-en-el-parlamento-de-cataluna\/#primaryimage"},"thumbnailUrl":"https:\/\/influenzespain.com\/wp-content\/uploads\/2021\/06\/140621_CarlesCarrizosa_CsCataluna.jpg","keywords":["Carles Carrizosa","Indultos","Parlament Catalu\u00f1a","Proces"],"articleSection":["Actualidad Pol\u00edtica"],"inLanguage":"es"},{"@type":"WebPage","@id":"https:\/\/influenzespain.com\/es\/entrevista-a-carlos-carrizosa-lider-de-ciudadanos-en-el-parlamento-de-cataluna\/","url":"https:\/\/influenzespain.com\/es\/entrevista-a-carlos-carrizosa-lider-de-ciudadanos-en-el-parlamento-de-cataluna\/","name":"Entrevista a Carlos Carrizosa, l\u00edder de Ciudadanos en el Parlamento de Catalu\u00f1a - Influence Spain | Consultor\u00eda de asuntos p\u00fablicos y lobbying","isPartOf":{"@id":"https:\/\/influenzespain.com\/#website"},"primaryImageOfPage":{"@id":"https:\/\/influenzespain.com\/es\/entrevista-a-carlos-carrizosa-lider-de-ciudadanos-en-el-parlamento-de-cataluna\/#primaryimage"},"image":{"@id":"https:\/\/influenzespain.com\/es\/entrevista-a-carlos-carrizosa-lider-de-ciudadanos-en-el-parlamento-de-cataluna\/#primaryimage"},"thumbnailUrl":"https:\/\/influenzespain.com\/wp-content\/uploads\/2021\/06\/140621_CarlesCarrizosa_CsCataluna.jpg","datePublished":"2021-06-14T10:09:00+00:00","dateModified":"2021-06-17T12:12:35+00:00","description":"Carlos Carrizosa pasa por los micr\u00f3fonos de El Balance para hablar sobre los indultos que planea el Gobierno central a los presos del proc\u00e8s.","breadcrumb":{"@id":"https:\/\/influenzespain.com\/es\/entrevista-a-carlos-carrizosa-lider-de-ciudadanos-en-el-parlamento-de-cataluna\/#breadcrumb"},"inLanguage":"es","potentialAction":[{"@type":"ReadAction","target":["https:\/\/influenzespain.com\/es\/entrevista-a-carlos-carrizosa-lider-de-ciudadanos-en-el-parlamento-de-cataluna\/"]}]},{"@type":"ImageObject","inLanguage":"es","@id":"https:\/\/influenzespain.com\/es\/entrevista-a-carlos-carrizosa-lider-de-ciudadanos-en-el-parlamento-de-cataluna\/#primaryimage","url":"https:\/\/influenzespain.com\/wp-content\/uploads\/2021\/06\/140621_CarlesCarrizosa_CsCataluna.jpg","contentUrl":"https:\/\/influenzespain.com\/wp-content\/uploads\/2021\/06\/140621_CarlesCarrizosa_CsCataluna.jpg","width":750,"height":420,"caption":"Carles Carrizosa en una rueda de prensa de Ciudadanos"},{"@type":"BreadcrumbList","@id":"https:\/\/influenzespain.com\/es\/entrevista-a-carlos-carrizosa-lider-de-ciudadanos-en-el-parlamento-de-cataluna\/#breadcrumb","itemListElement":[{"@type":"ListItem","position":1,"name":"Portada","item":"https:\/\/influenzespain.com\/"},{"@type":"ListItem","position":2,"name":"Entrevista a Carlos Carrizosa, l\u00edder de Ciudadanos en el Parlamento de Catalu\u00f1a"}]},{"@type":"WebSite","@id":"https:\/\/influenzespain.com\/#website","url":"https:\/\/influenzespain.com\/","name":"Influence Spain | Consultor\u00eda de asuntos p\u00fablicos y lobbying","description":"La consultor\u00eda de Asuntos P\u00fablicos y Lobbying pionera de Espa\u00f1a","publisher":{"@id":"https:\/\/influenzespain.com\/#organization"},"potentialAction":[{"@type":"SearchAction","target":{"@type":"EntryPoint","urlTemplate":"https:\/\/influenzespain.com\/?s={search_term_string}"},"query-input":{"@type":"PropertyValueSpecification","valueRequired":true,"valueName":"search_term_string"}}],"inLanguage":"es"},{"@type":"Organization","@id":"https:\/\/influenzespain.com\/#organization","name":"InFluenceSpain","url":"https:\/\/influenzespain.com\/","logo":{"@type":"ImageObject","inLanguage":"es","@id":"https:\/\/influenzespain.com\/#\/schema\/logo\/image\/","url":"https:\/\/influenzespain.com\/wp-content\/uploads\/2020\/12\/logo-influence-spain-lobby-consultoria-asuntos-publicos-275.jpg","contentUrl":"https:\/\/influenzespain.com\/wp-content\/uploads\/2020\/12\/logo-influence-spain-lobby-consultoria-asuntos-publicos-275.jpg","width":275,"height":65,"caption":"InFluenceSpain"},"image":{"@id":"https:\/\/influenzespain.com\/#\/schema\/logo\/image\/"},"sameAs":["https:\/\/x.com\/InFluenceSpain","https:\/\/www.linkedin.com\/company\/influencespain\/"]},{"@type":"Person","@id":"https:\/\/influenzespain.com\/#\/schema\/person\/db6f35f53d1c4f87e1118e7aa76dcc1d","name":"InFluenze Spain","image":{"@type":"ImageObject","inLanguage":"es","@id":"https:\/\/secure.gravatar.com\/avatar\/e3437bffd9df1ea898c2fce9ad5070358be5f16f1bb22c8e00e1cc0d9d9d1f59?s=96&d=mm&r=g","url":"https:\/\/secure.gravatar.com\/avatar\/e3437bffd9df1ea898c2fce9ad5070358be5f16f1bb22c8e00e1cc0d9d9d1f59?s=96&d=mm&r=g","contentUrl":"https:\/\/secure.gravatar.com\/avatar\/e3437bffd9df1ea898c2fce9ad5070358be5f16f1bb22c8e00e1cc0d9d9d1f59?s=96&d=mm&r=g","caption":"InFluenze Spain"},"sameAs":["https:\/\/influenzespain.com"],"url":"https:\/\/influenzespain.com\/es\/author\/admin_influence\/"}]}},"_links":{"self":[{"href":"https:\/\/influenzespain.com\/es\/wp-json\/wp\/v2\/posts\/1377","targetHints":{"allow":["GET"]}}],"collection":[{"href":"https:\/\/influenzespain.com\/es\/wp-json\/wp\/v2\/posts"}],"about":[{"href":"https:\/\/influenzespain.com\/es\/wp-json\/wp\/v2\/types\/post"}],"author":[{"embeddable":true,"href":"https:\/\/influenzespain.com\/es\/wp-json\/wp\/v2\/users\/2"}],"replies":[{"embeddable":true,"href":"https:\/\/influenzespain.com\/es\/wp-json\/wp\/v2\/comments?post=1377"}],"version-history":[{"count":6,"href":"https:\/\/influenzespain.com\/es\/wp-json\/wp\/v2\/posts\/1377\/revisions"}],"predecessor-version":[{"id":1397,"href":"https:\/\/influenzespain.com\/es\/wp-json\/wp\/v2\/posts\/1377\/revisions\/1397"}],"wp:featuredmedia":[{"embeddable":true,"href":"https:\/\/influenzespain.com\/es\/wp-json\/wp\/v2\/media\/1378"}],"wp:attachment":[{"href":"https:\/\/influenzespain.com\/es\/wp-json\/wp\/v2\/media?parent=1377"}],"wp:term":[{"taxonomy":"category","embeddable":true,"href":"https:\/\/influenzespain.com\/es\/wp-json\/wp\/v2\/categories?post=1377"},{"taxonomy":"post_tag","embeddable":true,"href":"https:\/\/influenzespain.com\/es\/wp-json\/wp\/v2\/tags?post=1377"}],"curies":[{"name":"wp","href":"https:\/\/api.w.org\/{rel}","templated":true}]}}