{"id":1450,"date":"2021-07-14T08:22:00","date_gmt":"2021-07-14T08:22:00","guid":{"rendered":"https:\/\/influencespain.com\/?p=1450"},"modified":"2021-08-09T08:30:00","modified_gmt":"2021-08-09T08:30:00","slug":"entrevista-guillermo-diaz-ciudadanos-convencion","status":"publish","type":"post","link":"https:\/\/influenzespain.com\/es\/entrevista-guillermo-diaz-ciudadanos-convencion\/","title":{"rendered":"Entrevista a Guillermo D\u00edaz,  diputado y coordinador de la Convenci\u00f3n Nacional de Ciudadanos"},"content":{"rendered":"\n<p>El tercer fin de semana de julio, Ciudadanos tiene preparada su Convenci\u00f3n Nacional para reflotar su proyecto que ha perdido mucha fuerza en los \u00faltimos dos a\u00f1os. Este encuentro, seg\u00fan la mayor\u00eda de los representantes del partido, llega \u201cen horas bajas\u201d. Uno de los diputados naranjas que lo reconoce es <a href=\"https:\/\/twitter.com\/GuillermoDiazCs\">Guillermo D\u00edaz<\/a>, coordinador del encuentro, por indicaci\u00f3n de la propia In\u00e9s Arrimadas, presidenta del partido. El diputado habl\u00f3 con <a href=\"https:\/\/influenzespain.com\/equipo\/\">Federico Quevedo<\/a> de los principales objetivos de la Convenci\u00f3n. <\/p>\n\n\n\n<p>La Convenci\u00f3n llega tras varios fracasos electorales y en un momento crucial para la supervivencia del partido. Con tan solo diez diputados en el Congreso, son muchas las voces que indican que podr\u00eda desaparecer en las pr\u00f3ximas elecciones. De hecho, as\u00ed ha sucedido en Madrid, donde en las \u00faltimas elecciones regionales del 4 de mayo no consiguieron representaci\u00f3n.<\/p>\n\n\n\n<p>Antes, en Catalu\u00f1a, perdieron treinta diputados, de manera que de 36 representantes en el Parlament, pasaron a contar con tan solo 6. Por lo tanto, el objetivo de Ciudadanos en esta Convenci\u00f3n es establecer el rumbo de la formaci\u00f3n y definir sus propuestas centrando toda la atenci\u00f3n en ellas. Seg\u00fan Guillermo D\u00edaz, \u201ccuando se habla \u00fanicamente del partido, a ese partido le va bien\u201d.<\/p>\n\n\n\n<h3 class=\"wp-block-heading\"><strong>Convenci\u00f3n Nacional de Ciudadanos<\/strong><\/h3>\n\n\n\n<p>Guillermo D\u00edaz centra el evento en explicar cu\u00e1l es el modelo de pa\u00eds que proponen a la gente. Esta incapacidad fue una de las razones por las que la moci\u00f3n de censura en Murcia no prosper\u00f3. Seg\u00fan el la formaci\u00f3n naranja, no supieron explicar lo que pasaba en la regi\u00f3n y la corrupci\u00f3n de la que estaban siendo testigos por parte del Partido Popular.<\/p>\n\n\n\n<p>En los dos d\u00edas de la convenci\u00f3n, se tratar\u00e1n varios asuntos: el s\u00e1bado por la ma\u00f1ana habr\u00e1 mesas sectoriales, una sobre la Uni\u00f3n Europea y otra sobre liberalismo, que se podr\u00e1n seguir p\u00fablicamente. Despu\u00e9s, por la tarde, se celebrar\u00e1n cuatro mesas de trabajo. Y el domingo habr\u00e1 m\u00e1s ponencias y un acto de clausura. Seg\u00fan D\u00edaz, quieren incidir en que su proyecto es realmente liberal y defender\u00e1n que ser de centro no significa ser neutral.<\/p>\n\n\n\n<p><strong>Escuche la entrevista completa en el siguiente audio:<\/strong><\/p>\n\n\n\n<figure class=\"wp-block-audio\"><audio controls src=\"https:\/\/influenzespain.com\/wp-content\/uploads\/2021\/08\/140721_Guillermodiaz_CoordinadorConvencionCiudadanos.mp3\"><\/audio><figcaption>Entrevista completa con Guillermo D\u00edaz, diputado de Ciudadanos.<\/figcaption><\/figure>\n\n\n\n<p class=\"has-text-align-center\"><em>A trav\u00e9s de \u2018El Balance\u2019, programa de Federico Quevedo en Capital Radio, <a href=\"https:\/\/influenzespain.com\/\">Influence Spain<\/a> logra ampliar su red de contactos dentro del espectro estatal, auton\u00f3mico y municipal.<\/em><\/p>\n","protected":false},"excerpt":{"rendered":"<p>El tercer fin de semana de julio, Ciudadanos tiene preparada su Convenci\u00f3n Nacional para reflotar su proyecto que ha perdido mucha fuerza en los \u00faltimos dos a\u00f1os. Este encuentro, seg\u00fan la mayor\u00eda de los representantes del partido, llega \u201cen horas bajas\u201d. Uno de los diputados naranjas que lo reconoce es Guillermo D\u00edaz, coordinador del encuentro, [&hellip;]<\/p>\n","protected":false},"author":2,"featured_media":1453,"comment_status":"closed","ping_status":"open","sticky":false,"template":"","format":"standard","meta":{"footnotes":""},"categories":[16],"tags":[26,27,286,282,285,265],"class_list":["post-1450","post","type-post","status-publish","format-standard","has-post-thumbnail","hentry","category-actualidad-politica","tag-cataluna","tag-ciudadanos","tag-convencion-nacional-de-ciudadanos","tag-elecciones","tag-guillermo-diaz","tag-ines-arrimadas"],"yoast_head":"<!-- This site is optimized with the Yoast SEO plugin v27.4 - https:\/\/yoast.com\/product\/yoast-seo-wordpress\/ -->\n<title>Entrevista a Guillermo D\u00edaz, diputado y coordinador de la Convenci\u00f3n Nacional de Ciudadanos - Influence Spain | Consultor\u00eda de asuntos p\u00fablicos y lobbying<\/title>\n<meta name=\"description\" content=\"Guillermo D\u00edaz habla con Federico Quevedo sobre la Convenci\u00f3n Nacional de Ciudadanos con un partido en &quot;horas bajas&quot;.\" \/>\n<meta name=\"robots\" content=\"index, follow, max-snippet:-1, max-image-preview:large, max-video-preview:-1\" \/>\n<link rel=\"canonical\" href=\"https:\/\/influenzespain.com\/es\/entrevista-guillermo-diaz-ciudadanos-convencion\/\" \/>\n<meta property=\"og:locale\" content=\"es_ES\" \/>\n<meta property=\"og:type\" content=\"article\" \/>\n<meta property=\"og:title\" content=\"Entrevista a Guillermo D\u00edaz, diputado y coordinador de la Convenci\u00f3n Nacional de Ciudadanos\" \/>\n<meta property=\"og:description\" content=\"Guillermo D\u00edaz habla con Federico Quevedo sobre la Convenci\u00f3n Nacional de Ciudadanos con un partido en &quot;horas bajas&quot;.\" \/>\n<meta property=\"og:url\" content=\"https:\/\/influenzespain.com\/es\/entrevista-guillermo-diaz-ciudadanos-convencion\/\" \/>\n<meta property=\"og:site_name\" content=\"Influence Spain | Consultor\u00eda de asuntos p\u00fablicos y lobbying\" \/>\n<meta property=\"article:published_time\" content=\"2021-07-14T08:22:00+00:00\" \/>\n<meta property=\"article:modified_time\" content=\"2021-08-09T08:30:00+00:00\" \/>\n<meta property=\"og:image\" content=\"https:\/\/influenzespain.com\/wp-content\/uploads\/2021\/08\/140721_GuillermoDiaz_CoordinadorConvencionCiudadanos.jpeg\" \/>\n\t<meta property=\"og:image:width\" content=\"1000\" \/>\n\t<meta property=\"og:image:height\" content=\"564\" \/>\n\t<meta property=\"og:image:type\" content=\"image\/jpeg\" \/>\n<meta name=\"author\" content=\"InFluenze Spain\" \/>\n<meta name=\"twitter:card\" content=\"summary_large_image\" \/>\n<meta name=\"twitter:title\" content=\"Entrevista a Guillermo D\u00edaz, diputado y coordinador de la Convenci\u00f3n Nacional de Ciudadanos\" \/>\n<meta name=\"twitter:description\" content=\"Guillermo D\u00edaz habla con Federico Quevedo sobre la Convenci\u00f3n Nacional de Ciudadanos con un partido en &quot;horas bajas&quot;.\" \/>\n<meta name=\"twitter:image\" content=\"https:\/\/influenzespain.com\/wp-content\/uploads\/2021\/08\/140721_GuillermoDiaz_CoordinadorConvencionCiudadanos.jpeg\" \/>\n<meta name=\"twitter:creator\" content=\"@InFluenceSpain\" \/>\n<meta name=\"twitter:site\" content=\"@InFluenceSpain\" \/>\n<meta name=\"twitter:label1\" content=\"Escrito por\" \/>\n\t<meta name=\"twitter:data1\" content=\"InFluenze Spain\" \/>\n\t<meta name=\"twitter:label2\" content=\"Tiempo de lectura\" \/>\n\t<meta name=\"twitter:data2\" content=\"2 minutos\" \/>\n<script type=\"application\/ld+json\" class=\"yoast-schema-graph\">{\"@context\":\"https:\\\/\\\/schema.org\",\"@graph\":[{\"@type\":\"Article\",\"@id\":\"https:\\\/\\\/influenzespain.com\\\/es\\\/entrevista-guillermo-diaz-ciudadanos-convencion\\\/#article\",\"isPartOf\":{\"@id\":\"https:\\\/\\\/influenzespain.com\\\/es\\\/entrevista-guillermo-diaz-ciudadanos-convencion\\\/\"},\"author\":{\"name\":\"InFluenze Spain\",\"@id\":\"https:\\\/\\\/influenzespain.com\\\/#\\\/schema\\\/person\\\/db6f35f53d1c4f87e1118e7aa76dcc1d\"},\"headline\":\"Entrevista a Guillermo D\u00edaz, diputado y coordinador de la Convenci\u00f3n Nacional de Ciudadanos\",\"datePublished\":\"2021-07-14T08:22:00+00:00\",\"dateModified\":\"2021-08-09T08:30:00+00:00\",\"mainEntityOfPage\":{\"@id\":\"https:\\\/\\\/influenzespain.com\\\/es\\\/entrevista-guillermo-diaz-ciudadanos-convencion\\\/\"},\"wordCount\":442,\"publisher\":{\"@id\":\"https:\\\/\\\/influenzespain.com\\\/#organization\"},\"image\":{\"@id\":\"https:\\\/\\\/influenzespain.com\\\/es\\\/entrevista-guillermo-diaz-ciudadanos-convencion\\\/#primaryimage\"},\"thumbnailUrl\":\"https:\\\/\\\/influenzespain.com\\\/wp-content\\\/uploads\\\/2021\\\/08\\\/140721_GuillermoDiaz_CoordinadorConvencionCiudadanos.jpeg\",\"keywords\":[\"Catalu\u00f1a\",\"Ciudadanos\",\"Convenci\u00f3n Nacional de Ciudadanos\",\"Elecciones\",\"Guillermo D\u00edaz\",\"In\u00e9s Arrimadas\"],\"articleSection\":[\"Actualidad Pol\u00edtica\"],\"inLanguage\":\"es\"},{\"@type\":\"WebPage\",\"@id\":\"https:\\\/\\\/influenzespain.com\\\/es\\\/entrevista-guillermo-diaz-ciudadanos-convencion\\\/\",\"url\":\"https:\\\/\\\/influenzespain.com\\\/es\\\/entrevista-guillermo-diaz-ciudadanos-convencion\\\/\",\"name\":\"Entrevista a Guillermo D\u00edaz, diputado y coordinador de la Convenci\u00f3n Nacional de Ciudadanos - Influence Spain | Consultor\u00eda de asuntos p\u00fablicos y lobbying\",\"isPartOf\":{\"@id\":\"https:\\\/\\\/influenzespain.com\\\/#website\"},\"primaryImageOfPage\":{\"@id\":\"https:\\\/\\\/influenzespain.com\\\/es\\\/entrevista-guillermo-diaz-ciudadanos-convencion\\\/#primaryimage\"},\"image\":{\"@id\":\"https:\\\/\\\/influenzespain.com\\\/es\\\/entrevista-guillermo-diaz-ciudadanos-convencion\\\/#primaryimage\"},\"thumbnailUrl\":\"https:\\\/\\\/influenzespain.com\\\/wp-content\\\/uploads\\\/2021\\\/08\\\/140721_GuillermoDiaz_CoordinadorConvencionCiudadanos.jpeg\",\"datePublished\":\"2021-07-14T08:22:00+00:00\",\"dateModified\":\"2021-08-09T08:30:00+00:00\",\"description\":\"Guillermo D\u00edaz habla con Federico Quevedo sobre la Convenci\u00f3n Nacional de Ciudadanos con un partido en \\\"horas bajas\\\".\",\"breadcrumb\":{\"@id\":\"https:\\\/\\\/influenzespain.com\\\/es\\\/entrevista-guillermo-diaz-ciudadanos-convencion\\\/#breadcrumb\"},\"inLanguage\":\"es\",\"potentialAction\":[{\"@type\":\"ReadAction\",\"target\":[\"https:\\\/\\\/influenzespain.com\\\/es\\\/entrevista-guillermo-diaz-ciudadanos-convencion\\\/\"]}]},{\"@type\":\"ImageObject\",\"inLanguage\":\"es\",\"@id\":\"https:\\\/\\\/influenzespain.com\\\/es\\\/entrevista-guillermo-diaz-ciudadanos-convencion\\\/#primaryimage\",\"url\":\"https:\\\/\\\/influenzespain.com\\\/wp-content\\\/uploads\\\/2021\\\/08\\\/140721_GuillermoDiaz_CoordinadorConvencionCiudadanos.jpeg\",\"contentUrl\":\"https:\\\/\\\/influenzespain.com\\\/wp-content\\\/uploads\\\/2021\\\/08\\\/140721_GuillermoDiaz_CoordinadorConvencionCiudadanos.jpeg\",\"width\":1000,\"height\":564,\"caption\":\"Guillermo D\u00edaz, diputado de Ciudadanos en el Congreso de los Diputados\"},{\"@type\":\"BreadcrumbList\",\"@id\":\"https:\\\/\\\/influenzespain.com\\\/es\\\/entrevista-guillermo-diaz-ciudadanos-convencion\\\/#breadcrumb\",\"itemListElement\":[{\"@type\":\"ListItem\",\"position\":1,\"name\":\"Portada\",\"item\":\"https:\\\/\\\/influenzespain.com\\\/\"},{\"@type\":\"ListItem\",\"position\":2,\"name\":\"Entrevista a Guillermo D\u00edaz, diputado y coordinador de la Convenci\u00f3n Nacional de Ciudadanos\"}]},{\"@type\":\"WebSite\",\"@id\":\"https:\\\/\\\/influenzespain.com\\\/#website\",\"url\":\"https:\\\/\\\/influenzespain.com\\\/\",\"name\":\"Influence Spain | Consultor\u00eda de asuntos p\u00fablicos y lobbying\",\"description\":\"La consultor\u00eda de Asuntos P\u00fablicos y Lobbying pionera de Espa\u00f1a\",\"publisher\":{\"@id\":\"https:\\\/\\\/influenzespain.com\\\/#organization\"},\"potentialAction\":[{\"@type\":\"SearchAction\",\"target\":{\"@type\":\"EntryPoint\",\"urlTemplate\":\"https:\\\/\\\/influenzespain.com\\\/?s={search_term_string}\"},\"query-input\":{\"@type\":\"PropertyValueSpecification\",\"valueRequired\":true,\"valueName\":\"search_term_string\"}}],\"inLanguage\":\"es\"},{\"@type\":\"Organization\",\"@id\":\"https:\\\/\\\/influenzespain.com\\\/#organization\",\"name\":\"InFluenceSpain\",\"url\":\"https:\\\/\\\/influenzespain.com\\\/\",\"logo\":{\"@type\":\"ImageObject\",\"inLanguage\":\"es\",\"@id\":\"https:\\\/\\\/influenzespain.com\\\/#\\\/schema\\\/logo\\\/image\\\/\",\"url\":\"https:\\\/\\\/influenzespain.com\\\/wp-content\\\/uploads\\\/2020\\\/12\\\/logo-influence-spain-lobby-consultoria-asuntos-publicos-275.jpg\",\"contentUrl\":\"https:\\\/\\\/influenzespain.com\\\/wp-content\\\/uploads\\\/2020\\\/12\\\/logo-influence-spain-lobby-consultoria-asuntos-publicos-275.jpg\",\"width\":275,\"height\":65,\"caption\":\"InFluenceSpain\"},\"image\":{\"@id\":\"https:\\\/\\\/influenzespain.com\\\/#\\\/schema\\\/logo\\\/image\\\/\"},\"sameAs\":[\"https:\\\/\\\/x.com\\\/InFluenceSpain\",\"https:\\\/\\\/www.linkedin.com\\\/company\\\/influencespain\\\/\"]},{\"@type\":\"Person\",\"@id\":\"https:\\\/\\\/influenzespain.com\\\/#\\\/schema\\\/person\\\/db6f35f53d1c4f87e1118e7aa76dcc1d\",\"name\":\"InFluenze Spain\",\"image\":{\"@type\":\"ImageObject\",\"inLanguage\":\"es\",\"@id\":\"https:\\\/\\\/secure.gravatar.com\\\/avatar\\\/e3437bffd9df1ea898c2fce9ad5070358be5f16f1bb22c8e00e1cc0d9d9d1f59?s=96&d=mm&r=g\",\"url\":\"https:\\\/\\\/secure.gravatar.com\\\/avatar\\\/e3437bffd9df1ea898c2fce9ad5070358be5f16f1bb22c8e00e1cc0d9d9d1f59?s=96&d=mm&r=g\",\"contentUrl\":\"https:\\\/\\\/secure.gravatar.com\\\/avatar\\\/e3437bffd9df1ea898c2fce9ad5070358be5f16f1bb22c8e00e1cc0d9d9d1f59?s=96&d=mm&r=g\",\"caption\":\"InFluenze Spain\"},\"sameAs\":[\"https:\\\/\\\/influenzespain.com\"],\"url\":\"https:\\\/\\\/influenzespain.com\\\/es\\\/author\\\/admin_influence\\\/\"}]}<\/script>\n<!-- \/ Yoast SEO plugin. -->","yoast_head_json":{"title":"Entrevista a Guillermo D\u00edaz, diputado y coordinador de la Convenci\u00f3n Nacional de Ciudadanos - Influence Spain | Consultor\u00eda de asuntos p\u00fablicos y lobbying","description":"Guillermo D\u00edaz habla con Federico Quevedo sobre la Convenci\u00f3n Nacional de Ciudadanos con un partido en \"horas bajas\".","robots":{"index":"index","follow":"follow","max-snippet":"max-snippet:-1","max-image-preview":"max-image-preview:large","max-video-preview":"max-video-preview:-1"},"canonical":"https:\/\/influenzespain.com\/es\/entrevista-guillermo-diaz-ciudadanos-convencion\/","og_locale":"es_ES","og_type":"article","og_title":"Entrevista a Guillermo D\u00edaz, diputado y coordinador de la Convenci\u00f3n Nacional de Ciudadanos","og_description":"Guillermo D\u00edaz habla con Federico Quevedo sobre la Convenci\u00f3n Nacional de Ciudadanos con un partido en \"horas bajas\".","og_url":"https:\/\/influenzespain.com\/es\/entrevista-guillermo-diaz-ciudadanos-convencion\/","og_site_name":"Influence Spain | Consultor\u00eda de asuntos p\u00fablicos y lobbying","article_published_time":"2021-07-14T08:22:00+00:00","article_modified_time":"2021-08-09T08:30:00+00:00","og_image":[{"width":1000,"height":564,"url":"https:\/\/influenzespain.com\/wp-content\/uploads\/2021\/08\/140721_GuillermoDiaz_CoordinadorConvencionCiudadanos.jpeg","type":"image\/jpeg"}],"author":"InFluenze Spain","twitter_card":"summary_large_image","twitter_title":"Entrevista a Guillermo D\u00edaz, diputado y coordinador de la Convenci\u00f3n Nacional de Ciudadanos","twitter_description":"Guillermo D\u00edaz habla con Federico Quevedo sobre la Convenci\u00f3n Nacional de Ciudadanos con un partido en \"horas bajas\".","twitter_image":"https:\/\/influenzespain.com\/wp-content\/uploads\/2021\/08\/140721_GuillermoDiaz_CoordinadorConvencionCiudadanos.jpeg","twitter_creator":"@InFluenceSpain","twitter_site":"@InFluenceSpain","twitter_misc":{"Escrito por":"InFluenze Spain","Tiempo de lectura":"2 minutos"},"schema":{"@context":"https:\/\/schema.org","@graph":[{"@type":"Article","@id":"https:\/\/influenzespain.com\/es\/entrevista-guillermo-diaz-ciudadanos-convencion\/#article","isPartOf":{"@id":"https:\/\/influenzespain.com\/es\/entrevista-guillermo-diaz-ciudadanos-convencion\/"},"author":{"name":"InFluenze Spain","@id":"https:\/\/influenzespain.com\/#\/schema\/person\/db6f35f53d1c4f87e1118e7aa76dcc1d"},"headline":"Entrevista a Guillermo D\u00edaz, diputado y coordinador de la Convenci\u00f3n Nacional de Ciudadanos","datePublished":"2021-07-14T08:22:00+00:00","dateModified":"2021-08-09T08:30:00+00:00","mainEntityOfPage":{"@id":"https:\/\/influenzespain.com\/es\/entrevista-guillermo-diaz-ciudadanos-convencion\/"},"wordCount":442,"publisher":{"@id":"https:\/\/influenzespain.com\/#organization"},"image":{"@id":"https:\/\/influenzespain.com\/es\/entrevista-guillermo-diaz-ciudadanos-convencion\/#primaryimage"},"thumbnailUrl":"https:\/\/influenzespain.com\/wp-content\/uploads\/2021\/08\/140721_GuillermoDiaz_CoordinadorConvencionCiudadanos.jpeg","keywords":["Catalu\u00f1a","Ciudadanos","Convenci\u00f3n Nacional de Ciudadanos","Elecciones","Guillermo D\u00edaz","In\u00e9s Arrimadas"],"articleSection":["Actualidad Pol\u00edtica"],"inLanguage":"es"},{"@type":"WebPage","@id":"https:\/\/influenzespain.com\/es\/entrevista-guillermo-diaz-ciudadanos-convencion\/","url":"https:\/\/influenzespain.com\/es\/entrevista-guillermo-diaz-ciudadanos-convencion\/","name":"Entrevista a Guillermo D\u00edaz, diputado y coordinador de la Convenci\u00f3n Nacional de Ciudadanos - Influence Spain | Consultor\u00eda de asuntos p\u00fablicos y lobbying","isPartOf":{"@id":"https:\/\/influenzespain.com\/#website"},"primaryImageOfPage":{"@id":"https:\/\/influenzespain.com\/es\/entrevista-guillermo-diaz-ciudadanos-convencion\/#primaryimage"},"image":{"@id":"https:\/\/influenzespain.com\/es\/entrevista-guillermo-diaz-ciudadanos-convencion\/#primaryimage"},"thumbnailUrl":"https:\/\/influenzespain.com\/wp-content\/uploads\/2021\/08\/140721_GuillermoDiaz_CoordinadorConvencionCiudadanos.jpeg","datePublished":"2021-07-14T08:22:00+00:00","dateModified":"2021-08-09T08:30:00+00:00","description":"Guillermo D\u00edaz habla con Federico Quevedo sobre la Convenci\u00f3n Nacional de Ciudadanos con un partido en \"horas bajas\".","breadcrumb":{"@id":"https:\/\/influenzespain.com\/es\/entrevista-guillermo-diaz-ciudadanos-convencion\/#breadcrumb"},"inLanguage":"es","potentialAction":[{"@type":"ReadAction","target":["https:\/\/influenzespain.com\/es\/entrevista-guillermo-diaz-ciudadanos-convencion\/"]}]},{"@type":"ImageObject","inLanguage":"es","@id":"https:\/\/influenzespain.com\/es\/entrevista-guillermo-diaz-ciudadanos-convencion\/#primaryimage","url":"https:\/\/influenzespain.com\/wp-content\/uploads\/2021\/08\/140721_GuillermoDiaz_CoordinadorConvencionCiudadanos.jpeg","contentUrl":"https:\/\/influenzespain.com\/wp-content\/uploads\/2021\/08\/140721_GuillermoDiaz_CoordinadorConvencionCiudadanos.jpeg","width":1000,"height":564,"caption":"Guillermo D\u00edaz, diputado de Ciudadanos en el Congreso de los Diputados"},{"@type":"BreadcrumbList","@id":"https:\/\/influenzespain.com\/es\/entrevista-guillermo-diaz-ciudadanos-convencion\/#breadcrumb","itemListElement":[{"@type":"ListItem","position":1,"name":"Portada","item":"https:\/\/influenzespain.com\/"},{"@type":"ListItem","position":2,"name":"Entrevista a Guillermo D\u00edaz, diputado y coordinador de la Convenci\u00f3n Nacional de Ciudadanos"}]},{"@type":"WebSite","@id":"https:\/\/influenzespain.com\/#website","url":"https:\/\/influenzespain.com\/","name":"Influence Spain | Consultor\u00eda de asuntos p\u00fablicos y lobbying","description":"La consultor\u00eda de Asuntos P\u00fablicos y Lobbying pionera de Espa\u00f1a","publisher":{"@id":"https:\/\/influenzespain.com\/#organization"},"potentialAction":[{"@type":"SearchAction","target":{"@type":"EntryPoint","urlTemplate":"https:\/\/influenzespain.com\/?s={search_term_string}"},"query-input":{"@type":"PropertyValueSpecification","valueRequired":true,"valueName":"search_term_string"}}],"inLanguage":"es"},{"@type":"Organization","@id":"https:\/\/influenzespain.com\/#organization","name":"InFluenceSpain","url":"https:\/\/influenzespain.com\/","logo":{"@type":"ImageObject","inLanguage":"es","@id":"https:\/\/influenzespain.com\/#\/schema\/logo\/image\/","url":"https:\/\/influenzespain.com\/wp-content\/uploads\/2020\/12\/logo-influence-spain-lobby-consultoria-asuntos-publicos-275.jpg","contentUrl":"https:\/\/influenzespain.com\/wp-content\/uploads\/2020\/12\/logo-influence-spain-lobby-consultoria-asuntos-publicos-275.jpg","width":275,"height":65,"caption":"InFluenceSpain"},"image":{"@id":"https:\/\/influenzespain.com\/#\/schema\/logo\/image\/"},"sameAs":["https:\/\/x.com\/InFluenceSpain","https:\/\/www.linkedin.com\/company\/influencespain\/"]},{"@type":"Person","@id":"https:\/\/influenzespain.com\/#\/schema\/person\/db6f35f53d1c4f87e1118e7aa76dcc1d","name":"InFluenze Spain","image":{"@type":"ImageObject","inLanguage":"es","@id":"https:\/\/secure.gravatar.com\/avatar\/e3437bffd9df1ea898c2fce9ad5070358be5f16f1bb22c8e00e1cc0d9d9d1f59?s=96&d=mm&r=g","url":"https:\/\/secure.gravatar.com\/avatar\/e3437bffd9df1ea898c2fce9ad5070358be5f16f1bb22c8e00e1cc0d9d9d1f59?s=96&d=mm&r=g","contentUrl":"https:\/\/secure.gravatar.com\/avatar\/e3437bffd9df1ea898c2fce9ad5070358be5f16f1bb22c8e00e1cc0d9d9d1f59?s=96&d=mm&r=g","caption":"InFluenze Spain"},"sameAs":["https:\/\/influenzespain.com"],"url":"https:\/\/influenzespain.com\/es\/author\/admin_influence\/"}]}},"_links":{"self":[{"href":"https:\/\/influenzespain.com\/es\/wp-json\/wp\/v2\/posts\/1450","targetHints":{"allow":["GET"]}}],"collection":[{"href":"https:\/\/influenzespain.com\/es\/wp-json\/wp\/v2\/posts"}],"about":[{"href":"https:\/\/influenzespain.com\/es\/wp-json\/wp\/v2\/types\/post"}],"author":[{"embeddable":true,"href":"https:\/\/influenzespain.com\/es\/wp-json\/wp\/v2\/users\/2"}],"replies":[{"embeddable":true,"href":"https:\/\/influenzespain.com\/es\/wp-json\/wp\/v2\/comments?post=1450"}],"version-history":[{"count":1,"href":"https:\/\/influenzespain.com\/es\/wp-json\/wp\/v2\/posts\/1450\/revisions"}],"predecessor-version":[{"id":1455,"href":"https:\/\/influenzespain.com\/es\/wp-json\/wp\/v2\/posts\/1450\/revisions\/1455"}],"wp:featuredmedia":[{"embeddable":true,"href":"https:\/\/influenzespain.com\/es\/wp-json\/wp\/v2\/media\/1453"}],"wp:attachment":[{"href":"https:\/\/influenzespain.com\/es\/wp-json\/wp\/v2\/media?parent=1450"}],"wp:term":[{"taxonomy":"category","embeddable":true,"href":"https:\/\/influenzespain.com\/es\/wp-json\/wp\/v2\/categories?post=1450"},{"taxonomy":"post_tag","embeddable":true,"href":"https:\/\/influenzespain.com\/es\/wp-json\/wp\/v2\/tags?post=1450"}],"curies":[{"name":"wp","href":"https:\/\/api.w.org\/{rel}","templated":true}]}}