{"id":1617,"date":"2021-10-06T22:00:00","date_gmt":"2021-10-06T22:00:00","guid":{"rendered":"https:\/\/influencespain.com\/?p=1617"},"modified":"2021-10-07T15:03:07","modified_gmt":"2021-10-07T15:03:07","slug":"entrevista-elvira-rodriguez-vicesecretaria-sectorial-pp","status":"publish","type":"post","link":"https:\/\/influenzespain.com\/es\/entrevista-elvira-rodriguez-vicesecretaria-sectorial-pp\/","title":{"rendered":"Entrevista a Elvira Rodr\u00edguez, vicesecretaria sectorial y diputada nacional del PP"},"content":{"rendered":"\n<p>El Gobierno de Espa\u00f1a se re\u00fane esta semana en una sesi\u00f3n extraordinaria para aprobar los Presupuestos Generales del Estado para 2022. Sobre esta \u00faltima hora habla <a href=\"https:\/\/twitter.com\/erodriguez_2019?ref_src=twsrc%5Egoogle%7Ctwcamp%5Eserp%7Ctwgr%5Eauthor\">Elvira Rodr\u00edguez<\/a>, vicesecretaria sectorial del <a href=\"https:\/\/twitter.com\/populares\">Partido Popular <\/a>y diputada nacional con <a href=\"https:\/\/influenzespain.com\/equipo\/\">Federico Quevedo<\/a> en El Balance.<\/p>\n\n\n\n<h3 class=\"wp-block-heading\"><strong>Acuerdo en los Presupuestos Generales del Estado para 2022<\/strong><\/h3>\n\n\n\n<p>Seg\u00fan la vicesecretaria, hace dos d\u00edas estos Presupuestos estaban bloqueados por el debate de la Ley de Vivienda y <em>\u201cahora lo traen fuera de plazo. Esta noche todav\u00eda se tienen muchas inc\u00f3gnitas\u201d<\/em>. La diputada se pregunta qu\u00e9 pasar\u00e1 con el cuadro macroecon\u00f3mico que sustenta a los Presupuestos porque hace d\u00edas fue corregido por el Instituto Nacional de Estad\u00edstica. Tambi\u00e9n sobre el encaje en el techo de gasto del anuncio del Presidente del Gobierno del bono de 250 euros para ayudas al alquiler o el bono cultural de 400 euros a los j\u00f3venes de 18 a\u00f1os.<\/p>\n\n\n\n<p>Estos Presupuestos estaban formados ya en el mes de julio, desde entonces, llevan retocando cantidades o poni\u00e9ndolos m\u00e1s populistas; seg\u00fan Rodr\u00edguez. No obstante, tal y como advierte la diputada, todav\u00eda hay que esperar las medidas de los otros grupos parlamentarios que apoyen los presupuestos. <em>\u201cEl a\u00f1o que viene no ser\u00e1 as\u00ed, habr\u00e1 que arreglar las cuentas y ser\u00e1 m\u00e1s cara la deuda. Pero les da igual\u201d<\/em>, se\u00f1ala Rodr\u00edguez.<\/p>\n\n\n\n<h3 class=\"wp-block-heading\"><strong>Ley de la Vivienda<\/strong><\/h3>\n\n\n\n<p>Otra medida en los Presupuestos Generales del Estado es la subida del impuesto de sociedades al 15%, de ah\u00ed saldr\u00e1 parte de lo que se gastar\u00e1 el a\u00f1o que viene. La diputada del PP advierte que, efectivamente, tanto el bono cultural como las ayudas del alquiler para j\u00f3venes <em>\u201cse tendr\u00e1n que pagar con impuestos de futuro\u201d<\/em>. Por otro lado, los ayuntamientos tendr\u00e1n que gestionar c\u00f3mo determinar las viviendas vac\u00edas. Ya hay algunos que no lo van a hacer, seg\u00fan advierte la diputada.<\/p>\n\n\n\n<h3 class=\"wp-block-heading\"><strong>Situaci\u00f3n macroecon\u00f3mica<\/strong><\/h3>\n\n\n\n<p>La vicepresidenta Yolanda D\u00edaz dijo que se tendr\u00edan unos presupuestos expansivos que generar\u00e1n crecimiento y empleo. Sin embargo, para la diputada popular lo que generar\u00e1n es \u201c<em>ruina<\/em>\u201d sobre todo con c\u00f3mo se eligen los objetivos de inversi\u00f3n.<\/p>\n\n\n\n<p>Los fondos europeos se destinan a inversiones productivas pero pone deberes en forma de reformas estructurales, seg\u00fan Rodr\u00edguez. Europa pide que no se suban los gastos estructurales y los pa\u00edses no se coloquen en una senda sin futuro, que, para Rodr\u00edguez es lo que el Gobierno central es lo que est\u00e1 haciendo.<\/p>\n\n\n\n<p>La diputada informa que dese Europa se reciben se\u00f1ales que llevan a pensar que solicitar\u00e1n la ortodoxia de las cuentas p\u00fablicas. Los Bancos Centrales avisan que retirar\u00e1n las ayudas en forma de compra de bonos. Rodr\u00edguez advierte que si Espa\u00f1a tiene que salir al mercado con su deuda soberana sin el apoyo del Banco Central Europeo, costar\u00e1 m\u00e1s caro. Adem\u00e1s, si se entra en una mala situaci\u00f3n fiscal, ser\u00e1 m\u00e1s caro todav\u00eda.<\/p>\n\n\n\n<h3 class=\"wp-block-heading\"><strong>La posici\u00f3n de Nadia Calvi\u00f1o<\/strong><\/h3>\n\n\n\n<p>Para Elvira Rodr\u00edguez fue una decepci\u00f3n ver la Ley de Vivienda dentro de los Presupuestos cuando la vicepresidenta primera dijo que no estaba conforme con la limitaci\u00f3n de alquileres. Sin embargo, Pedro S\u00e1nchez, seg\u00fan la diputada popular, habr\u00eda negociado esta ley directamente con las representantes de Unidas Podemos: Yolanda D\u00edaz, Ione Belarra e Irene Montero. Rodr\u00edguez critica que la vicepresidenta primera y responsable de asuntos econ\u00f3micos no funcione en un Gobierno es un drama a efectos de las pol\u00edticas econ\u00f3micas.<\/p>\n\n\n\n<p><strong>Escuche la entrevista completa en el siguiente audio:<\/strong><\/p>\n\n\n\n<figure class=\"wp-block-audio\"><audio controls src=\"https:\/\/influenzespain.com\/wp-content\/uploads\/2021\/10\/061021_ElviraRodriguez_VicesecretariaSectorialPP.mp3\"><\/audio><figcaption>Entrevista completa con Elvira Rodr\u00edguez, vicesecretaria sectorial y diputada nacional del PP<\/figcaption><\/figure>\n\n\n\n<p class=\"has-text-align-center\"><em>A trav\u00e9s de \u2018El Balance\u2019, programa de Federico Quevedo en Capital Radio, <a href=\"https:\/\/influenzespain.com\/\">Influence Spain<\/a> logra ampliar su red de contactos dentro del espectro estatal, auton\u00f3mico y municipal.<\/em><\/p>\n","protected":false},"excerpt":{"rendered":"<p>El Gobierno de Espa\u00f1a se re\u00fane esta semana en una sesi\u00f3n extraordinaria para aprobar los Presupuestos Generales del Estado para 2022. Sobre esta \u00faltima hora habla Elvira Rodr\u00edguez, vicesecretaria sectorial del Partido Popular y diputada nacional con Federico Quevedo en El Balance. Acuerdo en los Presupuestos Generales del Estado para 2022 Seg\u00fan la vicesecretaria, hace [&hellip;]<\/p>\n","protected":false},"author":2,"featured_media":1620,"comment_status":"closed","ping_status":"open","sticky":false,"template":"","format":"standard","meta":{"footnotes":""},"categories":[16],"tags":[386,389,62,217,388,387,323],"class_list":["post-1617","post","type-post","status-publish","format-standard","has-post-thumbnail","hentry","category-actualidad-politica","tag-elvira-rodriguez","tag-ley-de-la-vivienda","tag-partido-popular","tag-pedro-sanchez","tag-pge2022","tag-presupuestos-generales-del-estado","tag-psoe"],"yoast_head":"<!-- This site is optimized with the Yoast SEO plugin v27.4 - https:\/\/yoast.com\/product\/yoast-seo-wordpress\/ -->\n<title>Entrevista a Elvira Rodr\u00edguez, vicesecretaria sectorial y diputada nacional del PP - Influence Spain | Consultor\u00eda de asuntos p\u00fablicos y lobbying<\/title>\n<meta name=\"description\" content=\"La vicesecretaria sectorial del PP, Elvira Rodr\u00edguez, cuenta la postura de su partido ante el acuerdo de Gobierno sobre los Presupuestos.\" \/>\n<meta name=\"robots\" content=\"index, follow, max-snippet:-1, max-image-preview:large, max-video-preview:-1\" \/>\n<link rel=\"canonical\" href=\"https:\/\/influenzespain.com\/es\/entrevista-elvira-rodriguez-vicesecretaria-sectorial-pp\/\" \/>\n<meta property=\"og:locale\" content=\"es_ES\" \/>\n<meta property=\"og:type\" content=\"article\" \/>\n<meta property=\"og:title\" content=\"Entrevista a Elvira Rodr\u00edguez, vicesecretaria Sectorial y diputada nacional del PP\" \/>\n<meta property=\"og:description\" content=\"La vicesecretaria sectorial del PP, Elvira Rodr\u00edguez, cuenta la postura de su partido ante el acuerdo de Gobierno sobre los Presupuestos.\" \/>\n<meta property=\"og:url\" content=\"https:\/\/influenzespain.com\/es\/entrevista-elvira-rodriguez-vicesecretaria-sectorial-pp\/\" \/>\n<meta property=\"og:site_name\" content=\"Influence Spain | Consultor\u00eda de asuntos p\u00fablicos y lobbying\" \/>\n<meta property=\"article:published_time\" content=\"2021-10-06T22:00:00+00:00\" \/>\n<meta property=\"article:modified_time\" content=\"2021-10-07T15:03:07+00:00\" \/>\n<meta property=\"og:image\" content=\"https:\/\/influenzespain.com\/wp-content\/uploads\/2021\/10\/061021_ElviraRodriguez_VicesecretariaSectorialPP.jpg\" \/>\n\t<meta property=\"og:image:width\" content=\"799\" \/>\n\t<meta property=\"og:image:height\" content=\"533\" \/>\n\t<meta property=\"og:image:type\" content=\"image\/jpeg\" \/>\n<meta name=\"author\" content=\"InFluenze Spain\" \/>\n<meta name=\"twitter:card\" content=\"summary_large_image\" \/>\n<meta name=\"twitter:title\" content=\"Entrevista a Elvira Rodr\u00edguez, vicesecretaria Sectorial y diputada nacional del PP\" \/>\n<meta name=\"twitter:description\" content=\"La vicesecretaria sectorial del PP, Elvira Rodr\u00edguez, cuenta la postura de su partido ante el acuerdo de Gobierno sobre los Presupuestos.\" \/>\n<meta name=\"twitter:image\" content=\"https:\/\/influenzespain.com\/wp-content\/uploads\/2021\/10\/061021_ElviraRodriguez_VicesecretariaSectorialPP.jpg\" \/>\n<meta name=\"twitter:creator\" content=\"@InFluenceSpain\" \/>\n<meta name=\"twitter:site\" content=\"@InFluenceSpain\" \/>\n<meta name=\"twitter:label1\" content=\"Escrito por\" \/>\n\t<meta name=\"twitter:data1\" content=\"InFluenze Spain\" \/>\n\t<meta name=\"twitter:label2\" content=\"Tiempo de lectura\" \/>\n\t<meta name=\"twitter:data2\" content=\"3 minutos\" \/>\n<script type=\"application\/ld+json\" class=\"yoast-schema-graph\">{\"@context\":\"https:\\\/\\\/schema.org\",\"@graph\":[{\"@type\":\"Article\",\"@id\":\"https:\\\/\\\/influenzespain.com\\\/es\\\/entrevista-elvira-rodriguez-vicesecretaria-sectorial-pp\\\/#article\",\"isPartOf\":{\"@id\":\"https:\\\/\\\/influenzespain.com\\\/es\\\/entrevista-elvira-rodriguez-vicesecretaria-sectorial-pp\\\/\"},\"author\":{\"name\":\"InFluenze Spain\",\"@id\":\"https:\\\/\\\/influenzespain.com\\\/#\\\/schema\\\/person\\\/db6f35f53d1c4f87e1118e7aa76dcc1d\"},\"headline\":\"Entrevista a Elvira Rodr\u00edguez, vicesecretaria sectorial y diputada nacional del PP\",\"datePublished\":\"2021-10-06T22:00:00+00:00\",\"dateModified\":\"2021-10-07T15:03:07+00:00\",\"mainEntityOfPage\":{\"@id\":\"https:\\\/\\\/influenzespain.com\\\/es\\\/entrevista-elvira-rodriguez-vicesecretaria-sectorial-pp\\\/\"},\"wordCount\":670,\"publisher\":{\"@id\":\"https:\\\/\\\/influenzespain.com\\\/#organization\"},\"image\":{\"@id\":\"https:\\\/\\\/influenzespain.com\\\/es\\\/entrevista-elvira-rodriguez-vicesecretaria-sectorial-pp\\\/#primaryimage\"},\"thumbnailUrl\":\"https:\\\/\\\/influenzespain.com\\\/wp-content\\\/uploads\\\/2021\\\/10\\\/061021_ElviraRodriguez_VicesecretariaSectorialPP.jpg\",\"keywords\":[\"Elvira Rodr\u00edguez\",\"Ley de la Vivienda\",\"Partido Popular\",\"Pedro S\u00e1nchez\",\"PGE2022\",\"Presupuestos Generales del Estado\",\"PSOE\"],\"articleSection\":[\"Actualidad Pol\u00edtica\"],\"inLanguage\":\"es\"},{\"@type\":\"WebPage\",\"@id\":\"https:\\\/\\\/influenzespain.com\\\/es\\\/entrevista-elvira-rodriguez-vicesecretaria-sectorial-pp\\\/\",\"url\":\"https:\\\/\\\/influenzespain.com\\\/es\\\/entrevista-elvira-rodriguez-vicesecretaria-sectorial-pp\\\/\",\"name\":\"Entrevista a Elvira Rodr\u00edguez, vicesecretaria sectorial y diputada nacional del PP - Influence Spain | Consultor\u00eda de asuntos p\u00fablicos y lobbying\",\"isPartOf\":{\"@id\":\"https:\\\/\\\/influenzespain.com\\\/#website\"},\"primaryImageOfPage\":{\"@id\":\"https:\\\/\\\/influenzespain.com\\\/es\\\/entrevista-elvira-rodriguez-vicesecretaria-sectorial-pp\\\/#primaryimage\"},\"image\":{\"@id\":\"https:\\\/\\\/influenzespain.com\\\/es\\\/entrevista-elvira-rodriguez-vicesecretaria-sectorial-pp\\\/#primaryimage\"},\"thumbnailUrl\":\"https:\\\/\\\/influenzespain.com\\\/wp-content\\\/uploads\\\/2021\\\/10\\\/061021_ElviraRodriguez_VicesecretariaSectorialPP.jpg\",\"datePublished\":\"2021-10-06T22:00:00+00:00\",\"dateModified\":\"2021-10-07T15:03:07+00:00\",\"description\":\"La vicesecretaria sectorial del PP, Elvira Rodr\u00edguez, cuenta la postura de su partido ante el acuerdo de Gobierno sobre los Presupuestos.\",\"breadcrumb\":{\"@id\":\"https:\\\/\\\/influenzespain.com\\\/es\\\/entrevista-elvira-rodriguez-vicesecretaria-sectorial-pp\\\/#breadcrumb\"},\"inLanguage\":\"es\",\"potentialAction\":[{\"@type\":\"ReadAction\",\"target\":[\"https:\\\/\\\/influenzespain.com\\\/es\\\/entrevista-elvira-rodriguez-vicesecretaria-sectorial-pp\\\/\"]}]},{\"@type\":\"ImageObject\",\"inLanguage\":\"es\",\"@id\":\"https:\\\/\\\/influenzespain.com\\\/es\\\/entrevista-elvira-rodriguez-vicesecretaria-sectorial-pp\\\/#primaryimage\",\"url\":\"https:\\\/\\\/influenzespain.com\\\/wp-content\\\/uploads\\\/2021\\\/10\\\/061021_ElviraRodriguez_VicesecretariaSectorialPP.jpg\",\"contentUrl\":\"https:\\\/\\\/influenzespain.com\\\/wp-content\\\/uploads\\\/2021\\\/10\\\/061021_ElviraRodriguez_VicesecretariaSectorialPP.jpg\",\"width\":799,\"height\":533,\"caption\":\"Elvira Rodr\u00edguez en el Congreso de los Diputados\"},{\"@type\":\"BreadcrumbList\",\"@id\":\"https:\\\/\\\/influenzespain.com\\\/es\\\/entrevista-elvira-rodriguez-vicesecretaria-sectorial-pp\\\/#breadcrumb\",\"itemListElement\":[{\"@type\":\"ListItem\",\"position\":1,\"name\":\"Portada\",\"item\":\"https:\\\/\\\/influenzespain.com\\\/\"},{\"@type\":\"ListItem\",\"position\":2,\"name\":\"Entrevista a Elvira Rodr\u00edguez, vicesecretaria sectorial y diputada nacional del PP\"}]},{\"@type\":\"WebSite\",\"@id\":\"https:\\\/\\\/influenzespain.com\\\/#website\",\"url\":\"https:\\\/\\\/influenzespain.com\\\/\",\"name\":\"Influence Spain | Consultor\u00eda de asuntos p\u00fablicos y lobbying\",\"description\":\"La consultor\u00eda de Asuntos P\u00fablicos y Lobbying pionera de Espa\u00f1a\",\"publisher\":{\"@id\":\"https:\\\/\\\/influenzespain.com\\\/#organization\"},\"potentialAction\":[{\"@type\":\"SearchAction\",\"target\":{\"@type\":\"EntryPoint\",\"urlTemplate\":\"https:\\\/\\\/influenzespain.com\\\/?s={search_term_string}\"},\"query-input\":{\"@type\":\"PropertyValueSpecification\",\"valueRequired\":true,\"valueName\":\"search_term_string\"}}],\"inLanguage\":\"es\"},{\"@type\":\"Organization\",\"@id\":\"https:\\\/\\\/influenzespain.com\\\/#organization\",\"name\":\"InFluenceSpain\",\"url\":\"https:\\\/\\\/influenzespain.com\\\/\",\"logo\":{\"@type\":\"ImageObject\",\"inLanguage\":\"es\",\"@id\":\"https:\\\/\\\/influenzespain.com\\\/#\\\/schema\\\/logo\\\/image\\\/\",\"url\":\"https:\\\/\\\/influenzespain.com\\\/wp-content\\\/uploads\\\/2020\\\/12\\\/logo-influence-spain-lobby-consultoria-asuntos-publicos-275.jpg\",\"contentUrl\":\"https:\\\/\\\/influenzespain.com\\\/wp-content\\\/uploads\\\/2020\\\/12\\\/logo-influence-spain-lobby-consultoria-asuntos-publicos-275.jpg\",\"width\":275,\"height\":65,\"caption\":\"InFluenceSpain\"},\"image\":{\"@id\":\"https:\\\/\\\/influenzespain.com\\\/#\\\/schema\\\/logo\\\/image\\\/\"},\"sameAs\":[\"https:\\\/\\\/x.com\\\/InFluenceSpain\",\"https:\\\/\\\/www.linkedin.com\\\/company\\\/influencespain\\\/\"]},{\"@type\":\"Person\",\"@id\":\"https:\\\/\\\/influenzespain.com\\\/#\\\/schema\\\/person\\\/db6f35f53d1c4f87e1118e7aa76dcc1d\",\"name\":\"InFluenze Spain\",\"image\":{\"@type\":\"ImageObject\",\"inLanguage\":\"es\",\"@id\":\"https:\\\/\\\/secure.gravatar.com\\\/avatar\\\/e3437bffd9df1ea898c2fce9ad5070358be5f16f1bb22c8e00e1cc0d9d9d1f59?s=96&d=mm&r=g\",\"url\":\"https:\\\/\\\/secure.gravatar.com\\\/avatar\\\/e3437bffd9df1ea898c2fce9ad5070358be5f16f1bb22c8e00e1cc0d9d9d1f59?s=96&d=mm&r=g\",\"contentUrl\":\"https:\\\/\\\/secure.gravatar.com\\\/avatar\\\/e3437bffd9df1ea898c2fce9ad5070358be5f16f1bb22c8e00e1cc0d9d9d1f59?s=96&d=mm&r=g\",\"caption\":\"InFluenze Spain\"},\"sameAs\":[\"https:\\\/\\\/influenzespain.com\"],\"url\":\"https:\\\/\\\/influenzespain.com\\\/es\\\/author\\\/admin_influence\\\/\"}]}<\/script>\n<!-- \/ Yoast SEO plugin. -->","yoast_head_json":{"title":"Entrevista a Elvira Rodr\u00edguez, vicesecretaria sectorial y diputada nacional del PP - Influence Spain | Consultor\u00eda de asuntos p\u00fablicos y lobbying","description":"La vicesecretaria sectorial del PP, Elvira Rodr\u00edguez, cuenta la postura de su partido ante el acuerdo de Gobierno sobre los Presupuestos.","robots":{"index":"index","follow":"follow","max-snippet":"max-snippet:-1","max-image-preview":"max-image-preview:large","max-video-preview":"max-video-preview:-1"},"canonical":"https:\/\/influenzespain.com\/es\/entrevista-elvira-rodriguez-vicesecretaria-sectorial-pp\/","og_locale":"es_ES","og_type":"article","og_title":"Entrevista a Elvira Rodr\u00edguez, vicesecretaria Sectorial y diputada nacional del PP","og_description":"La vicesecretaria sectorial del PP, Elvira Rodr\u00edguez, cuenta la postura de su partido ante el acuerdo de Gobierno sobre los Presupuestos.","og_url":"https:\/\/influenzespain.com\/es\/entrevista-elvira-rodriguez-vicesecretaria-sectorial-pp\/","og_site_name":"Influence Spain | Consultor\u00eda de asuntos p\u00fablicos y lobbying","article_published_time":"2021-10-06T22:00:00+00:00","article_modified_time":"2021-10-07T15:03:07+00:00","og_image":[{"width":799,"height":533,"url":"https:\/\/influenzespain.com\/wp-content\/uploads\/2021\/10\/061021_ElviraRodriguez_VicesecretariaSectorialPP.jpg","type":"image\/jpeg"}],"author":"InFluenze Spain","twitter_card":"summary_large_image","twitter_title":"Entrevista a Elvira Rodr\u00edguez, vicesecretaria Sectorial y diputada nacional del PP","twitter_description":"La vicesecretaria sectorial del PP, Elvira Rodr\u00edguez, cuenta la postura de su partido ante el acuerdo de Gobierno sobre los Presupuestos.","twitter_image":"https:\/\/influenzespain.com\/wp-content\/uploads\/2021\/10\/061021_ElviraRodriguez_VicesecretariaSectorialPP.jpg","twitter_creator":"@InFluenceSpain","twitter_site":"@InFluenceSpain","twitter_misc":{"Escrito por":"InFluenze Spain","Tiempo de lectura":"3 minutos"},"schema":{"@context":"https:\/\/schema.org","@graph":[{"@type":"Article","@id":"https:\/\/influenzespain.com\/es\/entrevista-elvira-rodriguez-vicesecretaria-sectorial-pp\/#article","isPartOf":{"@id":"https:\/\/influenzespain.com\/es\/entrevista-elvira-rodriguez-vicesecretaria-sectorial-pp\/"},"author":{"name":"InFluenze Spain","@id":"https:\/\/influenzespain.com\/#\/schema\/person\/db6f35f53d1c4f87e1118e7aa76dcc1d"},"headline":"Entrevista a Elvira Rodr\u00edguez, vicesecretaria sectorial y diputada nacional del PP","datePublished":"2021-10-06T22:00:00+00:00","dateModified":"2021-10-07T15:03:07+00:00","mainEntityOfPage":{"@id":"https:\/\/influenzespain.com\/es\/entrevista-elvira-rodriguez-vicesecretaria-sectorial-pp\/"},"wordCount":670,"publisher":{"@id":"https:\/\/influenzespain.com\/#organization"},"image":{"@id":"https:\/\/influenzespain.com\/es\/entrevista-elvira-rodriguez-vicesecretaria-sectorial-pp\/#primaryimage"},"thumbnailUrl":"https:\/\/influenzespain.com\/wp-content\/uploads\/2021\/10\/061021_ElviraRodriguez_VicesecretariaSectorialPP.jpg","keywords":["Elvira Rodr\u00edguez","Ley de la Vivienda","Partido Popular","Pedro S\u00e1nchez","PGE2022","Presupuestos Generales del Estado","PSOE"],"articleSection":["Actualidad Pol\u00edtica"],"inLanguage":"es"},{"@type":"WebPage","@id":"https:\/\/influenzespain.com\/es\/entrevista-elvira-rodriguez-vicesecretaria-sectorial-pp\/","url":"https:\/\/influenzespain.com\/es\/entrevista-elvira-rodriguez-vicesecretaria-sectorial-pp\/","name":"Entrevista a Elvira Rodr\u00edguez, vicesecretaria sectorial y diputada nacional del PP - Influence Spain | Consultor\u00eda de asuntos p\u00fablicos y lobbying","isPartOf":{"@id":"https:\/\/influenzespain.com\/#website"},"primaryImageOfPage":{"@id":"https:\/\/influenzespain.com\/es\/entrevista-elvira-rodriguez-vicesecretaria-sectorial-pp\/#primaryimage"},"image":{"@id":"https:\/\/influenzespain.com\/es\/entrevista-elvira-rodriguez-vicesecretaria-sectorial-pp\/#primaryimage"},"thumbnailUrl":"https:\/\/influenzespain.com\/wp-content\/uploads\/2021\/10\/061021_ElviraRodriguez_VicesecretariaSectorialPP.jpg","datePublished":"2021-10-06T22:00:00+00:00","dateModified":"2021-10-07T15:03:07+00:00","description":"La vicesecretaria sectorial del PP, Elvira Rodr\u00edguez, cuenta la postura de su partido ante el acuerdo de Gobierno sobre los Presupuestos.","breadcrumb":{"@id":"https:\/\/influenzespain.com\/es\/entrevista-elvira-rodriguez-vicesecretaria-sectorial-pp\/#breadcrumb"},"inLanguage":"es","potentialAction":[{"@type":"ReadAction","target":["https:\/\/influenzespain.com\/es\/entrevista-elvira-rodriguez-vicesecretaria-sectorial-pp\/"]}]},{"@type":"ImageObject","inLanguage":"es","@id":"https:\/\/influenzespain.com\/es\/entrevista-elvira-rodriguez-vicesecretaria-sectorial-pp\/#primaryimage","url":"https:\/\/influenzespain.com\/wp-content\/uploads\/2021\/10\/061021_ElviraRodriguez_VicesecretariaSectorialPP.jpg","contentUrl":"https:\/\/influenzespain.com\/wp-content\/uploads\/2021\/10\/061021_ElviraRodriguez_VicesecretariaSectorialPP.jpg","width":799,"height":533,"caption":"Elvira Rodr\u00edguez en el Congreso de los Diputados"},{"@type":"BreadcrumbList","@id":"https:\/\/influenzespain.com\/es\/entrevista-elvira-rodriguez-vicesecretaria-sectorial-pp\/#breadcrumb","itemListElement":[{"@type":"ListItem","position":1,"name":"Portada","item":"https:\/\/influenzespain.com\/"},{"@type":"ListItem","position":2,"name":"Entrevista a Elvira Rodr\u00edguez, vicesecretaria sectorial y diputada nacional del PP"}]},{"@type":"WebSite","@id":"https:\/\/influenzespain.com\/#website","url":"https:\/\/influenzespain.com\/","name":"Influence Spain | Consultor\u00eda de asuntos p\u00fablicos y lobbying","description":"La consultor\u00eda de Asuntos P\u00fablicos y Lobbying pionera de Espa\u00f1a","publisher":{"@id":"https:\/\/influenzespain.com\/#organization"},"potentialAction":[{"@type":"SearchAction","target":{"@type":"EntryPoint","urlTemplate":"https:\/\/influenzespain.com\/?s={search_term_string}"},"query-input":{"@type":"PropertyValueSpecification","valueRequired":true,"valueName":"search_term_string"}}],"inLanguage":"es"},{"@type":"Organization","@id":"https:\/\/influenzespain.com\/#organization","name":"InFluenceSpain","url":"https:\/\/influenzespain.com\/","logo":{"@type":"ImageObject","inLanguage":"es","@id":"https:\/\/influenzespain.com\/#\/schema\/logo\/image\/","url":"https:\/\/influenzespain.com\/wp-content\/uploads\/2020\/12\/logo-influence-spain-lobby-consultoria-asuntos-publicos-275.jpg","contentUrl":"https:\/\/influenzespain.com\/wp-content\/uploads\/2020\/12\/logo-influence-spain-lobby-consultoria-asuntos-publicos-275.jpg","width":275,"height":65,"caption":"InFluenceSpain"},"image":{"@id":"https:\/\/influenzespain.com\/#\/schema\/logo\/image\/"},"sameAs":["https:\/\/x.com\/InFluenceSpain","https:\/\/www.linkedin.com\/company\/influencespain\/"]},{"@type":"Person","@id":"https:\/\/influenzespain.com\/#\/schema\/person\/db6f35f53d1c4f87e1118e7aa76dcc1d","name":"InFluenze Spain","image":{"@type":"ImageObject","inLanguage":"es","@id":"https:\/\/secure.gravatar.com\/avatar\/e3437bffd9df1ea898c2fce9ad5070358be5f16f1bb22c8e00e1cc0d9d9d1f59?s=96&d=mm&r=g","url":"https:\/\/secure.gravatar.com\/avatar\/e3437bffd9df1ea898c2fce9ad5070358be5f16f1bb22c8e00e1cc0d9d9d1f59?s=96&d=mm&r=g","contentUrl":"https:\/\/secure.gravatar.com\/avatar\/e3437bffd9df1ea898c2fce9ad5070358be5f16f1bb22c8e00e1cc0d9d9d1f59?s=96&d=mm&r=g","caption":"InFluenze Spain"},"sameAs":["https:\/\/influenzespain.com"],"url":"https:\/\/influenzespain.com\/es\/author\/admin_influence\/"}]}},"_links":{"self":[{"href":"https:\/\/influenzespain.com\/es\/wp-json\/wp\/v2\/posts\/1617","targetHints":{"allow":["GET"]}}],"collection":[{"href":"https:\/\/influenzespain.com\/es\/wp-json\/wp\/v2\/posts"}],"about":[{"href":"https:\/\/influenzespain.com\/es\/wp-json\/wp\/v2\/types\/post"}],"author":[{"embeddable":true,"href":"https:\/\/influenzespain.com\/es\/wp-json\/wp\/v2\/users\/2"}],"replies":[{"embeddable":true,"href":"https:\/\/influenzespain.com\/es\/wp-json\/wp\/v2\/comments?post=1617"}],"version-history":[{"count":1,"href":"https:\/\/influenzespain.com\/es\/wp-json\/wp\/v2\/posts\/1617\/revisions"}],"predecessor-version":[{"id":1622,"href":"https:\/\/influenzespain.com\/es\/wp-json\/wp\/v2\/posts\/1617\/revisions\/1622"}],"wp:featuredmedia":[{"embeddable":true,"href":"https:\/\/influenzespain.com\/es\/wp-json\/wp\/v2\/media\/1620"}],"wp:attachment":[{"href":"https:\/\/influenzespain.com\/es\/wp-json\/wp\/v2\/media?parent=1617"}],"wp:term":[{"taxonomy":"category","embeddable":true,"href":"https:\/\/influenzespain.com\/es\/wp-json\/wp\/v2\/categories?post=1617"},{"taxonomy":"post_tag","embeddable":true,"href":"https:\/\/influenzespain.com\/es\/wp-json\/wp\/v2\/tags?post=1617"}],"curies":[{"name":"wp","href":"https:\/\/api.w.org\/{rel}","templated":true}]}}