{"id":1743,"date":"2022-01-13T11:08:00","date_gmt":"2022-01-13T11:08:00","guid":{"rendered":"https:\/\/influencespain.com\/?p=1743"},"modified":"2022-01-17T12:26:28","modified_gmt":"2022-01-17T12:26:28","slug":"entrevista-pablo-montesinos-comunicacion-pp-macrogranjas-elecciones-castillayleon","status":"publish","type":"post","link":"https:\/\/influenzespain.com\/es\/entrevista-pablo-montesinos-comunicacion-pp-macrogranjas-elecciones-castillayleon\/","title":{"rendered":"Entrevista a Pablo Montesinos, diputado nacional y vicesecretario de Comunicaci\u00f3n del Partido Popular"},"content":{"rendered":"\n<p>Nuestro compa\u00f1ero <a href=\"https:\/\/influenzespain.com\/equipo\/\">Federico Quevedo<\/a> contin\u00faa sondeando el espectro pol\u00edtico, esta vez entrevistando a <a href=\"https:\/\/twitter.com\/montesinospablo?ref_src=twsrc%5Egoogle%7Ctwcamp%5Eserp%7Ctwgr%5Eauthor\">Pablo Montesinos<\/a>, diputado nacional y vicesecretario de Comunicaci\u00f3n del Partido Popular. Con \u00e9l habla sobre las futuras elecciones regionales de Castilla y Le\u00f3n o el \u201c<em>desigual<\/em>\u201d reparto de los fondos europeos por el Gobierno, entre otros temas de actualidad.<\/p>\n\n\n\n<h3 class=\"wp-block-heading\"><strong>Las macrogranjas, a debate<\/strong><\/h3>\n\n\n\n<p>Despu\u00e9s que el Ministro de Consumo, Alberto Garz\u00f3n, se posicionara en contra de las macrogranjas, el Partido Popular critica la divisi\u00f3n del Gobierno en este asunto. Montesinos insiste en la<em> \u201cdebilidad pol\u00edtica de Pedro S\u00e1nchez que hace equilibrios para no molestar a su vicepresidenta\u201d.<\/em><\/p>\n\n\n\n<p>El Partido Popular se refiere a las palabras del Ministro de Agricultura en las que reconoci\u00f3 que el Ministro de Consumo no le llam\u00f3, <em>\u201ccuando \u00e9l es el competente en la materia\u201d<\/em>, seg\u00fan Montesinos. El diputado nacional adem\u00e1s a\u00f1ade que la<em> \u201cdesautorizaci\u00f3n del Gobierno es absoluta\u201d.<\/em> El diputado considera que el Ministerio de Consumo se debe suprimir. De hecho, el Partido Popular ha llevado diferentes iniciativas a nivel nacional y regional para destituir al ministro en los \u00faltimos d\u00edas.<\/p>\n\n\n\n<p>Pablo Montesinos critica que se haya hecho da\u00f1o al sector ganadero espa\u00f1ol. Adem\u00e1s, de cara a las elecciones de Castilla y Le\u00f3n, el diputado del Partido Popular insiste en que el Partido Socialista acusar\u00e1 este golpe porque <em>\u201clos ciudadanos est\u00e1n muy defraudados\u201d.<\/em><\/p>\n\n\n\n<h3 class=\"wp-block-heading\"><strong>Elecciones regionales<\/strong><\/h3>\n\n\n\n<p>El 13 de febrero ser\u00e1n las elecciones auton\u00f3micas en Castilla y Le\u00f3n y previsiblemente las siguientes ser\u00e1n en Andaluc\u00eda. Seg\u00fan Pablo Montesinos, <em>\u00abel Presidente de Andaluc\u00eda, Juanma Moreno, quiere agotar la legislatura al m\u00e1ximo\u00bb.<\/em><\/p>\n\n\n\n<p>En Castilla y Le\u00f3n, la decisi\u00f3n de Alfonso Fern\u00e1ndez Ma\u00f1ueco <em>\u201cfue muy valiente\u201d<\/em>, como indica Pablo Montesinos,<em> \u201cpor la inestabilidad manifiesta de las maniobras de Ciudadanos\u201d.<\/em> Hoy, como informa el diputado, el Partido Popular tendr\u00eda una mayor\u00eda absoluta en Castilla y Le\u00f3n. La intenci\u00f3n es reeditar lo que pas\u00f3 en las pasadas elecciones de la Comunidad de Madrid o Galicia de <em>\u201cgobernar en solitario\u201d<\/em>, como insiste Montesinos. \u00a0<\/p>\n\n\n\n<h3 class=\"wp-block-heading\"><strong>Cambio de ciclo pol\u00edtico<\/strong><\/h3>\n\n\n\n<p>Pablo Montesinos afirma que el<em> \u201ccambio de ciclo pol\u00edtico se est\u00e1 demostrando por la v\u00eda de los hechos\u201d<\/em> y que <em>\u201cPedro S\u00e1nchez tiene un proyecto agotado\u201d<\/em>. El diputado del PP insiste en que <em>\u201clas elecciones de Castilla y Le\u00f3n son muy importantes\u201d<\/em> para el Partido Popular. Se van a ir sucediendo unos procesos electorales en los que, seg\u00fan el diputado,<em> \u201cva\u00a0 a ganar el PP porque somos la primera fuerza pol\u00edtica\u201d<\/em>. Montesinos a\u00f1ade que <em>\u201cen los \u00faltimos comit\u00e9s de direcci\u00f3n del PP, el l\u00edder nacional, Pablo Casado, insiste en, adem\u00e1s de una labor de oposici\u00f3n, mostrar las propuestas porque hay una alternativa preparada para gobernar\u201d.<\/em><\/p>\n\n\n\n<h3 class=\"wp-block-heading\"><strong>Reparto de fondos europeos<\/strong><\/h3>\n\n\n\n<p>La Comunidad de Madrid anunci\u00f3 en los \u00faltimos d\u00edas que llevar\u00e1 al Gobierno ante los tribunales por el reparto de los fondos europeos. A esta iniciativa ya se suman cinco comunidades m\u00e1s. Pablo Montesinos explica c\u00f3mo se han sucedido los acontecimientos que han resultado en un <em>\u201creparto a dedo de los fondos\u201d.<\/em><\/p>\n\n\n\n<p>Desde el Partido Popular la responsable econ\u00f3mica, Elvira Rodr\u00edguez, har\u00e1 un control e los fondos con la informaci\u00f3n que da el Gobierno, porque<em> \u201cno hay una autoridad independiente \u2013como propuso el l\u00edder del PP, Pablo Casado- para dar transparencia al reparto\u201d<\/em>. Desde el PP, tambi\u00e9n se trabaja con los ayuntamientos desde la vicesecretar\u00eda territorial para conocer los problemas en el reparto de los fondos. \u00a0<\/p>\n\n\n\n<h3 class=\"wp-block-heading\"><strong>Situaci\u00f3n de la pandemia<\/strong><\/h3>\n\n\n\n<p>Pablo Montesinos insiste en dar seguridad jur\u00eddica a las Comunidades Aut\u00f3nomas para hacer frente a la pandemia. Adem\u00e1s, el diputado a\u00f1ade que <em>\u201chay que ayudar a los sanitarios porque est\u00e1n exhaustos\u201d.<\/em><\/p>\n\n\n\n<figure class=\"wp-block-audio\"><audio controls src=\"https:\/\/influenzespain.com\/wp-content\/uploads\/2022\/01\/130122_PabloMontesinos_PPComunicacion.mp3\"><\/audio><figcaption>Entrevista completa con Pablo Montesinos, diputado nacional y vicesecretario de Comunicaci\u00f3n del Partido Popular.<\/figcaption><\/figure>\n\n\n\n<p class=\"has-text-align-center\"><em>A trav\u00e9s de \u2018El Balance\u2019, programa de Federico Quevedo en Capital Radio, <a href=\"https:\/\/influenzespain.com\/\">Influence Spain<\/a> logra ampliar su red de contactos dentro del espectro estatal, auton\u00f3mico y municipal.<\/em><\/p>\n","protected":false},"excerpt":{"rendered":"<p>Nuestro compa\u00f1ero Federico Quevedo contin\u00faa sondeando el espectro pol\u00edtico, esta vez entrevistando a Pablo Montesinos, diputado nacional y vicesecretario de Comunicaci\u00f3n del Partido Popular. Con \u00e9l habla sobre las futuras elecciones regionales de Castilla y Le\u00f3n o el \u201cdesigual\u201d reparto de los fondos europeos por el Gobierno, entre otros temas de actualidad. Las macrogranjas, a [&hellip;]<\/p>\n","protected":false},"author":2,"featured_media":1746,"comment_status":"closed","ping_status":"open","sticky":false,"template":"","format":"standard","meta":{"footnotes":""},"categories":[16],"tags":[465,431,448,343,466,108,463,464,367,62],"class_list":["post-1743","post","type-post","status-publish","format-standard","has-post-thumbnail","hentry","category-actualidad-politica","tag-alberto-garzon","tag-andalucia","tag-castilla-y-leon","tag-covid19","tag-elecciones-regionales","tag-fondos-europeos","tag-macrogranjas","tag-ministerio-de-consumo","tag-pablo-montesinos","tag-partido-popular"],"yoast_head":"<!-- This site is optimized with the Yoast SEO plugin v27.4 - https:\/\/yoast.com\/product\/yoast-seo-wordpress\/ -->\n<title>Entrevista a Pablo Montesinos, diputado nacional y vicesecretario de Comunicaci\u00f3n del Partido Popular - Influence Spain | Consultor\u00eda de asuntos p\u00fablicos y lobbying<\/title>\n<meta name=\"description\" content=\"Montesinos habla con nuestro compa\u00f1ero Federico Quevedo sobre las macrogranjas, las elecciones de Castilla y Le\u00f3n o el reparto de los fondos europeos.\" \/>\n<meta name=\"robots\" content=\"index, follow, max-snippet:-1, max-image-preview:large, max-video-preview:-1\" \/>\n<link rel=\"canonical\" href=\"https:\/\/influenzespain.com\/es\/entrevista-pablo-montesinos-comunicacion-pp-macrogranjas-elecciones-castillayleon\/\" \/>\n<meta property=\"og:locale\" content=\"es_ES\" \/>\n<meta property=\"og:type\" content=\"article\" \/>\n<meta property=\"og:title\" content=\"Entrevista a Pablo Montesinos, diputado nacional y vicesecretario de Comunicaci\u00f3n del Partido Popular\" \/>\n<meta property=\"og:description\" content=\"Montesinos habla con nuestro compa\u00f1ero Federico Quevedo sobre las macrogranjas, las elecciones de Castilla y Le\u00f3n o el reparto de los fondos europeos.\" \/>\n<meta property=\"og:url\" content=\"https:\/\/influenzespain.com\/es\/entrevista-pablo-montesinos-comunicacion-pp-macrogranjas-elecciones-castillayleon\/\" \/>\n<meta property=\"og:site_name\" content=\"Influence Spain | Consultor\u00eda de asuntos p\u00fablicos y lobbying\" \/>\n<meta property=\"article:published_time\" content=\"2022-01-13T11:08:00+00:00\" \/>\n<meta property=\"article:modified_time\" content=\"2022-01-17T12:26:28+00:00\" \/>\n<meta property=\"og:image\" content=\"https:\/\/influenzespain.com\/wp-content\/uploads\/2022\/01\/130122_Pablo_Montesinos_PPComunicacion.jpeg\" \/>\n\t<meta property=\"og:image:width\" content=\"990\" \/>\n\t<meta property=\"og:image:height\" content=\"660\" \/>\n\t<meta property=\"og:image:type\" content=\"image\/jpeg\" \/>\n<meta name=\"author\" content=\"InFluenze Spain\" \/>\n<meta name=\"twitter:card\" content=\"summary_large_image\" \/>\n<meta name=\"twitter:title\" content=\"Entrevista a Pablo Montesinos, diputado nacional y vicesecretario de Comunicaci\u00f3n del Partido Popular\" \/>\n<meta name=\"twitter:description\" content=\"Montesinos habla con nuestro compa\u00f1ero Federico Quevedo sobre las macrogranjas, las elecciones de Castilla y Le\u00f3n o el reparto de los fondos europeos.\" \/>\n<meta name=\"twitter:image\" content=\"https:\/\/influenzespain.com\/wp-content\/uploads\/2022\/01\/130122_Pablo_Montesinos_PPComunicacion.jpeg\" \/>\n<meta name=\"twitter:creator\" content=\"@InFluenceSpain\" \/>\n<meta name=\"twitter:site\" content=\"@InFluenceSpain\" \/>\n<meta name=\"twitter:label1\" content=\"Escrito por\" \/>\n\t<meta name=\"twitter:data1\" content=\"InFluenze Spain\" \/>\n\t<meta name=\"twitter:label2\" content=\"Tiempo de lectura\" \/>\n\t<meta name=\"twitter:data2\" content=\"3 minutos\" \/>\n<script type=\"application\/ld+json\" class=\"yoast-schema-graph\">{\"@context\":\"https:\\\/\\\/schema.org\",\"@graph\":[{\"@type\":\"Article\",\"@id\":\"https:\\\/\\\/influenzespain.com\\\/es\\\/entrevista-pablo-montesinos-comunicacion-pp-macrogranjas-elecciones-castillayleon\\\/#article\",\"isPartOf\":{\"@id\":\"https:\\\/\\\/influenzespain.com\\\/es\\\/entrevista-pablo-montesinos-comunicacion-pp-macrogranjas-elecciones-castillayleon\\\/\"},\"author\":{\"name\":\"InFluenze Spain\",\"@id\":\"https:\\\/\\\/influenzespain.com\\\/#\\\/schema\\\/person\\\/db6f35f53d1c4f87e1118e7aa76dcc1d\"},\"headline\":\"Entrevista a Pablo Montesinos, diputado nacional y vicesecretario de Comunicaci\u00f3n del Partido Popular\",\"datePublished\":\"2022-01-13T11:08:00+00:00\",\"dateModified\":\"2022-01-17T12:26:28+00:00\",\"mainEntityOfPage\":{\"@id\":\"https:\\\/\\\/influenzespain.com\\\/es\\\/entrevista-pablo-montesinos-comunicacion-pp-macrogranjas-elecciones-castillayleon\\\/\"},\"wordCount\":709,\"publisher\":{\"@id\":\"https:\\\/\\\/influenzespain.com\\\/#organization\"},\"image\":{\"@id\":\"https:\\\/\\\/influenzespain.com\\\/es\\\/entrevista-pablo-montesinos-comunicacion-pp-macrogranjas-elecciones-castillayleon\\\/#primaryimage\"},\"thumbnailUrl\":\"https:\\\/\\\/influenzespain.com\\\/wp-content\\\/uploads\\\/2022\\\/01\\\/130122_Pablo_Montesinos_PPComunicacion.jpeg\",\"keywords\":[\"Alberto Garz\u00f3n\",\"Andaluc\u00eda\",\"Castilla y Le\u00f3n\",\"COVID19\",\"Elecciones regionales\",\"Fondos Europeos\",\"Macrogranjas\",\"Ministerio de Consumo\",\"Pablo Montesinos\",\"Partido Popular\"],\"articleSection\":[\"Actualidad Pol\u00edtica\"],\"inLanguage\":\"es\"},{\"@type\":\"WebPage\",\"@id\":\"https:\\\/\\\/influenzespain.com\\\/es\\\/entrevista-pablo-montesinos-comunicacion-pp-macrogranjas-elecciones-castillayleon\\\/\",\"url\":\"https:\\\/\\\/influenzespain.com\\\/es\\\/entrevista-pablo-montesinos-comunicacion-pp-macrogranjas-elecciones-castillayleon\\\/\",\"name\":\"Entrevista a Pablo Montesinos, diputado nacional y vicesecretario de Comunicaci\u00f3n del Partido Popular - Influence Spain | Consultor\u00eda de asuntos p\u00fablicos y lobbying\",\"isPartOf\":{\"@id\":\"https:\\\/\\\/influenzespain.com\\\/#website\"},\"primaryImageOfPage\":{\"@id\":\"https:\\\/\\\/influenzespain.com\\\/es\\\/entrevista-pablo-montesinos-comunicacion-pp-macrogranjas-elecciones-castillayleon\\\/#primaryimage\"},\"image\":{\"@id\":\"https:\\\/\\\/influenzespain.com\\\/es\\\/entrevista-pablo-montesinos-comunicacion-pp-macrogranjas-elecciones-castillayleon\\\/#primaryimage\"},\"thumbnailUrl\":\"https:\\\/\\\/influenzespain.com\\\/wp-content\\\/uploads\\\/2022\\\/01\\\/130122_Pablo_Montesinos_PPComunicacion.jpeg\",\"datePublished\":\"2022-01-13T11:08:00+00:00\",\"dateModified\":\"2022-01-17T12:26:28+00:00\",\"description\":\"Montesinos habla con nuestro compa\u00f1ero Federico Quevedo sobre las macrogranjas, las elecciones de Castilla y Le\u00f3n o el reparto de los fondos europeos.\",\"breadcrumb\":{\"@id\":\"https:\\\/\\\/influenzespain.com\\\/es\\\/entrevista-pablo-montesinos-comunicacion-pp-macrogranjas-elecciones-castillayleon\\\/#breadcrumb\"},\"inLanguage\":\"es\",\"potentialAction\":[{\"@type\":\"ReadAction\",\"target\":[\"https:\\\/\\\/influenzespain.com\\\/es\\\/entrevista-pablo-montesinos-comunicacion-pp-macrogranjas-elecciones-castillayleon\\\/\"]}]},{\"@type\":\"ImageObject\",\"inLanguage\":\"es\",\"@id\":\"https:\\\/\\\/influenzespain.com\\\/es\\\/entrevista-pablo-montesinos-comunicacion-pp-macrogranjas-elecciones-castillayleon\\\/#primaryimage\",\"url\":\"https:\\\/\\\/influenzespain.com\\\/wp-content\\\/uploads\\\/2022\\\/01\\\/130122_Pablo_Montesinos_PPComunicacion.jpeg\",\"contentUrl\":\"https:\\\/\\\/influenzespain.com\\\/wp-content\\\/uploads\\\/2022\\\/01\\\/130122_Pablo_Montesinos_PPComunicacion.jpeg\",\"width\":990,\"height\":660,\"caption\":\"Pablo Montesinos en un acto del Partido Popular en M\u00e1laga\"},{\"@type\":\"BreadcrumbList\",\"@id\":\"https:\\\/\\\/influenzespain.com\\\/es\\\/entrevista-pablo-montesinos-comunicacion-pp-macrogranjas-elecciones-castillayleon\\\/#breadcrumb\",\"itemListElement\":[{\"@type\":\"ListItem\",\"position\":1,\"name\":\"Portada\",\"item\":\"https:\\\/\\\/influenzespain.com\\\/\"},{\"@type\":\"ListItem\",\"position\":2,\"name\":\"Entrevista a Pablo Montesinos, diputado nacional y vicesecretario de Comunicaci\u00f3n del Partido Popular\"}]},{\"@type\":\"WebSite\",\"@id\":\"https:\\\/\\\/influenzespain.com\\\/#website\",\"url\":\"https:\\\/\\\/influenzespain.com\\\/\",\"name\":\"Influence Spain | Consultor\u00eda de asuntos p\u00fablicos y lobbying\",\"description\":\"La consultor\u00eda de Asuntos P\u00fablicos y Lobbying pionera de Espa\u00f1a\",\"publisher\":{\"@id\":\"https:\\\/\\\/influenzespain.com\\\/#organization\"},\"potentialAction\":[{\"@type\":\"SearchAction\",\"target\":{\"@type\":\"EntryPoint\",\"urlTemplate\":\"https:\\\/\\\/influenzespain.com\\\/?s={search_term_string}\"},\"query-input\":{\"@type\":\"PropertyValueSpecification\",\"valueRequired\":true,\"valueName\":\"search_term_string\"}}],\"inLanguage\":\"es\"},{\"@type\":\"Organization\",\"@id\":\"https:\\\/\\\/influenzespain.com\\\/#organization\",\"name\":\"InFluenceSpain\",\"url\":\"https:\\\/\\\/influenzespain.com\\\/\",\"logo\":{\"@type\":\"ImageObject\",\"inLanguage\":\"es\",\"@id\":\"https:\\\/\\\/influenzespain.com\\\/#\\\/schema\\\/logo\\\/image\\\/\",\"url\":\"https:\\\/\\\/influenzespain.com\\\/wp-content\\\/uploads\\\/2020\\\/12\\\/logo-influence-spain-lobby-consultoria-asuntos-publicos-275.jpg\",\"contentUrl\":\"https:\\\/\\\/influenzespain.com\\\/wp-content\\\/uploads\\\/2020\\\/12\\\/logo-influence-spain-lobby-consultoria-asuntos-publicos-275.jpg\",\"width\":275,\"height\":65,\"caption\":\"InFluenceSpain\"},\"image\":{\"@id\":\"https:\\\/\\\/influenzespain.com\\\/#\\\/schema\\\/logo\\\/image\\\/\"},\"sameAs\":[\"https:\\\/\\\/x.com\\\/InFluenceSpain\",\"https:\\\/\\\/www.linkedin.com\\\/company\\\/influencespain\\\/\"]},{\"@type\":\"Person\",\"@id\":\"https:\\\/\\\/influenzespain.com\\\/#\\\/schema\\\/person\\\/db6f35f53d1c4f87e1118e7aa76dcc1d\",\"name\":\"InFluenze Spain\",\"image\":{\"@type\":\"ImageObject\",\"inLanguage\":\"es\",\"@id\":\"https:\\\/\\\/secure.gravatar.com\\\/avatar\\\/e3437bffd9df1ea898c2fce9ad5070358be5f16f1bb22c8e00e1cc0d9d9d1f59?s=96&d=mm&r=g\",\"url\":\"https:\\\/\\\/secure.gravatar.com\\\/avatar\\\/e3437bffd9df1ea898c2fce9ad5070358be5f16f1bb22c8e00e1cc0d9d9d1f59?s=96&d=mm&r=g\",\"contentUrl\":\"https:\\\/\\\/secure.gravatar.com\\\/avatar\\\/e3437bffd9df1ea898c2fce9ad5070358be5f16f1bb22c8e00e1cc0d9d9d1f59?s=96&d=mm&r=g\",\"caption\":\"InFluenze Spain\"},\"sameAs\":[\"https:\\\/\\\/influenzespain.com\"],\"url\":\"https:\\\/\\\/influenzespain.com\\\/es\\\/author\\\/admin_influence\\\/\"}]}<\/script>\n<!-- \/ Yoast SEO plugin. -->","yoast_head_json":{"title":"Entrevista a Pablo Montesinos, diputado nacional y vicesecretario de Comunicaci\u00f3n del Partido Popular - Influence Spain | Consultor\u00eda de asuntos p\u00fablicos y lobbying","description":"Montesinos habla con nuestro compa\u00f1ero Federico Quevedo sobre las macrogranjas, las elecciones de Castilla y Le\u00f3n o el reparto de los fondos europeos.","robots":{"index":"index","follow":"follow","max-snippet":"max-snippet:-1","max-image-preview":"max-image-preview:large","max-video-preview":"max-video-preview:-1"},"canonical":"https:\/\/influenzespain.com\/es\/entrevista-pablo-montesinos-comunicacion-pp-macrogranjas-elecciones-castillayleon\/","og_locale":"es_ES","og_type":"article","og_title":"Entrevista a Pablo Montesinos, diputado nacional y vicesecretario de Comunicaci\u00f3n del Partido Popular","og_description":"Montesinos habla con nuestro compa\u00f1ero Federico Quevedo sobre las macrogranjas, las elecciones de Castilla y Le\u00f3n o el reparto de los fondos europeos.","og_url":"https:\/\/influenzespain.com\/es\/entrevista-pablo-montesinos-comunicacion-pp-macrogranjas-elecciones-castillayleon\/","og_site_name":"Influence Spain | Consultor\u00eda de asuntos p\u00fablicos y lobbying","article_published_time":"2022-01-13T11:08:00+00:00","article_modified_time":"2022-01-17T12:26:28+00:00","og_image":[{"width":990,"height":660,"url":"https:\/\/influenzespain.com\/wp-content\/uploads\/2022\/01\/130122_Pablo_Montesinos_PPComunicacion.jpeg","type":"image\/jpeg"}],"author":"InFluenze Spain","twitter_card":"summary_large_image","twitter_title":"Entrevista a Pablo Montesinos, diputado nacional y vicesecretario de Comunicaci\u00f3n del Partido Popular","twitter_description":"Montesinos habla con nuestro compa\u00f1ero Federico Quevedo sobre las macrogranjas, las elecciones de Castilla y Le\u00f3n o el reparto de los fondos europeos.","twitter_image":"https:\/\/influenzespain.com\/wp-content\/uploads\/2022\/01\/130122_Pablo_Montesinos_PPComunicacion.jpeg","twitter_creator":"@InFluenceSpain","twitter_site":"@InFluenceSpain","twitter_misc":{"Escrito por":"InFluenze Spain","Tiempo de lectura":"3 minutos"},"schema":{"@context":"https:\/\/schema.org","@graph":[{"@type":"Article","@id":"https:\/\/influenzespain.com\/es\/entrevista-pablo-montesinos-comunicacion-pp-macrogranjas-elecciones-castillayleon\/#article","isPartOf":{"@id":"https:\/\/influenzespain.com\/es\/entrevista-pablo-montesinos-comunicacion-pp-macrogranjas-elecciones-castillayleon\/"},"author":{"name":"InFluenze Spain","@id":"https:\/\/influenzespain.com\/#\/schema\/person\/db6f35f53d1c4f87e1118e7aa76dcc1d"},"headline":"Entrevista a Pablo Montesinos, diputado nacional y vicesecretario de Comunicaci\u00f3n del Partido Popular","datePublished":"2022-01-13T11:08:00+00:00","dateModified":"2022-01-17T12:26:28+00:00","mainEntityOfPage":{"@id":"https:\/\/influenzespain.com\/es\/entrevista-pablo-montesinos-comunicacion-pp-macrogranjas-elecciones-castillayleon\/"},"wordCount":709,"publisher":{"@id":"https:\/\/influenzespain.com\/#organization"},"image":{"@id":"https:\/\/influenzespain.com\/es\/entrevista-pablo-montesinos-comunicacion-pp-macrogranjas-elecciones-castillayleon\/#primaryimage"},"thumbnailUrl":"https:\/\/influenzespain.com\/wp-content\/uploads\/2022\/01\/130122_Pablo_Montesinos_PPComunicacion.jpeg","keywords":["Alberto Garz\u00f3n","Andaluc\u00eda","Castilla y Le\u00f3n","COVID19","Elecciones regionales","Fondos Europeos","Macrogranjas","Ministerio de Consumo","Pablo Montesinos","Partido Popular"],"articleSection":["Actualidad Pol\u00edtica"],"inLanguage":"es"},{"@type":"WebPage","@id":"https:\/\/influenzespain.com\/es\/entrevista-pablo-montesinos-comunicacion-pp-macrogranjas-elecciones-castillayleon\/","url":"https:\/\/influenzespain.com\/es\/entrevista-pablo-montesinos-comunicacion-pp-macrogranjas-elecciones-castillayleon\/","name":"Entrevista a Pablo Montesinos, diputado nacional y vicesecretario de Comunicaci\u00f3n del Partido Popular - Influence Spain | Consultor\u00eda de asuntos p\u00fablicos y lobbying","isPartOf":{"@id":"https:\/\/influenzespain.com\/#website"},"primaryImageOfPage":{"@id":"https:\/\/influenzespain.com\/es\/entrevista-pablo-montesinos-comunicacion-pp-macrogranjas-elecciones-castillayleon\/#primaryimage"},"image":{"@id":"https:\/\/influenzespain.com\/es\/entrevista-pablo-montesinos-comunicacion-pp-macrogranjas-elecciones-castillayleon\/#primaryimage"},"thumbnailUrl":"https:\/\/influenzespain.com\/wp-content\/uploads\/2022\/01\/130122_Pablo_Montesinos_PPComunicacion.jpeg","datePublished":"2022-01-13T11:08:00+00:00","dateModified":"2022-01-17T12:26:28+00:00","description":"Montesinos habla con nuestro compa\u00f1ero Federico Quevedo sobre las macrogranjas, las elecciones de Castilla y Le\u00f3n o el reparto de los fondos europeos.","breadcrumb":{"@id":"https:\/\/influenzespain.com\/es\/entrevista-pablo-montesinos-comunicacion-pp-macrogranjas-elecciones-castillayleon\/#breadcrumb"},"inLanguage":"es","potentialAction":[{"@type":"ReadAction","target":["https:\/\/influenzespain.com\/es\/entrevista-pablo-montesinos-comunicacion-pp-macrogranjas-elecciones-castillayleon\/"]}]},{"@type":"ImageObject","inLanguage":"es","@id":"https:\/\/influenzespain.com\/es\/entrevista-pablo-montesinos-comunicacion-pp-macrogranjas-elecciones-castillayleon\/#primaryimage","url":"https:\/\/influenzespain.com\/wp-content\/uploads\/2022\/01\/130122_Pablo_Montesinos_PPComunicacion.jpeg","contentUrl":"https:\/\/influenzespain.com\/wp-content\/uploads\/2022\/01\/130122_Pablo_Montesinos_PPComunicacion.jpeg","width":990,"height":660,"caption":"Pablo Montesinos en un acto del Partido Popular en M\u00e1laga"},{"@type":"BreadcrumbList","@id":"https:\/\/influenzespain.com\/es\/entrevista-pablo-montesinos-comunicacion-pp-macrogranjas-elecciones-castillayleon\/#breadcrumb","itemListElement":[{"@type":"ListItem","position":1,"name":"Portada","item":"https:\/\/influenzespain.com\/"},{"@type":"ListItem","position":2,"name":"Entrevista a Pablo Montesinos, diputado nacional y vicesecretario de Comunicaci\u00f3n del Partido Popular"}]},{"@type":"WebSite","@id":"https:\/\/influenzespain.com\/#website","url":"https:\/\/influenzespain.com\/","name":"Influence Spain | Consultor\u00eda de asuntos p\u00fablicos y lobbying","description":"La consultor\u00eda de Asuntos P\u00fablicos y Lobbying pionera de Espa\u00f1a","publisher":{"@id":"https:\/\/influenzespain.com\/#organization"},"potentialAction":[{"@type":"SearchAction","target":{"@type":"EntryPoint","urlTemplate":"https:\/\/influenzespain.com\/?s={search_term_string}"},"query-input":{"@type":"PropertyValueSpecification","valueRequired":true,"valueName":"search_term_string"}}],"inLanguage":"es"},{"@type":"Organization","@id":"https:\/\/influenzespain.com\/#organization","name":"InFluenceSpain","url":"https:\/\/influenzespain.com\/","logo":{"@type":"ImageObject","inLanguage":"es","@id":"https:\/\/influenzespain.com\/#\/schema\/logo\/image\/","url":"https:\/\/influenzespain.com\/wp-content\/uploads\/2020\/12\/logo-influence-spain-lobby-consultoria-asuntos-publicos-275.jpg","contentUrl":"https:\/\/influenzespain.com\/wp-content\/uploads\/2020\/12\/logo-influence-spain-lobby-consultoria-asuntos-publicos-275.jpg","width":275,"height":65,"caption":"InFluenceSpain"},"image":{"@id":"https:\/\/influenzespain.com\/#\/schema\/logo\/image\/"},"sameAs":["https:\/\/x.com\/InFluenceSpain","https:\/\/www.linkedin.com\/company\/influencespain\/"]},{"@type":"Person","@id":"https:\/\/influenzespain.com\/#\/schema\/person\/db6f35f53d1c4f87e1118e7aa76dcc1d","name":"InFluenze Spain","image":{"@type":"ImageObject","inLanguage":"es","@id":"https:\/\/secure.gravatar.com\/avatar\/e3437bffd9df1ea898c2fce9ad5070358be5f16f1bb22c8e00e1cc0d9d9d1f59?s=96&d=mm&r=g","url":"https:\/\/secure.gravatar.com\/avatar\/e3437bffd9df1ea898c2fce9ad5070358be5f16f1bb22c8e00e1cc0d9d9d1f59?s=96&d=mm&r=g","contentUrl":"https:\/\/secure.gravatar.com\/avatar\/e3437bffd9df1ea898c2fce9ad5070358be5f16f1bb22c8e00e1cc0d9d9d1f59?s=96&d=mm&r=g","caption":"InFluenze Spain"},"sameAs":["https:\/\/influenzespain.com"],"url":"https:\/\/influenzespain.com\/es\/author\/admin_influence\/"}]}},"_links":{"self":[{"href":"https:\/\/influenzespain.com\/es\/wp-json\/wp\/v2\/posts\/1743","targetHints":{"allow":["GET"]}}],"collection":[{"href":"https:\/\/influenzespain.com\/es\/wp-json\/wp\/v2\/posts"}],"about":[{"href":"https:\/\/influenzespain.com\/es\/wp-json\/wp\/v2\/types\/post"}],"author":[{"embeddable":true,"href":"https:\/\/influenzespain.com\/es\/wp-json\/wp\/v2\/users\/2"}],"replies":[{"embeddable":true,"href":"https:\/\/influenzespain.com\/es\/wp-json\/wp\/v2\/comments?post=1743"}],"version-history":[{"count":1,"href":"https:\/\/influenzespain.com\/es\/wp-json\/wp\/v2\/posts\/1743\/revisions"}],"predecessor-version":[{"id":1748,"href":"https:\/\/influenzespain.com\/es\/wp-json\/wp\/v2\/posts\/1743\/revisions\/1748"}],"wp:featuredmedia":[{"embeddable":true,"href":"https:\/\/influenzespain.com\/es\/wp-json\/wp\/v2\/media\/1746"}],"wp:attachment":[{"href":"https:\/\/influenzespain.com\/es\/wp-json\/wp\/v2\/media?parent=1743"}],"wp:term":[{"taxonomy":"category","embeddable":true,"href":"https:\/\/influenzespain.com\/es\/wp-json\/wp\/v2\/categories?post=1743"},{"taxonomy":"post_tag","embeddable":true,"href":"https:\/\/influenzespain.com\/es\/wp-json\/wp\/v2\/tags?post=1743"}],"curies":[{"name":"wp","href":"https:\/\/api.w.org\/{rel}","templated":true}]}}