{"id":1968,"date":"2022-02-25T10:50:00","date_gmt":"2022-02-25T10:50:00","guid":{"rendered":"https:\/\/influencespain.com\/entrevista-a-jose-ramon-bauza-eurodiputado-de-ciudadanos-sobre-las-primeras-48-horas-de-guerra-en-ucrania\/"},"modified":"2022-03-14T10:53:16","modified_gmt":"2022-03-14T10:53:16","slug":"entrevista-jose-ramon-bauza-eurodiputado-de-ciudadanos-primeras-48-horas-guerra-ucrania","status":"publish","type":"post","link":"https:\/\/influenzespain.com\/es\/entrevista-jose-ramon-bauza-eurodiputado-de-ciudadanos-primeras-48-horas-guerra-ucrania\/","title":{"rendered":"Entrevista a Jos\u00e9 Ram\u00f3n Bauz\u00e1, eurodiputado de Ciudadanos, sobre las primeras 48 horas de guerra en Ucrania"},"content":{"rendered":"\n<p>En el programa &#8216;<a href=\"https:\/\/www.capitalradio.es\/programas\/el-balance\">El Balance<\/a>&#8216; de Capital Radio, nuestro compa\u00f1ero <a href=\"https:\/\/influenzespain.com\/es\/equipo\/\">Federico Quevedo<\/a> entrevista al eurodiputado de Ciudadanos, <a href=\"https:\/\/twitter.com\/JRBauza?ref_src=twsrc%5Egoogle%7Ctwcamp%5Eserp%7Ctwgr%5Eauthor\">Jos\u00e9 Ram\u00f3n Bauz\u00e1<\/a>, para analizar la situaci\u00f3n sobre la ofensiva de Rusia contra Ucrania en los dos primeros d\u00edas de guerra.<\/p>\n\n\n\n<h3 class=\"wp-block-heading\"><strong>Los primeros d\u00edas de guerra<\/strong><\/h3>\n\n\n\n<p>En las primeras 48 horas de guerra, el eurodiputado, Ram\u00f3n Bauz\u00e1, insiste en que el ej\u00e9rcito ucraniano est\u00e1 controlando la ofensiva. No obstante, insiste en que la situaci\u00f3n es complicada porque Kyviv tiene muchos habitantes con una poblaci\u00f3n muy hostil, de manera que los que no se han ido, est\u00e1n preparados para luchar. El eurodiputado apunta a una guerra urbana donde tiene m\u00e1s ventaja el ucraniano por dominar el terreno. <\/p>\n\n\n\n<p>Ram\u00f3n Bauz\u00e1 informa de que Europa est\u00e1 trabajando en la imposici\u00f3n de sanciones a Rusia \u201c<em>es absolutamente importante<\/em>\u201d. Seg\u00fan el eurodiputado las sanciones han hecho que la bolsa rusa ha tenido su tercera mayor ca\u00edda de la historia, el objetivo de estas sanciones es hacer un efecto a medio y largo plazo. El problema, seg\u00fan Ram\u00f3n Bauz\u00e1, es que para aprobar algunas normas la Uni\u00f3n Europea tiene que actuar por unanimidad: \u201c<em>hay tres pa\u00edses altamente dependientes del gas ruso que no acompa\u00f1an en la sanci\u00f3n m\u00e1s importante, la anulaci\u00f3n del pago por el sistema Swift<\/em>\u201d, se\u00f1ala el eurodiputado. Estos pa\u00edses son Alemania, Italia y Austria que utilizan este sistema para pagar el gas ruso.<\/p>\n\n\n\n<h3 class=\"wp-block-heading\"><strong>Las decisiones de la OTAN<\/strong><\/h3>\n\n\n\n<p>Adem\u00e1s, el eurodiputado de Ciudadanos a\u00f1ade que la Uni\u00f3n Europea ha dado ayudas a Ucrania por valor de 1.200 millones de euros. Sobre ayudas militares, la OTAN no tiene obligaci\u00f3n de prestar ayuda a Ucrania porque no es miembro, pero s\u00ed que lo ha hecho para afrontar la invasi\u00f3n.<\/p>\n\n\n\n<p>La decisi\u00f3n m\u00e1s importante es la reclamaci\u00f3n de la zona de exclusi\u00f3n a\u00e9rea en Ucrania. En el momento en el que se determina esta zona, cualquier avi\u00f3n que sobrevolase el espacio a\u00e9reo tendr\u00eda una reacci\u00f3n por parte de la OTAN y se derribar\u00eda. El derribo de un caza ruso har\u00eda que Putin pudiera justificar su potencial nuclear. <\/p>\n\n\n\n<h3 class=\"wp-block-heading\"><strong>Pol\u00edtica com\u00fan europea de seguridad<\/strong><\/h3>\n\n\n\n<p>Ram\u00f3n Bauz\u00e1 informa de que Putin ha hecho sus amenazas porque la OTAN o la Uni\u00f3n Europea no iban a reaccionar. Sin embargo, la UE ha actuado con unanimidad decidiendo enfrentarse a Putin. Uno de los problemas de la Uni\u00f3n Europea seg\u00fan el eurodiputado e que no hay una pol\u00edtica de defensa y seguridad com\u00fan en la que ahora, s\u00ed se est\u00e1 trabajando. <\/p>\n\n\n\n<p>El eurodiputado de Ciudadanos insiste en que \u201cPutin es un mat\u00f3n\u201d, seg\u00fan \u00e9l, ya lo ha demostrado todo y en este proceso ha exigido unas condiciones que eran incumplibles. \u201c<em>Que Ucrania jam\u00e1s entrara en la OTAN<\/em>\u201d era una de sus peticiones para forzar una lucha que ya estaba preparada.<\/p>\n\n\n\n<h3 class=\"wp-block-heading\"><strong>Respuesta un\u00e1nime de Europa<\/strong><\/h3>\n\n\n\n<p>Ram\u00f3n Bauz\u00e1 insiste en que hay que ayudar a Ucrania con \u201c<em>todo lo que pida, tanto material letal como no letal<\/em>\u201d. El eurodiputado insiste en que hay que dar a Ucrania todo tipo de material ofensivo para\u00a0 contrarrestar la ofensiva del ej\u00e9rcito ruso. En el Senado de Francia, donde se re\u00fanen las delegaciones de los pa\u00edses de la UE para decidir sobre este conflicto, recibieron al embajador de Ucrania en la UE. El embajador inform\u00f3 de que ya hab\u00eda abatido a 1.800 soldados del ej\u00e9rcito ruso. Ram\u00f3n Bauz\u00e1 insiste en que es la responsabilidad de la UE de nutrir a Ucrania de material bal\u00edstico de defensa.<\/p>\n\n\n\n<h3 class=\"wp-block-heading\"><strong>Crisis humanitaria<\/strong><\/h3>\n\n\n\n<p>El eurodiputado informa de que en Ruman\u00eda o en la Rep\u00fablica Checa empiezan a llegar refugiados. El Ayuntamiento de Madrid ya se ha ofrecido para acogerles. Ram\u00f3n Bauz\u00e1 insiste en que tienen que ser acogidos de la mejor manera posible.<\/p>\n\n\n\n<figure class=\"wp-block-audio\"><audio controls src=\"https:\/\/influenzespain.com\/wp-content\/uploads\/2022\/03\/250222_JoseRamonBauza_EurodiputadoCiudadanos.mp3\"><\/audio><figcaption>Entrevista completa con Jos\u00e9 Ram\u00f3n Bauz\u00e1, eurodiputado de Ciudadanos.<\/figcaption><\/figure>\n\n\n\n<p class=\"has-text-align-center\"><em>A trav\u00e9s de \u2018El Balance\u2019, programa de Federico Quevedo en Capital Radio, <a href=\"https:\/\/influenzespain.com\/es\/\">Influence Spain <\/a>logra ampliar su red de contactos dentro del espectro estatal, auton\u00f3mico y municipal.<\/em><\/p>\n","protected":false},"excerpt":{"rendered":"<p>En el programa &#8216;El Balance&#8216; de Capital Radio, nuestro compa\u00f1ero Federico Quevedo entrevista al eurodiputado de Ciudadanos, Jos\u00e9 Ram\u00f3n Bauz\u00e1, para analizar la situaci\u00f3n sobre la ofensiva de Rusia contra Ucrania en los dos primeros d\u00edas de guerra. Los primeros d\u00edas de guerra En las primeras 48 horas de guerra, el eurodiputado, Ram\u00f3n Bauz\u00e1, insiste [&hellip;]<\/p>\n","protected":false},"author":2,"featured_media":1966,"comment_status":"open","ping_status":"open","sticky":false,"template":"","format":"standard","meta":{"footnotes":""},"categories":[16],"tags":[540,541,535,538,537,536,539],"class_list":["post-1968","post","type-post","status-publish","format-standard","has-post-thumbnail","hentry","category-actualidad-politica","tag-defensa","tag-guerra-en-ucrania","tag-jose-ramon-bauza-es","tag-putin-es","tag-rusia","tag-ucrania","tag-union-europea"],"yoast_head":"<!-- This site is optimized with the Yoast SEO plugin v27.4 - https:\/\/yoast.com\/product\/yoast-seo-wordpress\/ -->\n<title>Entrevista a Jos\u00e9 Ram\u00f3n Bauz\u00e1, eurodiputado de Ciudadanos, sobre las primeras 48 horas de guerra en Ucrania - Influence Spain | Consultor\u00eda de asuntos p\u00fablicos y lobbying<\/title>\n<meta name=\"description\" content=\"Nuestro compa\u00f1ero Federico Quevedo entrevista a Jos\u00e9 Ram\u00f3n Bauz\u00e1 para analizar las primeras 48 horas de la ofensiva de Rusia contra Ucrania.\" \/>\n<meta name=\"robots\" content=\"index, follow, max-snippet:-1, max-image-preview:large, max-video-preview:-1\" \/>\n<link rel=\"canonical\" href=\"https:\/\/influenzespain.com\/es\/entrevista-jose-ramon-bauza-eurodiputado-de-ciudadanos-primeras-48-horas-guerra-ucrania\/\" \/>\n<meta property=\"og:locale\" content=\"es_ES\" \/>\n<meta property=\"og:type\" content=\"article\" \/>\n<meta property=\"og:title\" content=\"Entrevista a Jos\u00e9 Ram\u00f3n Bauz\u00e1, eurodiputado de Ciudadanos, sobre las primeras 48 horas de guerra en Ucrania\" \/>\n<meta property=\"og:description\" content=\"Nuestro compa\u00f1ero Federico Quevedo entrevista a Jos\u00e9 Ram\u00f3n Bauz\u00e1 para analizar las primeras 48 horas de la ofensiva de Rusia contra Ucrania.\" \/>\n<meta property=\"og:url\" content=\"https:\/\/influenzespain.com\/es\/entrevista-jose-ramon-bauza-eurodiputado-de-ciudadanos-primeras-48-horas-guerra-ucrania\/\" \/>\n<meta property=\"og:site_name\" content=\"Influence Spain | Consultor\u00eda de asuntos p\u00fablicos y lobbying\" \/>\n<meta property=\"article:published_time\" content=\"2022-02-25T10:50:00+00:00\" \/>\n<meta property=\"article:modified_time\" content=\"2022-03-14T10:53:16+00:00\" \/>\n<meta property=\"og:image\" content=\"https:\/\/influenzespain.com\/wp-content\/uploads\/2022\/03\/250222_JoseRamonBauza_EurodiputadoCiudadanos.jpg\" \/>\n<meta name=\"author\" content=\"InFluenze Spain\" \/>\n<meta name=\"twitter:card\" content=\"summary_large_image\" \/>\n<meta name=\"twitter:title\" content=\"Entrevista a Jos\u00e9 Ram\u00f3n Bauz\u00e1, eurodiputado de Ciudadanos, sobre las primeras 48 horas de guerra en Ucrania\" \/>\n<meta name=\"twitter:description\" content=\"Nuestro compa\u00f1ero Federico Quevedo entrevista a Jos\u00e9 Ram\u00f3n Bauz\u00e1 para analizar las primeras 48 horas de la ofensiva de Rusia contra Ucrania.\" \/>\n<meta name=\"twitter:image\" content=\"https:\/\/influenzespain.com\/wp-content\/uploads\/2022\/03\/250222_JoseRamonBauza_EurodiputadoCiudadanos.jpg\" \/>\n<meta name=\"twitter:creator\" content=\"@InFluenceSpain\" \/>\n<meta name=\"twitter:site\" content=\"@InFluenceSpain\" \/>\n<meta name=\"twitter:label1\" content=\"Escrito por\" \/>\n\t<meta name=\"twitter:data1\" content=\"InFluenze Spain\" \/>\n\t<meta name=\"twitter:label2\" content=\"Tiempo de lectura\" \/>\n\t<meta name=\"twitter:data2\" content=\"3 minutos\" \/>\n<script type=\"application\/ld+json\" class=\"yoast-schema-graph\">{\"@context\":\"https:\\\/\\\/schema.org\",\"@graph\":[{\"@type\":\"Article\",\"@id\":\"https:\\\/\\\/influenzespain.com\\\/es\\\/entrevista-jose-ramon-bauza-eurodiputado-de-ciudadanos-primeras-48-horas-guerra-ucrania\\\/#article\",\"isPartOf\":{\"@id\":\"https:\\\/\\\/influenzespain.com\\\/es\\\/entrevista-jose-ramon-bauza-eurodiputado-de-ciudadanos-primeras-48-horas-guerra-ucrania\\\/\"},\"author\":{\"name\":\"InFluenze Spain\",\"@id\":\"https:\\\/\\\/influenzespain.com\\\/#\\\/schema\\\/person\\\/db6f35f53d1c4f87e1118e7aa76dcc1d\"},\"headline\":\"Entrevista a Jos\u00e9 Ram\u00f3n Bauz\u00e1, eurodiputado de Ciudadanos, sobre las primeras 48 horas de guerra en Ucrania\",\"datePublished\":\"2022-02-25T10:50:00+00:00\",\"dateModified\":\"2022-03-14T10:53:16+00:00\",\"mainEntityOfPage\":{\"@id\":\"https:\\\/\\\/influenzespain.com\\\/es\\\/entrevista-jose-ramon-bauza-eurodiputado-de-ciudadanos-primeras-48-horas-guerra-ucrania\\\/\"},\"wordCount\":724,\"commentCount\":0,\"publisher\":{\"@id\":\"https:\\\/\\\/influenzespain.com\\\/#organization\"},\"image\":{\"@id\":\"https:\\\/\\\/influenzespain.com\\\/es\\\/entrevista-jose-ramon-bauza-eurodiputado-de-ciudadanos-primeras-48-horas-guerra-ucrania\\\/#primaryimage\"},\"thumbnailUrl\":\"https:\\\/\\\/influenzespain.com\\\/wp-content\\\/uploads\\\/2022\\\/03\\\/250222_JoseRamonBauza_EurodiputadoCiudadanos.jpg\",\"keywords\":[\"Defensa\",\"Guerra en Ucrania\",\"Jos\u00e9 Ram\u00f3n Bauz\u00e1\",\"Putin\",\"Rusia\",\"Ucrania\",\"Uni\u00f3n Europea\"],\"articleSection\":[\"Actualidad Pol\u00edtica\"],\"inLanguage\":\"es\",\"potentialAction\":[{\"@type\":\"CommentAction\",\"name\":\"Comment\",\"target\":[\"https:\\\/\\\/influenzespain.com\\\/es\\\/entrevista-jose-ramon-bauza-eurodiputado-de-ciudadanos-primeras-48-horas-guerra-ucrania\\\/#respond\"]}]},{\"@type\":\"WebPage\",\"@id\":\"https:\\\/\\\/influenzespain.com\\\/es\\\/entrevista-jose-ramon-bauza-eurodiputado-de-ciudadanos-primeras-48-horas-guerra-ucrania\\\/\",\"url\":\"https:\\\/\\\/influenzespain.com\\\/es\\\/entrevista-jose-ramon-bauza-eurodiputado-de-ciudadanos-primeras-48-horas-guerra-ucrania\\\/\",\"name\":\"Entrevista a Jos\u00e9 Ram\u00f3n Bauz\u00e1, eurodiputado de Ciudadanos, sobre las primeras 48 horas de guerra en Ucrania - Influence Spain | Consultor\u00eda de asuntos p\u00fablicos y lobbying\",\"isPartOf\":{\"@id\":\"https:\\\/\\\/influenzespain.com\\\/#website\"},\"primaryImageOfPage\":{\"@id\":\"https:\\\/\\\/influenzespain.com\\\/es\\\/entrevista-jose-ramon-bauza-eurodiputado-de-ciudadanos-primeras-48-horas-guerra-ucrania\\\/#primaryimage\"},\"image\":{\"@id\":\"https:\\\/\\\/influenzespain.com\\\/es\\\/entrevista-jose-ramon-bauza-eurodiputado-de-ciudadanos-primeras-48-horas-guerra-ucrania\\\/#primaryimage\"},\"thumbnailUrl\":\"https:\\\/\\\/influenzespain.com\\\/wp-content\\\/uploads\\\/2022\\\/03\\\/250222_JoseRamonBauza_EurodiputadoCiudadanos.jpg\",\"datePublished\":\"2022-02-25T10:50:00+00:00\",\"dateModified\":\"2022-03-14T10:53:16+00:00\",\"description\":\"Nuestro compa\u00f1ero Federico Quevedo entrevista a Jos\u00e9 Ram\u00f3n Bauz\u00e1 para analizar las primeras 48 horas de la ofensiva de Rusia contra Ucrania.\",\"breadcrumb\":{\"@id\":\"https:\\\/\\\/influenzespain.com\\\/es\\\/entrevista-jose-ramon-bauza-eurodiputado-de-ciudadanos-primeras-48-horas-guerra-ucrania\\\/#breadcrumb\"},\"inLanguage\":\"es\",\"potentialAction\":[{\"@type\":\"ReadAction\",\"target\":[\"https:\\\/\\\/influenzespain.com\\\/es\\\/entrevista-jose-ramon-bauza-eurodiputado-de-ciudadanos-primeras-48-horas-guerra-ucrania\\\/\"]}]},{\"@type\":\"ImageObject\",\"inLanguage\":\"es\",\"@id\":\"https:\\\/\\\/influenzespain.com\\\/es\\\/entrevista-jose-ramon-bauza-eurodiputado-de-ciudadanos-primeras-48-horas-guerra-ucrania\\\/#primaryimage\",\"url\":\"https:\\\/\\\/influenzespain.com\\\/wp-content\\\/uploads\\\/2022\\\/03\\\/250222_JoseRamonBauza_EurodiputadoCiudadanos.jpg\",\"contentUrl\":\"https:\\\/\\\/influenzespain.com\\\/wp-content\\\/uploads\\\/2022\\\/03\\\/250222_JoseRamonBauza_EurodiputadoCiudadanos.jpg\",\"width\":630,\"height\":353,\"caption\":\"Jos\u00e9 Ram\u00f3n Bauz\u00e1, MEP Ciudadanos\"},{\"@type\":\"BreadcrumbList\",\"@id\":\"https:\\\/\\\/influenzespain.com\\\/es\\\/entrevista-jose-ramon-bauza-eurodiputado-de-ciudadanos-primeras-48-horas-guerra-ucrania\\\/#breadcrumb\",\"itemListElement\":[{\"@type\":\"ListItem\",\"position\":1,\"name\":\"Portada\",\"item\":\"https:\\\/\\\/influenzespain.com\\\/\"},{\"@type\":\"ListItem\",\"position\":2,\"name\":\"Entrevista a Jos\u00e9 Ram\u00f3n Bauz\u00e1, eurodiputado de Ciudadanos, sobre las primeras 48 horas de guerra en Ucrania\"}]},{\"@type\":\"WebSite\",\"@id\":\"https:\\\/\\\/influenzespain.com\\\/#website\",\"url\":\"https:\\\/\\\/influenzespain.com\\\/\",\"name\":\"Influence Spain | Consultor\u00eda de asuntos p\u00fablicos y lobbying\",\"description\":\"La consultor\u00eda de Asuntos P\u00fablicos y Lobbying pionera de Espa\u00f1a\",\"publisher\":{\"@id\":\"https:\\\/\\\/influenzespain.com\\\/#organization\"},\"potentialAction\":[{\"@type\":\"SearchAction\",\"target\":{\"@type\":\"EntryPoint\",\"urlTemplate\":\"https:\\\/\\\/influenzespain.com\\\/?s={search_term_string}\"},\"query-input\":{\"@type\":\"PropertyValueSpecification\",\"valueRequired\":true,\"valueName\":\"search_term_string\"}}],\"inLanguage\":\"es\"},{\"@type\":\"Organization\",\"@id\":\"https:\\\/\\\/influenzespain.com\\\/#organization\",\"name\":\"InFluenceSpain\",\"url\":\"https:\\\/\\\/influenzespain.com\\\/\",\"logo\":{\"@type\":\"ImageObject\",\"inLanguage\":\"es\",\"@id\":\"https:\\\/\\\/influenzespain.com\\\/#\\\/schema\\\/logo\\\/image\\\/\",\"url\":\"https:\\\/\\\/influenzespain.com\\\/wp-content\\\/uploads\\\/2020\\\/12\\\/logo-influence-spain-lobby-consultoria-asuntos-publicos-275.jpg\",\"contentUrl\":\"https:\\\/\\\/influenzespain.com\\\/wp-content\\\/uploads\\\/2020\\\/12\\\/logo-influence-spain-lobby-consultoria-asuntos-publicos-275.jpg\",\"width\":275,\"height\":65,\"caption\":\"InFluenceSpain\"},\"image\":{\"@id\":\"https:\\\/\\\/influenzespain.com\\\/#\\\/schema\\\/logo\\\/image\\\/\"},\"sameAs\":[\"https:\\\/\\\/x.com\\\/InFluenceSpain\",\"https:\\\/\\\/www.linkedin.com\\\/company\\\/influencespain\\\/\"]},{\"@type\":\"Person\",\"@id\":\"https:\\\/\\\/influenzespain.com\\\/#\\\/schema\\\/person\\\/db6f35f53d1c4f87e1118e7aa76dcc1d\",\"name\":\"InFluenze Spain\",\"image\":{\"@type\":\"ImageObject\",\"inLanguage\":\"es\",\"@id\":\"https:\\\/\\\/secure.gravatar.com\\\/avatar\\\/e3437bffd9df1ea898c2fce9ad5070358be5f16f1bb22c8e00e1cc0d9d9d1f59?s=96&d=mm&r=g\",\"url\":\"https:\\\/\\\/secure.gravatar.com\\\/avatar\\\/e3437bffd9df1ea898c2fce9ad5070358be5f16f1bb22c8e00e1cc0d9d9d1f59?s=96&d=mm&r=g\",\"contentUrl\":\"https:\\\/\\\/secure.gravatar.com\\\/avatar\\\/e3437bffd9df1ea898c2fce9ad5070358be5f16f1bb22c8e00e1cc0d9d9d1f59?s=96&d=mm&r=g\",\"caption\":\"InFluenze Spain\"},\"sameAs\":[\"https:\\\/\\\/influenzespain.com\"],\"url\":\"https:\\\/\\\/influenzespain.com\\\/es\\\/author\\\/admin_influence\\\/\"}]}<\/script>\n<!-- \/ Yoast SEO plugin. -->","yoast_head_json":{"title":"Entrevista a Jos\u00e9 Ram\u00f3n Bauz\u00e1, eurodiputado de Ciudadanos, sobre las primeras 48 horas de guerra en Ucrania - Influence Spain | Consultor\u00eda de asuntos p\u00fablicos y lobbying","description":"Nuestro compa\u00f1ero Federico Quevedo entrevista a Jos\u00e9 Ram\u00f3n Bauz\u00e1 para analizar las primeras 48 horas de la ofensiva de Rusia contra Ucrania.","robots":{"index":"index","follow":"follow","max-snippet":"max-snippet:-1","max-image-preview":"max-image-preview:large","max-video-preview":"max-video-preview:-1"},"canonical":"https:\/\/influenzespain.com\/es\/entrevista-jose-ramon-bauza-eurodiputado-de-ciudadanos-primeras-48-horas-guerra-ucrania\/","og_locale":"es_ES","og_type":"article","og_title":"Entrevista a Jos\u00e9 Ram\u00f3n Bauz\u00e1, eurodiputado de Ciudadanos, sobre las primeras 48 horas de guerra en Ucrania","og_description":"Nuestro compa\u00f1ero Federico Quevedo entrevista a Jos\u00e9 Ram\u00f3n Bauz\u00e1 para analizar las primeras 48 horas de la ofensiva de Rusia contra Ucrania.","og_url":"https:\/\/influenzespain.com\/es\/entrevista-jose-ramon-bauza-eurodiputado-de-ciudadanos-primeras-48-horas-guerra-ucrania\/","og_site_name":"Influence Spain | Consultor\u00eda de asuntos p\u00fablicos y lobbying","article_published_time":"2022-02-25T10:50:00+00:00","article_modified_time":"2022-03-14T10:53:16+00:00","og_image":[{"url":"https:\/\/influenzespain.com\/wp-content\/uploads\/2022\/03\/250222_JoseRamonBauza_EurodiputadoCiudadanos.jpg","type":"","width":"","height":""}],"author":"InFluenze Spain","twitter_card":"summary_large_image","twitter_title":"Entrevista a Jos\u00e9 Ram\u00f3n Bauz\u00e1, eurodiputado de Ciudadanos, sobre las primeras 48 horas de guerra en Ucrania","twitter_description":"Nuestro compa\u00f1ero Federico Quevedo entrevista a Jos\u00e9 Ram\u00f3n Bauz\u00e1 para analizar las primeras 48 horas de la ofensiva de Rusia contra Ucrania.","twitter_image":"https:\/\/influenzespain.com\/wp-content\/uploads\/2022\/03\/250222_JoseRamonBauza_EurodiputadoCiudadanos.jpg","twitter_creator":"@InFluenceSpain","twitter_site":"@InFluenceSpain","twitter_misc":{"Escrito por":"InFluenze Spain","Tiempo de lectura":"3 minutos"},"schema":{"@context":"https:\/\/schema.org","@graph":[{"@type":"Article","@id":"https:\/\/influenzespain.com\/es\/entrevista-jose-ramon-bauza-eurodiputado-de-ciudadanos-primeras-48-horas-guerra-ucrania\/#article","isPartOf":{"@id":"https:\/\/influenzespain.com\/es\/entrevista-jose-ramon-bauza-eurodiputado-de-ciudadanos-primeras-48-horas-guerra-ucrania\/"},"author":{"name":"InFluenze Spain","@id":"https:\/\/influenzespain.com\/#\/schema\/person\/db6f35f53d1c4f87e1118e7aa76dcc1d"},"headline":"Entrevista a Jos\u00e9 Ram\u00f3n Bauz\u00e1, eurodiputado de Ciudadanos, sobre las primeras 48 horas de guerra en Ucrania","datePublished":"2022-02-25T10:50:00+00:00","dateModified":"2022-03-14T10:53:16+00:00","mainEntityOfPage":{"@id":"https:\/\/influenzespain.com\/es\/entrevista-jose-ramon-bauza-eurodiputado-de-ciudadanos-primeras-48-horas-guerra-ucrania\/"},"wordCount":724,"commentCount":0,"publisher":{"@id":"https:\/\/influenzespain.com\/#organization"},"image":{"@id":"https:\/\/influenzespain.com\/es\/entrevista-jose-ramon-bauza-eurodiputado-de-ciudadanos-primeras-48-horas-guerra-ucrania\/#primaryimage"},"thumbnailUrl":"https:\/\/influenzespain.com\/wp-content\/uploads\/2022\/03\/250222_JoseRamonBauza_EurodiputadoCiudadanos.jpg","keywords":["Defensa","Guerra en Ucrania","Jos\u00e9 Ram\u00f3n Bauz\u00e1","Putin","Rusia","Ucrania","Uni\u00f3n Europea"],"articleSection":["Actualidad Pol\u00edtica"],"inLanguage":"es","potentialAction":[{"@type":"CommentAction","name":"Comment","target":["https:\/\/influenzespain.com\/es\/entrevista-jose-ramon-bauza-eurodiputado-de-ciudadanos-primeras-48-horas-guerra-ucrania\/#respond"]}]},{"@type":"WebPage","@id":"https:\/\/influenzespain.com\/es\/entrevista-jose-ramon-bauza-eurodiputado-de-ciudadanos-primeras-48-horas-guerra-ucrania\/","url":"https:\/\/influenzespain.com\/es\/entrevista-jose-ramon-bauza-eurodiputado-de-ciudadanos-primeras-48-horas-guerra-ucrania\/","name":"Entrevista a Jos\u00e9 Ram\u00f3n Bauz\u00e1, eurodiputado de Ciudadanos, sobre las primeras 48 horas de guerra en Ucrania - Influence Spain | Consultor\u00eda de asuntos p\u00fablicos y lobbying","isPartOf":{"@id":"https:\/\/influenzespain.com\/#website"},"primaryImageOfPage":{"@id":"https:\/\/influenzespain.com\/es\/entrevista-jose-ramon-bauza-eurodiputado-de-ciudadanos-primeras-48-horas-guerra-ucrania\/#primaryimage"},"image":{"@id":"https:\/\/influenzespain.com\/es\/entrevista-jose-ramon-bauza-eurodiputado-de-ciudadanos-primeras-48-horas-guerra-ucrania\/#primaryimage"},"thumbnailUrl":"https:\/\/influenzespain.com\/wp-content\/uploads\/2022\/03\/250222_JoseRamonBauza_EurodiputadoCiudadanos.jpg","datePublished":"2022-02-25T10:50:00+00:00","dateModified":"2022-03-14T10:53:16+00:00","description":"Nuestro compa\u00f1ero Federico Quevedo entrevista a Jos\u00e9 Ram\u00f3n Bauz\u00e1 para analizar las primeras 48 horas de la ofensiva de Rusia contra Ucrania.","breadcrumb":{"@id":"https:\/\/influenzespain.com\/es\/entrevista-jose-ramon-bauza-eurodiputado-de-ciudadanos-primeras-48-horas-guerra-ucrania\/#breadcrumb"},"inLanguage":"es","potentialAction":[{"@type":"ReadAction","target":["https:\/\/influenzespain.com\/es\/entrevista-jose-ramon-bauza-eurodiputado-de-ciudadanos-primeras-48-horas-guerra-ucrania\/"]}]},{"@type":"ImageObject","inLanguage":"es","@id":"https:\/\/influenzespain.com\/es\/entrevista-jose-ramon-bauza-eurodiputado-de-ciudadanos-primeras-48-horas-guerra-ucrania\/#primaryimage","url":"https:\/\/influenzespain.com\/wp-content\/uploads\/2022\/03\/250222_JoseRamonBauza_EurodiputadoCiudadanos.jpg","contentUrl":"https:\/\/influenzespain.com\/wp-content\/uploads\/2022\/03\/250222_JoseRamonBauza_EurodiputadoCiudadanos.jpg","width":630,"height":353,"caption":"Jos\u00e9 Ram\u00f3n Bauz\u00e1, MEP Ciudadanos"},{"@type":"BreadcrumbList","@id":"https:\/\/influenzespain.com\/es\/entrevista-jose-ramon-bauza-eurodiputado-de-ciudadanos-primeras-48-horas-guerra-ucrania\/#breadcrumb","itemListElement":[{"@type":"ListItem","position":1,"name":"Portada","item":"https:\/\/influenzespain.com\/"},{"@type":"ListItem","position":2,"name":"Entrevista a Jos\u00e9 Ram\u00f3n Bauz\u00e1, eurodiputado de Ciudadanos, sobre las primeras 48 horas de guerra en Ucrania"}]},{"@type":"WebSite","@id":"https:\/\/influenzespain.com\/#website","url":"https:\/\/influenzespain.com\/","name":"Influence Spain | Consultor\u00eda de asuntos p\u00fablicos y lobbying","description":"La consultor\u00eda de Asuntos P\u00fablicos y Lobbying pionera de Espa\u00f1a","publisher":{"@id":"https:\/\/influenzespain.com\/#organization"},"potentialAction":[{"@type":"SearchAction","target":{"@type":"EntryPoint","urlTemplate":"https:\/\/influenzespain.com\/?s={search_term_string}"},"query-input":{"@type":"PropertyValueSpecification","valueRequired":true,"valueName":"search_term_string"}}],"inLanguage":"es"},{"@type":"Organization","@id":"https:\/\/influenzespain.com\/#organization","name":"InFluenceSpain","url":"https:\/\/influenzespain.com\/","logo":{"@type":"ImageObject","inLanguage":"es","@id":"https:\/\/influenzespain.com\/#\/schema\/logo\/image\/","url":"https:\/\/influenzespain.com\/wp-content\/uploads\/2020\/12\/logo-influence-spain-lobby-consultoria-asuntos-publicos-275.jpg","contentUrl":"https:\/\/influenzespain.com\/wp-content\/uploads\/2020\/12\/logo-influence-spain-lobby-consultoria-asuntos-publicos-275.jpg","width":275,"height":65,"caption":"InFluenceSpain"},"image":{"@id":"https:\/\/influenzespain.com\/#\/schema\/logo\/image\/"},"sameAs":["https:\/\/x.com\/InFluenceSpain","https:\/\/www.linkedin.com\/company\/influencespain\/"]},{"@type":"Person","@id":"https:\/\/influenzespain.com\/#\/schema\/person\/db6f35f53d1c4f87e1118e7aa76dcc1d","name":"InFluenze Spain","image":{"@type":"ImageObject","inLanguage":"es","@id":"https:\/\/secure.gravatar.com\/avatar\/e3437bffd9df1ea898c2fce9ad5070358be5f16f1bb22c8e00e1cc0d9d9d1f59?s=96&d=mm&r=g","url":"https:\/\/secure.gravatar.com\/avatar\/e3437bffd9df1ea898c2fce9ad5070358be5f16f1bb22c8e00e1cc0d9d9d1f59?s=96&d=mm&r=g","contentUrl":"https:\/\/secure.gravatar.com\/avatar\/e3437bffd9df1ea898c2fce9ad5070358be5f16f1bb22c8e00e1cc0d9d9d1f59?s=96&d=mm&r=g","caption":"InFluenze Spain"},"sameAs":["https:\/\/influenzespain.com"],"url":"https:\/\/influenzespain.com\/es\/author\/admin_influence\/"}]}},"_links":{"self":[{"href":"https:\/\/influenzespain.com\/es\/wp-json\/wp\/v2\/posts\/1968","targetHints":{"allow":["GET"]}}],"collection":[{"href":"https:\/\/influenzespain.com\/es\/wp-json\/wp\/v2\/posts"}],"about":[{"href":"https:\/\/influenzespain.com\/es\/wp-json\/wp\/v2\/types\/post"}],"author":[{"embeddable":true,"href":"https:\/\/influenzespain.com\/es\/wp-json\/wp\/v2\/users\/2"}],"replies":[{"embeddable":true,"href":"https:\/\/influenzespain.com\/es\/wp-json\/wp\/v2\/comments?post=1968"}],"version-history":[{"count":2,"href":"https:\/\/influenzespain.com\/es\/wp-json\/wp\/v2\/posts\/1968\/revisions"}],"predecessor-version":[{"id":1971,"href":"https:\/\/influenzespain.com\/es\/wp-json\/wp\/v2\/posts\/1968\/revisions\/1971"}],"wp:featuredmedia":[{"embeddable":true,"href":"https:\/\/influenzespain.com\/es\/wp-json\/wp\/v2\/media\/1966"}],"wp:attachment":[{"href":"https:\/\/influenzespain.com\/es\/wp-json\/wp\/v2\/media?parent=1968"}],"wp:term":[{"taxonomy":"category","embeddable":true,"href":"https:\/\/influenzespain.com\/es\/wp-json\/wp\/v2\/categories?post=1968"},{"taxonomy":"post_tag","embeddable":true,"href":"https:\/\/influenzespain.com\/es\/wp-json\/wp\/v2\/tags?post=1968"}],"curies":[{"name":"wp","href":"https:\/\/api.w.org\/{rel}","templated":true}]}}