{"id":2197,"date":"2022-09-04T10:17:00","date_gmt":"2022-09-04T10:17:00","guid":{"rendered":"https:\/\/influencespain.com\/?p=2197"},"modified":"2022-09-07T12:07:43","modified_gmt":"2022-09-07T12:07:43","slug":"spanish-affairs-august-2022","status":"publish","type":"post","link":"https:\/\/influenzespain.com\/es\/spanish-affairs-august-2022\/","title":{"rendered":"Spanish Affairs \u2013 August 2022"},"content":{"rendered":"\n<figure class=\"wp-block-image size-large is-resized\"><img loading=\"lazy\" decoding=\"async\" src=\"https:\/\/influenzespain.com\/wp-content\/uploads\/2022\/02\/002_SebastianMariz.jpg\" alt=\"\" class=\"wp-image-1824\" width=\"161\" height=\"172\" srcset=\"https:\/\/influenzespain.com\/wp-content\/uploads\/2022\/02\/002_SebastianMariz.jpg 389w, https:\/\/influenzespain.com\/wp-content\/uploads\/2022\/02\/002_SebastianMariz-281x300.jpg 281w\" sizes=\"auto, (max-width: 161px) 100vw, 161px\" \/><\/figure>\n\n\n\n<p><strong><em>By: <a href=\"https:\/\/influenzespain.com\/team\/\">Sebastian Mariz<\/a>, CEO of Influence Spain<\/em><\/strong><\/p>\n\n\n\n<p class=\"has-white-color has-text-color\">.<\/p>\n\n\n\n<p>With over 300 events planned for the autumn and up to 40 for the Prime Minister himself, the socialist party and the PM want to reconnect with the public, eclipse the leader of the opposition party, and campaign for the regional and municipal elections of May 2023.&nbsp;<\/p>\n\n\n\n<p>Under the slogan \u201c<a href=\"https:\/\/www.psoe.es\/actualidad\/noticias-actualidad\/pilar-alegria-la-campana-el-gobierno-de-la-gente-funciona\/\">The Peoples Government<\/a>\u201d, the campaign includes multiple meetings between the PM and municipal and regional leaders, as well as a large number of other events hosted by regional and municipal leaders, party members and militants. During the events, the PM and the party hope to be able to explain to voters what the coalition government has done for voters to minimize the impact of high inflation, the energy crisis and the economic slowdown. <\/p>\n\n\n\n<p>The campaign also aims to placate any remaining opposition to the PM from within the party, following the disastrous results in the <a href=\"https:\/\/elpais.com\/espana\/elecciones-andalucia\/\">Andalucian regional elections in June<\/a>, and the party reshuffle imposed by the PM in July. It will also aim to break the downward trend in voter support registered in different polls, and which currently give the opposition, Partido Popular (PP) and its new leader, Nu\u00f1ez Feijoo, 34% of the votes and a 10% lead over the socialist party.\u00a0 If elections were held today, the PP would be able to form a government coalition with the far-right Vox party, whereas the PM and his socialist party would be unable to form a similar coalition to then one in power now.<\/p>\n\n\n\n<h3 class=\"wp-block-heading\">Highly charged legislative agenda for the autumn<\/h3>\n\n\n\n<p>The PM\u2019s legislative agenda for this autumn, while not as ambitious as over the spring, is equally as challenging as it includes parliamentary agreement and adoption of several highly charged legislative initiatives, including:&nbsp;<\/p>\n\n\n\n<ul class=\"wp-block-list\"><li>The national budget for 2023;<\/li><li>An emergency law on measures to tackle the energy and inflationary crisis;\u00a0<\/li><li>New taxes on banking and utility profits;<\/li><li>A new law on university governance;<\/li><li>A new law on <a href=\"https:\/\/influenzespain.com\/spanish-food-waste-regulation\/\">measures to reduce food waste<\/a>;<\/li><li>A new law on <a href=\"https:\/\/www.mitma.gob.es\/el-ministerio\/buscador-participacion-publica\/anteproyecto-de-ley-de-movilidad-sostenible\">sustainable mobility<\/a>; and<\/li><li>New rules affecting companies declaring bankruptcy and higher social security contributions for freelance professionals.\u00a0<\/li><\/ul>\n\n\n\n<p>Negotiations with the junior partner, Unidas Podemos, on the draft budget law began at the end of July, and agreement was reached on the highest budget spending ceiling in Spanish democratic history.\u00a0Real negotiations will start now, in September, however, and will focus on the contents of the budget law and the budget spending lines to be agreed on, after which the draft law will go to the Parliament in October.\u00a0<\/p>\n\n\n\n<p> If all goes well, the PM could have a new budget for next year adopted by mid-November.\u00a0And if he achieves this, he will have revalidated his coalition Government for another year.\u00a0 If he doesn\u2019t, and his coalition partners make excessive demands during negotiations, the PM will be forced to roll over the 2022 budget, significantly weakening his ability to table new legislative initiatives prior to the regional and municipal elections of May 2023 and the general elections of December 2023.\u00a0 He is not, however, expected to call early elections if the national budget law is not adopted.<\/p>\n\n\n\n<p>Negotiations with Unidas Podemos, are expected to go smoothly, although the junior partner will likely make demands on more social spending, social welfare programs, and social housing, with adoption of a new national Housing Law and its measures on intervening the rental housing market, as well as demands for a new steep increase in the minimum wage. These demands will be made in exchange for Unidas Podemos support on more military spending, as demanded by NATO and the US.\u00a0<\/p>\n\n\n\n<h3 class=\"wp-block-heading\">Labor market tensions<\/h3>\n\n\n\n<p>The labor market and union unrest over loss of worker purchasing power, may strain negotiation between the coalition partners over the new budget and the other legislative initiatives in the pipeline.\u00a0 For her side, the Minister of Employment and leader of the newly created &#8216;Sumar&#8217; political party, the Minister\u2019s personal alternative to Unidas Podemos, has publicly<a href=\"https:\/\/www.elperiodico.com\/es\/economia\/20220825\/yolanda-diaz-apoya-movilizaciones-sindicales-subida-salario-minimo-14344053\"> supported labor unions<\/a> who are threatening to organize nationwide protests and strikes if the employers confederation refuses to agree to generalized salary hikes and the Government fails to raise the minimum wage from \u20ac7.82\/hour to \u20ac8.77\/hour.\u00a0<\/p>\n\n\n\n<p>The PM announced an agreement on a wage freeze early in the year, and will be hard pressed to adopt a new generalized salary hike and a new hike in the minimum wage, which would put further inflationary pressures on the economy and reduce profit margins for companies. It would also make it harder for companies to pay back the over 140 billion euros in Government sponsored loans granted during the pandemic, and face the higher interest rates and energy costs expected this autumn.&nbsp;&nbsp; So far, banks have not seen a significant increase in loan delinquency rates, but have registered a 26.2% hike in requests for refinancing of loans, over the third semester of the year.<\/p>\n\n\n\n<p>The combination of a wage hike and loan maturities, coupled with higher interest rates and higher energy costs, could lead to a perfect storm and massive worker layoffs, while fueling financial speculation against Spanish national debt, and further damage voter support for the PM and his socialist party.&nbsp; The Bank of Spain issued an alert at the beginning of August, on the impact the energy crisis, high inflation and higher interest rates is having on internal consumption and household savings, both of which have been steadily and consistently falling since March.<\/p>\n\n\n\n<h3 class=\"wp-block-heading\">Stronger ties with Germany<\/h3>\n\n\n\n<p>On the international front, the PM is prioritizing his relations with the German Government and in particular its Chancellor, Olaf Scholz, so as to leverage German support for Spain\u2019s interventionist measures on the gas market, in order to gain broader support for adoption of similar interventionist measures Europe-wide.&nbsp; Spanish intervention artificially set gas prices for gas used to generate electricity sold on the electricity spot market.&nbsp;&nbsp;<\/p>\n\n\n\n<p>Scholz has also backed Spain\u2019s calls for the EU to speed up financing and approval of the gas interconnection between Spain and France, as a powerful alternative to Russian gas flowing to Germany from the East.&nbsp;&nbsp; With Germany openly supporting the Spanish proposal, it will be increasingly hard for France to block progress on this interconnection and to protect its monopoly on nuclear power in Europe.&nbsp;<\/p>\n\n\n\n<p>An alternative to the interconnection with France, would be to connect Spain to Italy. This option also has German support, as well as Italian, but would be more expensive and would pump less gas to Germany.<\/p>\n\n\n\n<p class=\"has-white-color has-text-color\">.<\/p>\n\n\n\n<p class=\"has-text-align-center\"><em>Every month, Influence Spain provides a look at Spanish current affairs.<\/em>\u00a0<em>For more information, join our social media profiles on\u00a0<\/em><a href=\"https:\/\/twitter.com\/InFluenceSpain\"><em>Twitter\u00a0<\/em><\/a><em>and\u00a0<\/em><a href=\"https:\/\/www.linkedin.com\/company\/influencespain\/?viewAsMember=true\"><em>LinkedIn<\/em><\/a>.<\/p>\n\n\n\n<p class=\"has-white-color has-text-color\"><\/p>\n","protected":false},"excerpt":{"rendered":"<p>By: Sebastian Mariz, CEO of Influence Spain.<\/p>\n","protected":false},"author":2,"featured_media":1823,"comment_status":"closed","ping_status":"open","sticky":false,"template":"","format":"standard","meta":{"footnotes":""},"categories":[487],"tags":[633,629,628,624,575,635,634,631,509,623,179],"class_list":["post-2197","post","type-post","status-publish","format-standard","has-post-thumbnail","hentry","category-spanish-affairs-es","tag-coaltion-government","tag-elections-2","tag-events","tag-food-waste-es","tag-gas-market","tag-germany","tag-labor-market","tag-national-budget","tag-prime-minister-es","tag-socialist-party-es","tag-unidas-podemos"],"yoast_head":"<!-- This site is optimized with the Yoast SEO plugin v27.4 - https:\/\/yoast.com\/product\/yoast-seo-wordpress\/ -->\n<title>Spanish Affairs \u2013 August 2022 - Influence Spain | Consultor\u00eda de asuntos p\u00fablicos y lobbying<\/title>\n<meta name=\"description\" content=\"The CEO of Influence Spain, Sebastian Mariz, talks about the main challenges of this political year for the Spanish coalition government.\" \/>\n<meta name=\"robots\" content=\"index, follow, max-snippet:-1, max-image-preview:large, max-video-preview:-1\" \/>\n<link rel=\"canonical\" href=\"https:\/\/influenzespain.com\/es\/spanish-affairs-august-2022\/\" \/>\n<meta property=\"og:locale\" content=\"es_ES\" \/>\n<meta property=\"og:type\" content=\"article\" \/>\n<meta property=\"og:title\" content=\"Spanish Affairs \u2013 August 2022\" \/>\n<meta property=\"og:description\" content=\"The CEO of Influence Spain, Sebastian Mariz, talks about the main challenges of this political year for the Spanish coalition government.\" \/>\n<meta property=\"og:url\" content=\"https:\/\/influenzespain.com\/es\/spanish-affairs-august-2022\/\" \/>\n<meta property=\"og:site_name\" content=\"Influence Spain | Consultor\u00eda de asuntos p\u00fablicos y lobbying\" \/>\n<meta property=\"article:published_time\" content=\"2022-09-04T10:17:00+00:00\" \/>\n<meta property=\"article:modified_time\" content=\"2022-09-07T12:07:43+00:00\" \/>\n<meta property=\"og:image\" content=\"https:\/\/influenzespain.com\/wp-content\/uploads\/2022\/02\/001_Congreso.jpg\" \/>\n\t<meta property=\"og:image:width\" content=\"800\" \/>\n\t<meta property=\"og:image:height\" content=\"578\" \/>\n\t<meta property=\"og:image:type\" content=\"image\/jpeg\" \/>\n<meta name=\"author\" content=\"InFluenze Spain\" \/>\n<meta name=\"twitter:card\" content=\"summary_large_image\" \/>\n<meta name=\"twitter:title\" content=\"Spanish Affairs \u2013 August 2022\" \/>\n<meta name=\"twitter:description\" content=\"The CEO of Influence Spain, Sebastian Mariz, talks about the main challenges of this political year for the Spanish coalition government.\" \/>\n<meta name=\"twitter:image\" content=\"https:\/\/influenzespain.com\/wp-content\/uploads\/2022\/02\/001_Congreso.jpg\" \/>\n<meta name=\"twitter:creator\" content=\"@InFluenceSpain\" \/>\n<meta name=\"twitter:site\" content=\"@InFluenceSpain\" \/>\n<meta name=\"twitter:label1\" content=\"Escrito por\" \/>\n\t<meta name=\"twitter:data1\" content=\"InFluenze Spain\" \/>\n\t<meta name=\"twitter:label2\" content=\"Tiempo de lectura\" \/>\n\t<meta name=\"twitter:data2\" content=\"6 minutos\" \/>\n<script type=\"application\/ld+json\" class=\"yoast-schema-graph\">{\"@context\":\"https:\\\/\\\/schema.org\",\"@graph\":[{\"@type\":\"Article\",\"@id\":\"https:\\\/\\\/influenzespain.com\\\/es\\\/spanish-affairs-august-2022\\\/#article\",\"isPartOf\":{\"@id\":\"https:\\\/\\\/influenzespain.com\\\/es\\\/spanish-affairs-august-2022\\\/\"},\"author\":{\"name\":\"InFluenze Spain\",\"@id\":\"https:\\\/\\\/influenzespain.com\\\/#\\\/schema\\\/person\\\/db6f35f53d1c4f87e1118e7aa76dcc1d\"},\"headline\":\"Spanish Affairs \u2013 August 2022\",\"datePublished\":\"2022-09-04T10:17:00+00:00\",\"dateModified\":\"2022-09-07T12:07:43+00:00\",\"mainEntityOfPage\":{\"@id\":\"https:\\\/\\\/influenzespain.com\\\/es\\\/spanish-affairs-august-2022\\\/\"},\"wordCount\":1105,\"publisher\":{\"@id\":\"https:\\\/\\\/influenzespain.com\\\/#organization\"},\"image\":{\"@id\":\"https:\\\/\\\/influenzespain.com\\\/es\\\/spanish-affairs-august-2022\\\/#primaryimage\"},\"thumbnailUrl\":\"https:\\\/\\\/influenzespain.com\\\/wp-content\\\/uploads\\\/2022\\\/02\\\/001_Congreso.jpg\",\"keywords\":[\"Coaltion Government\",\"Elections\",\"Events\",\"Food Waste\",\"Gas market\",\"Germany\",\"Labor Market\",\"National budget\",\"Prime Minister\",\"Socialist Party\",\"Unidas Podemos\"],\"articleSection\":[\"Spanish Affairs (ES)\"],\"inLanguage\":\"es\"},{\"@type\":\"WebPage\",\"@id\":\"https:\\\/\\\/influenzespain.com\\\/es\\\/spanish-affairs-august-2022\\\/\",\"url\":\"https:\\\/\\\/influenzespain.com\\\/es\\\/spanish-affairs-august-2022\\\/\",\"name\":\"Spanish Affairs \u2013 August 2022 - Influence Spain | Consultor\u00eda de asuntos p\u00fablicos y lobbying\",\"isPartOf\":{\"@id\":\"https:\\\/\\\/influenzespain.com\\\/#website\"},\"primaryImageOfPage\":{\"@id\":\"https:\\\/\\\/influenzespain.com\\\/es\\\/spanish-affairs-august-2022\\\/#primaryimage\"},\"image\":{\"@id\":\"https:\\\/\\\/influenzespain.com\\\/es\\\/spanish-affairs-august-2022\\\/#primaryimage\"},\"thumbnailUrl\":\"https:\\\/\\\/influenzespain.com\\\/wp-content\\\/uploads\\\/2022\\\/02\\\/001_Congreso.jpg\",\"datePublished\":\"2022-09-04T10:17:00+00:00\",\"dateModified\":\"2022-09-07T12:07:43+00:00\",\"description\":\"The CEO of Influence Spain, Sebastian Mariz, talks about the main challenges of this political year for the Spanish coalition government.\",\"breadcrumb\":{\"@id\":\"https:\\\/\\\/influenzespain.com\\\/es\\\/spanish-affairs-august-2022\\\/#breadcrumb\"},\"inLanguage\":\"es\",\"potentialAction\":[{\"@type\":\"ReadAction\",\"target\":[\"https:\\\/\\\/influenzespain.com\\\/es\\\/spanish-affairs-august-2022\\\/\"]}]},{\"@type\":\"ImageObject\",\"inLanguage\":\"es\",\"@id\":\"https:\\\/\\\/influenzespain.com\\\/es\\\/spanish-affairs-august-2022\\\/#primaryimage\",\"url\":\"https:\\\/\\\/influenzespain.com\\\/wp-content\\\/uploads\\\/2022\\\/02\\\/001_Congreso.jpg\",\"contentUrl\":\"https:\\\/\\\/influenzespain.com\\\/wp-content\\\/uploads\\\/2022\\\/02\\\/001_Congreso.jpg\",\"width\":800,\"height\":578,\"caption\":\"Spanish Parliament\"},{\"@type\":\"BreadcrumbList\",\"@id\":\"https:\\\/\\\/influenzespain.com\\\/es\\\/spanish-affairs-august-2022\\\/#breadcrumb\",\"itemListElement\":[{\"@type\":\"ListItem\",\"position\":1,\"name\":\"Portada\",\"item\":\"https:\\\/\\\/influenzespain.com\\\/\"},{\"@type\":\"ListItem\",\"position\":2,\"name\":\"Spanish Affairs \u2013 August 2022\"}]},{\"@type\":\"WebSite\",\"@id\":\"https:\\\/\\\/influenzespain.com\\\/#website\",\"url\":\"https:\\\/\\\/influenzespain.com\\\/\",\"name\":\"Influence Spain | Consultor\u00eda de asuntos p\u00fablicos y lobbying\",\"description\":\"La consultor\u00eda de Asuntos P\u00fablicos y Lobbying pionera de Espa\u00f1a\",\"publisher\":{\"@id\":\"https:\\\/\\\/influenzespain.com\\\/#organization\"},\"potentialAction\":[{\"@type\":\"SearchAction\",\"target\":{\"@type\":\"EntryPoint\",\"urlTemplate\":\"https:\\\/\\\/influenzespain.com\\\/?s={search_term_string}\"},\"query-input\":{\"@type\":\"PropertyValueSpecification\",\"valueRequired\":true,\"valueName\":\"search_term_string\"}}],\"inLanguage\":\"es\"},{\"@type\":\"Organization\",\"@id\":\"https:\\\/\\\/influenzespain.com\\\/#organization\",\"name\":\"InFluenceSpain\",\"url\":\"https:\\\/\\\/influenzespain.com\\\/\",\"logo\":{\"@type\":\"ImageObject\",\"inLanguage\":\"es\",\"@id\":\"https:\\\/\\\/influenzespain.com\\\/#\\\/schema\\\/logo\\\/image\\\/\",\"url\":\"https:\\\/\\\/influenzespain.com\\\/wp-content\\\/uploads\\\/2020\\\/12\\\/logo-influence-spain-lobby-consultoria-asuntos-publicos-275.jpg\",\"contentUrl\":\"https:\\\/\\\/influenzespain.com\\\/wp-content\\\/uploads\\\/2020\\\/12\\\/logo-influence-spain-lobby-consultoria-asuntos-publicos-275.jpg\",\"width\":275,\"height\":65,\"caption\":\"InFluenceSpain\"},\"image\":{\"@id\":\"https:\\\/\\\/influenzespain.com\\\/#\\\/schema\\\/logo\\\/image\\\/\"},\"sameAs\":[\"https:\\\/\\\/x.com\\\/InFluenceSpain\",\"https:\\\/\\\/www.linkedin.com\\\/company\\\/influencespain\\\/\"]},{\"@type\":\"Person\",\"@id\":\"https:\\\/\\\/influenzespain.com\\\/#\\\/schema\\\/person\\\/db6f35f53d1c4f87e1118e7aa76dcc1d\",\"name\":\"InFluenze Spain\",\"image\":{\"@type\":\"ImageObject\",\"inLanguage\":\"es\",\"@id\":\"https:\\\/\\\/secure.gravatar.com\\\/avatar\\\/e3437bffd9df1ea898c2fce9ad5070358be5f16f1bb22c8e00e1cc0d9d9d1f59?s=96&d=mm&r=g\",\"url\":\"https:\\\/\\\/secure.gravatar.com\\\/avatar\\\/e3437bffd9df1ea898c2fce9ad5070358be5f16f1bb22c8e00e1cc0d9d9d1f59?s=96&d=mm&r=g\",\"contentUrl\":\"https:\\\/\\\/secure.gravatar.com\\\/avatar\\\/e3437bffd9df1ea898c2fce9ad5070358be5f16f1bb22c8e00e1cc0d9d9d1f59?s=96&d=mm&r=g\",\"caption\":\"InFluenze Spain\"},\"sameAs\":[\"https:\\\/\\\/influenzespain.com\"],\"url\":\"https:\\\/\\\/influenzespain.com\\\/es\\\/author\\\/admin_influence\\\/\"}]}<\/script>\n<!-- \/ Yoast SEO plugin. -->","yoast_head_json":{"title":"Spanish Affairs \u2013 August 2022 - Influence Spain | Consultor\u00eda de asuntos p\u00fablicos y lobbying","description":"The CEO of Influence Spain, Sebastian Mariz, talks about the main challenges of this political year for the Spanish coalition government.","robots":{"index":"index","follow":"follow","max-snippet":"max-snippet:-1","max-image-preview":"max-image-preview:large","max-video-preview":"max-video-preview:-1"},"canonical":"https:\/\/influenzespain.com\/es\/spanish-affairs-august-2022\/","og_locale":"es_ES","og_type":"article","og_title":"Spanish Affairs \u2013 August 2022","og_description":"The CEO of Influence Spain, Sebastian Mariz, talks about the main challenges of this political year for the Spanish coalition government.","og_url":"https:\/\/influenzespain.com\/es\/spanish-affairs-august-2022\/","og_site_name":"Influence Spain | Consultor\u00eda de asuntos p\u00fablicos y lobbying","article_published_time":"2022-09-04T10:17:00+00:00","article_modified_time":"2022-09-07T12:07:43+00:00","og_image":[{"width":800,"height":578,"url":"https:\/\/influenzespain.com\/wp-content\/uploads\/2022\/02\/001_Congreso.jpg","type":"image\/jpeg"}],"author":"InFluenze Spain","twitter_card":"summary_large_image","twitter_title":"Spanish Affairs \u2013 August 2022","twitter_description":"The CEO of Influence Spain, Sebastian Mariz, talks about the main challenges of this political year for the Spanish coalition government.","twitter_image":"https:\/\/influenzespain.com\/wp-content\/uploads\/2022\/02\/001_Congreso.jpg","twitter_creator":"@InFluenceSpain","twitter_site":"@InFluenceSpain","twitter_misc":{"Escrito por":"InFluenze Spain","Tiempo de lectura":"6 minutos"},"schema":{"@context":"https:\/\/schema.org","@graph":[{"@type":"Article","@id":"https:\/\/influenzespain.com\/es\/spanish-affairs-august-2022\/#article","isPartOf":{"@id":"https:\/\/influenzespain.com\/es\/spanish-affairs-august-2022\/"},"author":{"name":"InFluenze Spain","@id":"https:\/\/influenzespain.com\/#\/schema\/person\/db6f35f53d1c4f87e1118e7aa76dcc1d"},"headline":"Spanish Affairs \u2013 August 2022","datePublished":"2022-09-04T10:17:00+00:00","dateModified":"2022-09-07T12:07:43+00:00","mainEntityOfPage":{"@id":"https:\/\/influenzespain.com\/es\/spanish-affairs-august-2022\/"},"wordCount":1105,"publisher":{"@id":"https:\/\/influenzespain.com\/#organization"},"image":{"@id":"https:\/\/influenzespain.com\/es\/spanish-affairs-august-2022\/#primaryimage"},"thumbnailUrl":"https:\/\/influenzespain.com\/wp-content\/uploads\/2022\/02\/001_Congreso.jpg","keywords":["Coaltion Government","Elections","Events","Food Waste","Gas market","Germany","Labor Market","National budget","Prime Minister","Socialist Party","Unidas Podemos"],"articleSection":["Spanish Affairs (ES)"],"inLanguage":"es"},{"@type":"WebPage","@id":"https:\/\/influenzespain.com\/es\/spanish-affairs-august-2022\/","url":"https:\/\/influenzespain.com\/es\/spanish-affairs-august-2022\/","name":"Spanish Affairs \u2013 August 2022 - Influence Spain | Consultor\u00eda de asuntos p\u00fablicos y lobbying","isPartOf":{"@id":"https:\/\/influenzespain.com\/#website"},"primaryImageOfPage":{"@id":"https:\/\/influenzespain.com\/es\/spanish-affairs-august-2022\/#primaryimage"},"image":{"@id":"https:\/\/influenzespain.com\/es\/spanish-affairs-august-2022\/#primaryimage"},"thumbnailUrl":"https:\/\/influenzespain.com\/wp-content\/uploads\/2022\/02\/001_Congreso.jpg","datePublished":"2022-09-04T10:17:00+00:00","dateModified":"2022-09-07T12:07:43+00:00","description":"The CEO of Influence Spain, Sebastian Mariz, talks about the main challenges of this political year for the Spanish coalition government.","breadcrumb":{"@id":"https:\/\/influenzespain.com\/es\/spanish-affairs-august-2022\/#breadcrumb"},"inLanguage":"es","potentialAction":[{"@type":"ReadAction","target":["https:\/\/influenzespain.com\/es\/spanish-affairs-august-2022\/"]}]},{"@type":"ImageObject","inLanguage":"es","@id":"https:\/\/influenzespain.com\/es\/spanish-affairs-august-2022\/#primaryimage","url":"https:\/\/influenzespain.com\/wp-content\/uploads\/2022\/02\/001_Congreso.jpg","contentUrl":"https:\/\/influenzespain.com\/wp-content\/uploads\/2022\/02\/001_Congreso.jpg","width":800,"height":578,"caption":"Spanish Parliament"},{"@type":"BreadcrumbList","@id":"https:\/\/influenzespain.com\/es\/spanish-affairs-august-2022\/#breadcrumb","itemListElement":[{"@type":"ListItem","position":1,"name":"Portada","item":"https:\/\/influenzespain.com\/"},{"@type":"ListItem","position":2,"name":"Spanish Affairs \u2013 August 2022"}]},{"@type":"WebSite","@id":"https:\/\/influenzespain.com\/#website","url":"https:\/\/influenzespain.com\/","name":"Influence Spain | Consultor\u00eda de asuntos p\u00fablicos y lobbying","description":"La consultor\u00eda de Asuntos P\u00fablicos y Lobbying pionera de Espa\u00f1a","publisher":{"@id":"https:\/\/influenzespain.com\/#organization"},"potentialAction":[{"@type":"SearchAction","target":{"@type":"EntryPoint","urlTemplate":"https:\/\/influenzespain.com\/?s={search_term_string}"},"query-input":{"@type":"PropertyValueSpecification","valueRequired":true,"valueName":"search_term_string"}}],"inLanguage":"es"},{"@type":"Organization","@id":"https:\/\/influenzespain.com\/#organization","name":"InFluenceSpain","url":"https:\/\/influenzespain.com\/","logo":{"@type":"ImageObject","inLanguage":"es","@id":"https:\/\/influenzespain.com\/#\/schema\/logo\/image\/","url":"https:\/\/influenzespain.com\/wp-content\/uploads\/2020\/12\/logo-influence-spain-lobby-consultoria-asuntos-publicos-275.jpg","contentUrl":"https:\/\/influenzespain.com\/wp-content\/uploads\/2020\/12\/logo-influence-spain-lobby-consultoria-asuntos-publicos-275.jpg","width":275,"height":65,"caption":"InFluenceSpain"},"image":{"@id":"https:\/\/influenzespain.com\/#\/schema\/logo\/image\/"},"sameAs":["https:\/\/x.com\/InFluenceSpain","https:\/\/www.linkedin.com\/company\/influencespain\/"]},{"@type":"Person","@id":"https:\/\/influenzespain.com\/#\/schema\/person\/db6f35f53d1c4f87e1118e7aa76dcc1d","name":"InFluenze Spain","image":{"@type":"ImageObject","inLanguage":"es","@id":"https:\/\/secure.gravatar.com\/avatar\/e3437bffd9df1ea898c2fce9ad5070358be5f16f1bb22c8e00e1cc0d9d9d1f59?s=96&d=mm&r=g","url":"https:\/\/secure.gravatar.com\/avatar\/e3437bffd9df1ea898c2fce9ad5070358be5f16f1bb22c8e00e1cc0d9d9d1f59?s=96&d=mm&r=g","contentUrl":"https:\/\/secure.gravatar.com\/avatar\/e3437bffd9df1ea898c2fce9ad5070358be5f16f1bb22c8e00e1cc0d9d9d1f59?s=96&d=mm&r=g","caption":"InFluenze Spain"},"sameAs":["https:\/\/influenzespain.com"],"url":"https:\/\/influenzespain.com\/es\/author\/admin_influence\/"}]}},"_links":{"self":[{"href":"https:\/\/influenzespain.com\/es\/wp-json\/wp\/v2\/posts\/2197","targetHints":{"allow":["GET"]}}],"collection":[{"href":"https:\/\/influenzespain.com\/es\/wp-json\/wp\/v2\/posts"}],"about":[{"href":"https:\/\/influenzespain.com\/es\/wp-json\/wp\/v2\/types\/post"}],"author":[{"embeddable":true,"href":"https:\/\/influenzespain.com\/es\/wp-json\/wp\/v2\/users\/2"}],"replies":[{"embeddable":true,"href":"https:\/\/influenzespain.com\/es\/wp-json\/wp\/v2\/comments?post=2197"}],"version-history":[{"count":1,"href":"https:\/\/influenzespain.com\/es\/wp-json\/wp\/v2\/posts\/2197\/revisions"}],"predecessor-version":[{"id":2199,"href":"https:\/\/influenzespain.com\/es\/wp-json\/wp\/v2\/posts\/2197\/revisions\/2199"}],"wp:featuredmedia":[{"embeddable":true,"href":"https:\/\/influenzespain.com\/es\/wp-json\/wp\/v2\/media\/1823"}],"wp:attachment":[{"href":"https:\/\/influenzespain.com\/es\/wp-json\/wp\/v2\/media?parent=2197"}],"wp:term":[{"taxonomy":"category","embeddable":true,"href":"https:\/\/influenzespain.com\/es\/wp-json\/wp\/v2\/categories?post=2197"},{"taxonomy":"post_tag","embeddable":true,"href":"https:\/\/influenzespain.com\/es\/wp-json\/wp\/v2\/tags?post=2197"}],"curies":[{"name":"wp","href":"https:\/\/api.w.org\/{rel}","templated":true}]}}