{"id":2724,"date":"2023-05-25T13:41:44","date_gmt":"2023-05-25T13:41:44","guid":{"rendered":"https:\/\/influencespain.com\/spanish-presidency-of-the-european-council\/"},"modified":"2023-05-25T13:43:26","modified_gmt":"2023-05-25T13:43:26","slug":"spanish-presidency-of-the-european-council","status":"publish","type":"post","link":"https:\/\/influenzespain.com\/es\/spanish-presidency-of-the-european-council\/","title":{"rendered":"Spanish Presidency of the European Council"},"content":{"rendered":"\n<figure class=\"wp-block-image size-large is-resized\"><img loading=\"lazy\" decoding=\"async\" src=\"https:\/\/influenzespain.com\/wp-content\/uploads\/2022\/02\/002_SebastianMariz.jpg\" alt=\"\" class=\"wp-image-1824\" width=\"161\" height=\"172\" srcset=\"https:\/\/influenzespain.com\/wp-content\/uploads\/2022\/02\/002_SebastianMariz.jpg 389w, https:\/\/influenzespain.com\/wp-content\/uploads\/2022\/02\/002_SebastianMariz-281x300.jpg 281w\" sizes=\"auto, (max-width: 161px) 100vw, 161px\" \/><\/figure>\n\n\n\n<p><strong><em>By: <a href=\"https:\/\/influenzespain.com\/es\/equipo\/\">Sebastian Mariz<\/a>, Managing Director of Influence Spain<\/em><\/strong><\/p>\n\n\n\n<p class=\"has-white-color has-text-color\">.<\/p>\n\n\n\n<p>There is just over a month left, before Spain assumes the Presidency of the European Council. As President of the Council, it will set the Council agenda and priorities, based on the legislative and policy initiatives deemed a priority for the Spanish Government.&nbsp; The last time the Spanish Government held the Presidency of the European Council was in 2010.&nbsp;<\/p>\n\n\n\n<p>Spain will take over the Presidency from Sweden, which had established its main policy priorities in the areas of security\/defense, competitivity of the EU economy, environmental and energy transition, and civil rights.&nbsp;&nbsp; Sweden will continue to form part of the new \u201ctrio\u201d of presidencies formed on the 1<sup>st<\/sup> of July. This will be made up of Sweden, Spain and Belgium, who will agree on a common programme of priorities for the European Council over the next 12 months, until the 30<sup>th<\/sup> of June 2024.&nbsp;<\/p>\n\n\n\n<p>The Spanish Government has not yet announced its Presidency Programme, nor the agenda of events that will take place from the 1<sup>st<\/sup> of July to the 31<sup>st<\/sup> of December, but the Joint Senate and Parliament <a href=\"https:\/\/www.congreso.es\/es\/comisiones?p_p_id=organos&amp;p_p_lifecycle=0&amp;p_p_state=normal&amp;p_p_mode=view&amp;_organos_selectedLegislatura=XIV&amp;_organos_codComision=318\">Committee on European Affairs<\/a>, has agreed on its draft recommendations to the Government, on what these priorities should be.&nbsp;&nbsp; These recommendations still need to be voted on and ratified in Committee.<\/p>\n\n\n\n<p>According to the Joint Senate and Parliament Committee on European Affairs, the Spanish Presidency should prioritize:<\/p>\n\n\n\n<ul class=\"wp-block-list\">\n<li><strong>Immigration and border controls<\/strong>: Agreement on the European Pact on Migration and Asylum, with ratification of the Pact by the European Parliament within the first half of 2024. &nbsp;A joint reinforcement of Europe\u2019s borders and unification of Europe\u2019s visa policy. &nbsp;An extension of the temporary reception of Ukrainian refugees until 2025.<\/li>\n\n\n\n<li><strong>Energy policy<\/strong> &#8211; Complete reform and overhaul of the electricity market, decoupling gas from electricity prices and regulating electricity prices from electricity generated in both nuclear power plants and hydro plants.<\/li>\n\n\n\n<li><strong>Artificial intelligence<\/strong> &#8211; Speed up adoption of an EU regulatory framework for Artificial Intelligence, including the creation of an EU Agency on AI.<\/li>\n\n\n\n<li><strong>International trade and EU economic sovereignty<\/strong> \u2013 Adoption of new strategic priorities in trade policy, at the informal European Council, to be held in Granada, in October.<\/li>\n<\/ul>\n\n\n\n<p class=\"has-white-color has-text-color\">.<\/p>\n\n\n\n<p>Within the framework of international trade and economic sovereignty for the EU, the Spanish Government should seek to launch joint research into identifying Europe\u2019s main strategic economic and trade weaknesses in the areas of energy, foodstuffs, healthcare and digital technologies.\u00a0<\/p>\n\n\n\n<p>The Spanish Presidency should also seek new international trade partners so as to reduce EU dependency on China and the United States, prioritizing existing trade talks and updating existing trade agreements with Latin American countries, in particular Chile and Mexico.&nbsp;<\/p>\n\n\n\n<p>The Spanish Presidency should pursue the ratification and entry into force of the MERCOSUR Agreement with Argentina, Brazil, Paraguay and Uruguay. This will eliminate 91% of the tariffs on European goods and services to MERCOSUR countries, and 95% of the tariffs on goods and services from MERCOSUR countries.&nbsp;<\/p>\n\n\n\n<p>The EU-Latin American Summit, which will take place on the 17<sup>th<\/sup> and 18<sup>th<\/sup> of July in Brussels, should seek to address greater trade relations between the European Union and Latin American countries, in strategic areas including: agriculture, biofuels, wood products, financial services and digital technologies.<\/p>\n\n\n\n<p class=\"has-white-color has-text-color\">.<\/p>\n\n\n\n<p class=\"has-text-align-center\"><em>Every month, Influence Spain provides a look at Spanish current affairs.<\/em>&nbsp;<em>For more information, join our social media profiles on&nbsp;<\/em><a href=\"https:\/\/twitter.com\/InFluenceSpain\"><em>Twitter&nbsp;<\/em><\/a><em>and&nbsp;<\/em><a href=\"https:\/\/www.linkedin.com\/company\/influencespain\/?viewAsMember=true\"><em>LinkedIn<\/em><\/a>.<\/p>\n","protected":false},"excerpt":{"rendered":"<p>By: Sebastian Mariz, Managing Director of Influence Spain.<\/p>\n","protected":false},"author":2,"featured_media":2721,"comment_status":"closed","ping_status":"open","sticky":false,"template":"","format":"standard","meta":{"footnotes":""},"categories":[487],"tags":[293,721,713,217,722],"class_list":["post-2724","post","type-post","status-publish","format-standard","has-post-thumbnail","hentry","category-spanish-affairs-es","tag-europa","tag-european-council-es","tag-gobierno-de-espana","tag-pedro-sanchez","tag-spanish-presidency-es"],"yoast_head":"<!-- This site is optimized with the Yoast SEO plugin v27.4 - https:\/\/yoast.com\/product\/yoast-seo-wordpress\/ -->\n<title>Spanish Presidency of the European Council - Influence Spain | Consultor\u00eda de asuntos p\u00fablicos y lobbying<\/title>\n<meta name=\"description\" content=\"Influence Spain&#039;s Managing Director writes about Spain&#039;s upcoming challenges in the presidency of the European Council, which will begin on 1st July.\" \/>\n<meta name=\"robots\" content=\"index, follow, max-snippet:-1, max-image-preview:large, max-video-preview:-1\" \/>\n<link rel=\"canonical\" href=\"https:\/\/influenzespain.com\/es\/spanish-presidency-of-the-european-council\/\" \/>\n<meta property=\"og:locale\" content=\"es_ES\" \/>\n<meta property=\"og:type\" content=\"article\" \/>\n<meta property=\"og:title\" content=\"Priorities of the Spanish Presidency of the European Council\" \/>\n<meta property=\"og:description\" content=\"Influence Spain&#039;s Managing Director writes about Spain&#039;s upcoming challenges in the presidency of the European Council, which will begin on 1st July.\" \/>\n<meta property=\"og:url\" content=\"https:\/\/influenzespain.com\/es\/spanish-presidency-of-the-european-council\/\" \/>\n<meta property=\"og:site_name\" content=\"Influence Spain | Consultor\u00eda de asuntos p\u00fablicos y lobbying\" \/>\n<meta property=\"article:published_time\" content=\"2023-05-25T13:41:44+00:00\" \/>\n<meta property=\"article:modified_time\" content=\"2023-05-25T13:43:26+00:00\" \/>\n<meta property=\"og:image\" content=\"https:\/\/influenzespain.com\/wp-content\/uploads\/2023\/05\/250523_EuropeFlags-1024x682.jpg\" \/>\n<meta name=\"author\" content=\"InFluenze Spain\" \/>\n<meta name=\"twitter:card\" content=\"summary_large_image\" \/>\n<meta name=\"twitter:title\" content=\"Priorities of the Spanish Presidency of the European Council\" \/>\n<meta name=\"twitter:description\" content=\"Influence Spain&#039;s Managing Director writes about Spain&#039;s upcoming challenges in the presidency of the European Council, which will begin on 1st July.\" \/>\n<meta name=\"twitter:image\" content=\"https:\/\/influenzespain.com\/wp-content\/uploads\/2023\/05\/250523_EuropeFlags-1024x682.jpg\" \/>\n<meta name=\"twitter:creator\" content=\"@InFluenceSpain\" \/>\n<meta name=\"twitter:site\" content=\"@InFluenceSpain\" \/>\n<meta name=\"twitter:label1\" content=\"Escrito por\" \/>\n\t<meta name=\"twitter:data1\" content=\"InFluenze Spain\" \/>\n\t<meta name=\"twitter:label2\" content=\"Tiempo de lectura\" \/>\n\t<meta name=\"twitter:data2\" content=\"3 minutos\" \/>\n<script type=\"application\/ld+json\" class=\"yoast-schema-graph\">{\"@context\":\"https:\\\/\\\/schema.org\",\"@graph\":[{\"@type\":\"Article\",\"@id\":\"https:\\\/\\\/influenzespain.com\\\/es\\\/spanish-presidency-of-the-european-council\\\/#article\",\"isPartOf\":{\"@id\":\"https:\\\/\\\/influenzespain.com\\\/es\\\/spanish-presidency-of-the-european-council\\\/\"},\"author\":{\"name\":\"InFluenze Spain\",\"@id\":\"https:\\\/\\\/influenzespain.com\\\/#\\\/schema\\\/person\\\/db6f35f53d1c4f87e1118e7aa76dcc1d\"},\"headline\":\"Spanish Presidency of the European Council\",\"datePublished\":\"2023-05-25T13:41:44+00:00\",\"dateModified\":\"2023-05-25T13:43:26+00:00\",\"mainEntityOfPage\":{\"@id\":\"https:\\\/\\\/influenzespain.com\\\/es\\\/spanish-presidency-of-the-european-council\\\/\"},\"wordCount\":578,\"publisher\":{\"@id\":\"https:\\\/\\\/influenzespain.com\\\/#organization\"},\"image\":{\"@id\":\"https:\\\/\\\/influenzespain.com\\\/es\\\/spanish-presidency-of-the-european-council\\\/#primaryimage\"},\"thumbnailUrl\":\"https:\\\/\\\/influenzespain.com\\\/wp-content\\\/uploads\\\/2023\\\/05\\\/250523_EuropeFlags.jpg\",\"keywords\":[\"Europa\",\"European Council\",\"Gobierno de Espa\u00f1a\",\"Pedro S\u00e1nchez\",\"Spanish Presidency\"],\"articleSection\":[\"Spanish Affairs (ES)\"],\"inLanguage\":\"es\"},{\"@type\":\"WebPage\",\"@id\":\"https:\\\/\\\/influenzespain.com\\\/es\\\/spanish-presidency-of-the-european-council\\\/\",\"url\":\"https:\\\/\\\/influenzespain.com\\\/es\\\/spanish-presidency-of-the-european-council\\\/\",\"name\":\"Spanish Presidency of the European Council - Influence Spain | Consultor\u00eda de asuntos p\u00fablicos y lobbying\",\"isPartOf\":{\"@id\":\"https:\\\/\\\/influenzespain.com\\\/#website\"},\"primaryImageOfPage\":{\"@id\":\"https:\\\/\\\/influenzespain.com\\\/es\\\/spanish-presidency-of-the-european-council\\\/#primaryimage\"},\"image\":{\"@id\":\"https:\\\/\\\/influenzespain.com\\\/es\\\/spanish-presidency-of-the-european-council\\\/#primaryimage\"},\"thumbnailUrl\":\"https:\\\/\\\/influenzespain.com\\\/wp-content\\\/uploads\\\/2023\\\/05\\\/250523_EuropeFlags.jpg\",\"datePublished\":\"2023-05-25T13:41:44+00:00\",\"dateModified\":\"2023-05-25T13:43:26+00:00\",\"description\":\"Influence Spain's Managing Director writes about Spain's upcoming challenges in the presidency of the European Council, which will begin on 1st July.\",\"breadcrumb\":{\"@id\":\"https:\\\/\\\/influenzespain.com\\\/es\\\/spanish-presidency-of-the-european-council\\\/#breadcrumb\"},\"inLanguage\":\"es\",\"potentialAction\":[{\"@type\":\"ReadAction\",\"target\":[\"https:\\\/\\\/influenzespain.com\\\/es\\\/spanish-presidency-of-the-european-council\\\/\"]}]},{\"@type\":\"ImageObject\",\"inLanguage\":\"es\",\"@id\":\"https:\\\/\\\/influenzespain.com\\\/es\\\/spanish-presidency-of-the-european-council\\\/#primaryimage\",\"url\":\"https:\\\/\\\/influenzespain.com\\\/wp-content\\\/uploads\\\/2023\\\/05\\\/250523_EuropeFlags.jpg\",\"contentUrl\":\"https:\\\/\\\/influenzespain.com\\\/wp-content\\\/uploads\\\/2023\\\/05\\\/250523_EuropeFlags.jpg\",\"width\":1280,\"height\":853,\"caption\":\"European Affairs\"},{\"@type\":\"BreadcrumbList\",\"@id\":\"https:\\\/\\\/influenzespain.com\\\/es\\\/spanish-presidency-of-the-european-council\\\/#breadcrumb\",\"itemListElement\":[{\"@type\":\"ListItem\",\"position\":1,\"name\":\"Portada\",\"item\":\"https:\\\/\\\/influenzespain.com\\\/\"},{\"@type\":\"ListItem\",\"position\":2,\"name\":\"Spanish Presidency of the European Council\"}]},{\"@type\":\"WebSite\",\"@id\":\"https:\\\/\\\/influenzespain.com\\\/#website\",\"url\":\"https:\\\/\\\/influenzespain.com\\\/\",\"name\":\"Influence Spain | Consultor\u00eda de asuntos p\u00fablicos y lobbying\",\"description\":\"La consultor\u00eda de Asuntos P\u00fablicos y Lobbying pionera de Espa\u00f1a\",\"publisher\":{\"@id\":\"https:\\\/\\\/influenzespain.com\\\/#organization\"},\"potentialAction\":[{\"@type\":\"SearchAction\",\"target\":{\"@type\":\"EntryPoint\",\"urlTemplate\":\"https:\\\/\\\/influenzespain.com\\\/?s={search_term_string}\"},\"query-input\":{\"@type\":\"PropertyValueSpecification\",\"valueRequired\":true,\"valueName\":\"search_term_string\"}}],\"inLanguage\":\"es\"},{\"@type\":\"Organization\",\"@id\":\"https:\\\/\\\/influenzespain.com\\\/#organization\",\"name\":\"InFluenceSpain\",\"url\":\"https:\\\/\\\/influenzespain.com\\\/\",\"logo\":{\"@type\":\"ImageObject\",\"inLanguage\":\"es\",\"@id\":\"https:\\\/\\\/influenzespain.com\\\/#\\\/schema\\\/logo\\\/image\\\/\",\"url\":\"https:\\\/\\\/influenzespain.com\\\/wp-content\\\/uploads\\\/2020\\\/12\\\/logo-influence-spain-lobby-consultoria-asuntos-publicos-275.jpg\",\"contentUrl\":\"https:\\\/\\\/influenzespain.com\\\/wp-content\\\/uploads\\\/2020\\\/12\\\/logo-influence-spain-lobby-consultoria-asuntos-publicos-275.jpg\",\"width\":275,\"height\":65,\"caption\":\"InFluenceSpain\"},\"image\":{\"@id\":\"https:\\\/\\\/influenzespain.com\\\/#\\\/schema\\\/logo\\\/image\\\/\"},\"sameAs\":[\"https:\\\/\\\/x.com\\\/InFluenceSpain\",\"https:\\\/\\\/www.linkedin.com\\\/company\\\/influencespain\\\/\"]},{\"@type\":\"Person\",\"@id\":\"https:\\\/\\\/influenzespain.com\\\/#\\\/schema\\\/person\\\/db6f35f53d1c4f87e1118e7aa76dcc1d\",\"name\":\"InFluenze Spain\",\"image\":{\"@type\":\"ImageObject\",\"inLanguage\":\"es\",\"@id\":\"https:\\\/\\\/secure.gravatar.com\\\/avatar\\\/e3437bffd9df1ea898c2fce9ad5070358be5f16f1bb22c8e00e1cc0d9d9d1f59?s=96&d=mm&r=g\",\"url\":\"https:\\\/\\\/secure.gravatar.com\\\/avatar\\\/e3437bffd9df1ea898c2fce9ad5070358be5f16f1bb22c8e00e1cc0d9d9d1f59?s=96&d=mm&r=g\",\"contentUrl\":\"https:\\\/\\\/secure.gravatar.com\\\/avatar\\\/e3437bffd9df1ea898c2fce9ad5070358be5f16f1bb22c8e00e1cc0d9d9d1f59?s=96&d=mm&r=g\",\"caption\":\"InFluenze Spain\"},\"sameAs\":[\"https:\\\/\\\/influenzespain.com\"],\"url\":\"https:\\\/\\\/influenzespain.com\\\/es\\\/author\\\/admin_influence\\\/\"}]}<\/script>\n<!-- \/ Yoast SEO plugin. -->","yoast_head_json":{"title":"Spanish Presidency of the European Council - Influence Spain | Consultor\u00eda de asuntos p\u00fablicos y lobbying","description":"Influence Spain's Managing Director writes about Spain's upcoming challenges in the presidency of the European Council, which will begin on 1st July.","robots":{"index":"index","follow":"follow","max-snippet":"max-snippet:-1","max-image-preview":"max-image-preview:large","max-video-preview":"max-video-preview:-1"},"canonical":"https:\/\/influenzespain.com\/es\/spanish-presidency-of-the-european-council\/","og_locale":"es_ES","og_type":"article","og_title":"Priorities of the Spanish Presidency of the European Council","og_description":"Influence Spain's Managing Director writes about Spain's upcoming challenges in the presidency of the European Council, which will begin on 1st July.","og_url":"https:\/\/influenzespain.com\/es\/spanish-presidency-of-the-european-council\/","og_site_name":"Influence Spain | Consultor\u00eda de asuntos p\u00fablicos y lobbying","article_published_time":"2023-05-25T13:41:44+00:00","article_modified_time":"2023-05-25T13:43:26+00:00","og_image":[{"url":"https:\/\/influenzespain.com\/wp-content\/uploads\/2023\/05\/250523_EuropeFlags-1024x682.jpg","type":"","width":"","height":""}],"author":"InFluenze Spain","twitter_card":"summary_large_image","twitter_title":"Priorities of the Spanish Presidency of the European Council","twitter_description":"Influence Spain's Managing Director writes about Spain's upcoming challenges in the presidency of the European Council, which will begin on 1st July.","twitter_image":"https:\/\/influenzespain.com\/wp-content\/uploads\/2023\/05\/250523_EuropeFlags-1024x682.jpg","twitter_creator":"@InFluenceSpain","twitter_site":"@InFluenceSpain","twitter_misc":{"Escrito por":"InFluenze Spain","Tiempo de lectura":"3 minutos"},"schema":{"@context":"https:\/\/schema.org","@graph":[{"@type":"Article","@id":"https:\/\/influenzespain.com\/es\/spanish-presidency-of-the-european-council\/#article","isPartOf":{"@id":"https:\/\/influenzespain.com\/es\/spanish-presidency-of-the-european-council\/"},"author":{"name":"InFluenze Spain","@id":"https:\/\/influenzespain.com\/#\/schema\/person\/db6f35f53d1c4f87e1118e7aa76dcc1d"},"headline":"Spanish Presidency of the European Council","datePublished":"2023-05-25T13:41:44+00:00","dateModified":"2023-05-25T13:43:26+00:00","mainEntityOfPage":{"@id":"https:\/\/influenzespain.com\/es\/spanish-presidency-of-the-european-council\/"},"wordCount":578,"publisher":{"@id":"https:\/\/influenzespain.com\/#organization"},"image":{"@id":"https:\/\/influenzespain.com\/es\/spanish-presidency-of-the-european-council\/#primaryimage"},"thumbnailUrl":"https:\/\/influenzespain.com\/wp-content\/uploads\/2023\/05\/250523_EuropeFlags.jpg","keywords":["Europa","European Council","Gobierno de Espa\u00f1a","Pedro S\u00e1nchez","Spanish Presidency"],"articleSection":["Spanish Affairs (ES)"],"inLanguage":"es"},{"@type":"WebPage","@id":"https:\/\/influenzespain.com\/es\/spanish-presidency-of-the-european-council\/","url":"https:\/\/influenzespain.com\/es\/spanish-presidency-of-the-european-council\/","name":"Spanish Presidency of the European Council - Influence Spain | Consultor\u00eda de asuntos p\u00fablicos y lobbying","isPartOf":{"@id":"https:\/\/influenzespain.com\/#website"},"primaryImageOfPage":{"@id":"https:\/\/influenzespain.com\/es\/spanish-presidency-of-the-european-council\/#primaryimage"},"image":{"@id":"https:\/\/influenzespain.com\/es\/spanish-presidency-of-the-european-council\/#primaryimage"},"thumbnailUrl":"https:\/\/influenzespain.com\/wp-content\/uploads\/2023\/05\/250523_EuropeFlags.jpg","datePublished":"2023-05-25T13:41:44+00:00","dateModified":"2023-05-25T13:43:26+00:00","description":"Influence Spain's Managing Director writes about Spain's upcoming challenges in the presidency of the European Council, which will begin on 1st July.","breadcrumb":{"@id":"https:\/\/influenzespain.com\/es\/spanish-presidency-of-the-european-council\/#breadcrumb"},"inLanguage":"es","potentialAction":[{"@type":"ReadAction","target":["https:\/\/influenzespain.com\/es\/spanish-presidency-of-the-european-council\/"]}]},{"@type":"ImageObject","inLanguage":"es","@id":"https:\/\/influenzespain.com\/es\/spanish-presidency-of-the-european-council\/#primaryimage","url":"https:\/\/influenzespain.com\/wp-content\/uploads\/2023\/05\/250523_EuropeFlags.jpg","contentUrl":"https:\/\/influenzespain.com\/wp-content\/uploads\/2023\/05\/250523_EuropeFlags.jpg","width":1280,"height":853,"caption":"European Affairs"},{"@type":"BreadcrumbList","@id":"https:\/\/influenzespain.com\/es\/spanish-presidency-of-the-european-council\/#breadcrumb","itemListElement":[{"@type":"ListItem","position":1,"name":"Portada","item":"https:\/\/influenzespain.com\/"},{"@type":"ListItem","position":2,"name":"Spanish Presidency of the European Council"}]},{"@type":"WebSite","@id":"https:\/\/influenzespain.com\/#website","url":"https:\/\/influenzespain.com\/","name":"Influence Spain | Consultor\u00eda de asuntos p\u00fablicos y lobbying","description":"La consultor\u00eda de Asuntos P\u00fablicos y Lobbying pionera de Espa\u00f1a","publisher":{"@id":"https:\/\/influenzespain.com\/#organization"},"potentialAction":[{"@type":"SearchAction","target":{"@type":"EntryPoint","urlTemplate":"https:\/\/influenzespain.com\/?s={search_term_string}"},"query-input":{"@type":"PropertyValueSpecification","valueRequired":true,"valueName":"search_term_string"}}],"inLanguage":"es"},{"@type":"Organization","@id":"https:\/\/influenzespain.com\/#organization","name":"InFluenceSpain","url":"https:\/\/influenzespain.com\/","logo":{"@type":"ImageObject","inLanguage":"es","@id":"https:\/\/influenzespain.com\/#\/schema\/logo\/image\/","url":"https:\/\/influenzespain.com\/wp-content\/uploads\/2020\/12\/logo-influence-spain-lobby-consultoria-asuntos-publicos-275.jpg","contentUrl":"https:\/\/influenzespain.com\/wp-content\/uploads\/2020\/12\/logo-influence-spain-lobby-consultoria-asuntos-publicos-275.jpg","width":275,"height":65,"caption":"InFluenceSpain"},"image":{"@id":"https:\/\/influenzespain.com\/#\/schema\/logo\/image\/"},"sameAs":["https:\/\/x.com\/InFluenceSpain","https:\/\/www.linkedin.com\/company\/influencespain\/"]},{"@type":"Person","@id":"https:\/\/influenzespain.com\/#\/schema\/person\/db6f35f53d1c4f87e1118e7aa76dcc1d","name":"InFluenze Spain","image":{"@type":"ImageObject","inLanguage":"es","@id":"https:\/\/secure.gravatar.com\/avatar\/e3437bffd9df1ea898c2fce9ad5070358be5f16f1bb22c8e00e1cc0d9d9d1f59?s=96&d=mm&r=g","url":"https:\/\/secure.gravatar.com\/avatar\/e3437bffd9df1ea898c2fce9ad5070358be5f16f1bb22c8e00e1cc0d9d9d1f59?s=96&d=mm&r=g","contentUrl":"https:\/\/secure.gravatar.com\/avatar\/e3437bffd9df1ea898c2fce9ad5070358be5f16f1bb22c8e00e1cc0d9d9d1f59?s=96&d=mm&r=g","caption":"InFluenze Spain"},"sameAs":["https:\/\/influenzespain.com"],"url":"https:\/\/influenzespain.com\/es\/author\/admin_influence\/"}]}},"_links":{"self":[{"href":"https:\/\/influenzespain.com\/es\/wp-json\/wp\/v2\/posts\/2724","targetHints":{"allow":["GET"]}}],"collection":[{"href":"https:\/\/influenzespain.com\/es\/wp-json\/wp\/v2\/posts"}],"about":[{"href":"https:\/\/influenzespain.com\/es\/wp-json\/wp\/v2\/types\/post"}],"author":[{"embeddable":true,"href":"https:\/\/influenzespain.com\/es\/wp-json\/wp\/v2\/users\/2"}],"replies":[{"embeddable":true,"href":"https:\/\/influenzespain.com\/es\/wp-json\/wp\/v2\/comments?post=2724"}],"version-history":[{"count":2,"href":"https:\/\/influenzespain.com\/es\/wp-json\/wp\/v2\/posts\/2724\/revisions"}],"predecessor-version":[{"id":2726,"href":"https:\/\/influenzespain.com\/es\/wp-json\/wp\/v2\/posts\/2724\/revisions\/2726"}],"wp:featuredmedia":[{"embeddable":true,"href":"https:\/\/influenzespain.com\/es\/wp-json\/wp\/v2\/media\/2721"}],"wp:attachment":[{"href":"https:\/\/influenzespain.com\/es\/wp-json\/wp\/v2\/media?parent=2724"}],"wp:term":[{"taxonomy":"category","embeddable":true,"href":"https:\/\/influenzespain.com\/es\/wp-json\/wp\/v2\/categories?post=2724"},{"taxonomy":"post_tag","embeddable":true,"href":"https:\/\/influenzespain.com\/es\/wp-json\/wp\/v2\/tags?post=2724"}],"curies":[{"name":"wp","href":"https:\/\/api.w.org\/{rel}","templated":true}]}}