{"id":2753,"date":"2023-05-30T07:08:45","date_gmt":"2023-05-30T07:08:45","guid":{"rendered":"https:\/\/influencespain.com\/political-earthquake-topples-spanish-coalition-government\/"},"modified":"2023-05-30T07:08:50","modified_gmt":"2023-05-30T07:08:50","slug":"political-earthquake-topples-spanish-coalition-government","status":"publish","type":"post","link":"https:\/\/influenzespain.com\/es\/political-earthquake-topples-spanish-coalition-government\/","title":{"rendered":"Political earthquake topples Spanish coalition Government"},"content":{"rendered":"\n<figure class=\"wp-block-image size-large is-resized\"><img loading=\"lazy\" decoding=\"async\" src=\"https:\/\/influenzespain.com\/wp-content\/uploads\/2022\/02\/002_SebastianMariz.jpg\" alt=\"\" class=\"wp-image-1824\" width=\"161\" height=\"172\" srcset=\"https:\/\/influenzespain.com\/wp-content\/uploads\/2022\/02\/002_SebastianMariz.jpg 389w, https:\/\/influenzespain.com\/wp-content\/uploads\/2022\/02\/002_SebastianMariz-281x300.jpg 281w\" sizes=\"auto, (max-width: 161px) 100vw, 161px\" \/><\/figure>\n<p><strong><em>By: <a href=\"https:\/\/influenzespain.com\/es\/equipo\/\">Sebastian Mariz<\/a>, Managing Director of Influence Spain<\/em><\/strong><\/p>\n\n<p class=\"has-white-color has-text-color\">.<\/p>\n\n<p>The conservative popular party won Sunday\u2019s regional and municipal elections with a landslide, increasing its voting base by almost 800,000 votes and obtaining more than 31% of the municipal votes versus 28% obtained by the socialists. The conservative party took many of the regional and municipal governments formerly led by the socialists, including the regional governments of Valencia, the Baleares and the Canary Islands and leaving most of Spain painted in blue.\u00a0\u00a0\u00a0\u00a0<\/p>\n\n<p>Prime Minsiter Mr. Pedro S\u00e1nchez had framed these elections as a referendum on his leadership, his coalition Government and his policy agenda focused on greater market intervention, more social services especially for vulnerable groups and higher taxation on corporations. The political earthquake registered yesterday toppled his coalition Government, virtually erasing his communist junior partner from the political map along with many of his environmental, pro-independence and far-left partners in the Baleares and Valencia. Left with nowhere to turn, a dead coalition and no margin to maneuver politically in the six months remaining until the general elections set for the 10th of December, the PM called for early elections to be held on the 23rd of July.\u00a0<\/p>\n\n<p>This means a freeze on any further political and legislative activity until after the 23rd of July, and probably until September, when a new Government is formed. This legislative freeze includes legislation currently being debated and voted on in the Senate and the Parliament, such as the draft Law on Sustainable Mobility and the draft law on gender parity in corporate boards and institutional bodies. Both houses will be dissolved at the end of June. Adoption of new climate change and renewable energy targets under a modified national climate and energy plan, set for June, may also be delayed, as will any further decisions regarding renewable energy projects, and the spending of EU recovery and resilience funds.\u00a0<\/p>\n\n<p>The <a href=\"https:\/\/www.hablamosdeeuropa.es\/es\/Paginas\/Presidencia-espa%C3%B1ola-del-Consejo-de-la-UE.aspx#:~:text=Espa%C3%B1a%20ejercer%C3%A1%20por%20quinta%20vez,y%20el%2031%20de%20diciembre.\">Spanish Presidency of the European Council<\/a>, beginning on the 1st of July, is also at stake and will remain headless until a new Government is formed. The Council agenda set by the current Government runs the risk of capsizing unless the PM is able to win with an absolute majority or revalidate his current coalition Government on the 23rd of July. A change of Government, with the conservative popular party winning the general elections, would also mean a change in the Spanish Presidency agenda priorities.\u00a0\u00a0<\/p>\n\n<p>For the Spanish Presidency of the European Council, this means delays in reaching a European Pact on Migration and Asylum and the temporary reception of Ukrainian refugees until 2025, and an end to Spanish demands regarding the permanent decoupling of gas from the electricity spot market and\/or the end of the electricity spot market all together, delays in the adoption of an EU regulatory framework for Artificial Intelligence, a\u00a0 shift towards a tougher EU position on economic sovereignty and international trade and cooler relations with the United States and China. The EU-LATAM Summit will still take place but under a caretaker Government and with little to no guidance from the Spanish Presidency.\u00a0\u00a0\u00a0\u00a0\u00a0\u00a0\u00a0\u00a0<\/p>\n\n<p class=\"has-white-color has-text-color\">.<\/p>\n\n<p class=\"has-text-align-center\"><em>Every month, Influence Spain provides a look at Spanish current affairs.<\/em>\u00a0<em>For more information, join our social media profiles on\u00a0<\/em><a href=\"https:\/\/twitter.com\/InFluenceSpain\"><em>Twitter\u00a0<\/em><\/a><em>and\u00a0<\/em><a href=\"https:\/\/www.linkedin.com\/company\/influencespain\/?viewAsMember=true\"><em>LinkedIn<\/em><\/a>.<\/p>\n","protected":false},"excerpt":{"rendered":"<p>By: Sebastian Mariz, Managing Director of Influence Spain.<\/p>\n","protected":false},"author":2,"featured_media":2261,"comment_status":"closed","ping_status":"open","sticky":false,"template":"","format":"standard","meta":{"footnotes":""},"categories":[487],"tags":[524,282,713,62,217],"class_list":["post-2753","post","type-post","status-publish","format-standard","has-post-thumbnail","hentry","category-spanish-affairs-es","tag-coalition-partners-es","tag-elecciones","tag-gobierno-de-espana","tag-partido-popular","tag-pedro-sanchez"],"yoast_head":"<!-- This site is optimized with the Yoast SEO plugin v27.4 - https:\/\/yoast.com\/product\/yoast-seo-wordpress\/ -->\n<title>Political earthquake topples Spanish coalition Government - Influence Spain | Consultor\u00eda de asuntos p\u00fablicos y lobbying<\/title>\n<meta name=\"description\" content=\"Our Managing Director writes about the victory of the conservative party in the regional elections and its most direct consequences.\" \/>\n<meta name=\"robots\" content=\"index, follow, max-snippet:-1, max-image-preview:large, max-video-preview:-1\" \/>\n<link rel=\"canonical\" href=\"https:\/\/influenzespain.com\/es\/political-earthquake-topples-spanish-coalition-government\/\" \/>\n<meta property=\"og:locale\" content=\"es_ES\" \/>\n<meta property=\"og:type\" content=\"article\" \/>\n<meta property=\"og:title\" content=\"Political earthquake topples Spanish coalition Government\" \/>\n<meta property=\"og:description\" content=\"Our Managing Director writes about the victory of the conservative party in the regional elections and its most direct consequences.\" \/>\n<meta property=\"og:url\" content=\"https:\/\/influenzespain.com\/es\/political-earthquake-topples-spanish-coalition-government\/\" \/>\n<meta property=\"og:site_name\" content=\"Influence Spain | Consultor\u00eda de asuntos p\u00fablicos y lobbying\" \/>\n<meta property=\"article:published_time\" content=\"2023-05-30T07:08:45+00:00\" \/>\n<meta property=\"article:modified_time\" content=\"2023-05-30T07:08:50+00:00\" \/>\n<meta property=\"og:image\" content=\"https:\/\/influenzespain.com\/wp-content\/uploads\/2023\/02\/SpanishAffairs_2023-1024x768.jpg\" \/>\n<meta name=\"author\" content=\"InFluenze Spain\" \/>\n<meta name=\"twitter:card\" content=\"summary_large_image\" \/>\n<meta name=\"twitter:title\" content=\"Political earthquake topples Spanish coalition Government\" \/>\n<meta name=\"twitter:description\" content=\"Our Managing Director writes about the victory of the conservative party in the regional elections and its most direct consequences.\" \/>\n<meta name=\"twitter:image\" content=\"https:\/\/influenzespain.com\/wp-content\/uploads\/2023\/02\/SpanishAffairs_2023-1024x768.jpg\" \/>\n<meta name=\"twitter:creator\" content=\"@InFluenceSpain\" \/>\n<meta name=\"twitter:site\" content=\"@InFluenceSpain\" \/>\n<meta name=\"twitter:label1\" content=\"Escrito por\" \/>\n\t<meta name=\"twitter:data1\" content=\"InFluenze Spain\" \/>\n\t<meta name=\"twitter:label2\" content=\"Tiempo de lectura\" \/>\n\t<meta name=\"twitter:data2\" content=\"3 minutos\" \/>\n<script type=\"application\/ld+json\" class=\"yoast-schema-graph\">{\"@context\":\"https:\\\/\\\/schema.org\",\"@graph\":[{\"@type\":\"Article\",\"@id\":\"https:\\\/\\\/influenzespain.com\\\/es\\\/political-earthquake-topples-spanish-coalition-government\\\/#article\",\"isPartOf\":{\"@id\":\"https:\\\/\\\/influenzespain.com\\\/es\\\/political-earthquake-topples-spanish-coalition-government\\\/\"},\"author\":{\"name\":\"InFluenze Spain\",\"@id\":\"https:\\\/\\\/influenzespain.com\\\/#\\\/schema\\\/person\\\/db6f35f53d1c4f87e1118e7aa76dcc1d\"},\"headline\":\"Political earthquake topples Spanish coalition Government\",\"datePublished\":\"2023-05-30T07:08:45+00:00\",\"dateModified\":\"2023-05-30T07:08:50+00:00\",\"mainEntityOfPage\":{\"@id\":\"https:\\\/\\\/influenzespain.com\\\/es\\\/political-earthquake-topples-spanish-coalition-government\\\/\"},\"wordCount\":539,\"publisher\":{\"@id\":\"https:\\\/\\\/influenzespain.com\\\/#organization\"},\"image\":{\"@id\":\"https:\\\/\\\/influenzespain.com\\\/es\\\/political-earthquake-topples-spanish-coalition-government\\\/#primaryimage\"},\"thumbnailUrl\":\"https:\\\/\\\/influenzespain.com\\\/wp-content\\\/uploads\\\/2023\\\/02\\\/SpanishAffairs_2023.jpg\",\"keywords\":[\"Coalition partners\",\"Elecciones\",\"Gobierno de Espa\u00f1a\",\"Partido Popular\",\"Pedro S\u00e1nchez\"],\"articleSection\":[\"Spanish Affairs (ES)\"],\"inLanguage\":\"es\"},{\"@type\":\"WebPage\",\"@id\":\"https:\\\/\\\/influenzespain.com\\\/es\\\/political-earthquake-topples-spanish-coalition-government\\\/\",\"url\":\"https:\\\/\\\/influenzespain.com\\\/es\\\/political-earthquake-topples-spanish-coalition-government\\\/\",\"name\":\"Political earthquake topples Spanish coalition Government - Influence Spain | Consultor\u00eda de asuntos p\u00fablicos y lobbying\",\"isPartOf\":{\"@id\":\"https:\\\/\\\/influenzespain.com\\\/#website\"},\"primaryImageOfPage\":{\"@id\":\"https:\\\/\\\/influenzespain.com\\\/es\\\/political-earthquake-topples-spanish-coalition-government\\\/#primaryimage\"},\"image\":{\"@id\":\"https:\\\/\\\/influenzespain.com\\\/es\\\/political-earthquake-topples-spanish-coalition-government\\\/#primaryimage\"},\"thumbnailUrl\":\"https:\\\/\\\/influenzespain.com\\\/wp-content\\\/uploads\\\/2023\\\/02\\\/SpanishAffairs_2023.jpg\",\"datePublished\":\"2023-05-30T07:08:45+00:00\",\"dateModified\":\"2023-05-30T07:08:50+00:00\",\"description\":\"Our Managing Director writes about the victory of the conservative party in the regional elections and its most direct consequences.\",\"breadcrumb\":{\"@id\":\"https:\\\/\\\/influenzespain.com\\\/es\\\/political-earthquake-topples-spanish-coalition-government\\\/#breadcrumb\"},\"inLanguage\":\"es\",\"potentialAction\":[{\"@type\":\"ReadAction\",\"target\":[\"https:\\\/\\\/influenzespain.com\\\/es\\\/political-earthquake-topples-spanish-coalition-government\\\/\"]}]},{\"@type\":\"ImageObject\",\"inLanguage\":\"es\",\"@id\":\"https:\\\/\\\/influenzespain.com\\\/es\\\/political-earthquake-topples-spanish-coalition-government\\\/#primaryimage\",\"url\":\"https:\\\/\\\/influenzespain.com\\\/wp-content\\\/uploads\\\/2023\\\/02\\\/SpanishAffairs_2023.jpg\",\"contentUrl\":\"https:\\\/\\\/influenzespain.com\\\/wp-content\\\/uploads\\\/2023\\\/02\\\/SpanishAffairs_2023.jpg\",\"width\":1200,\"height\":900,\"caption\":\"Spanish Parliament\"},{\"@type\":\"BreadcrumbList\",\"@id\":\"https:\\\/\\\/influenzespain.com\\\/es\\\/political-earthquake-topples-spanish-coalition-government\\\/#breadcrumb\",\"itemListElement\":[{\"@type\":\"ListItem\",\"position\":1,\"name\":\"Portada\",\"item\":\"https:\\\/\\\/influenzespain.com\\\/\"},{\"@type\":\"ListItem\",\"position\":2,\"name\":\"Political earthquake topples Spanish coalition Government\"}]},{\"@type\":\"WebSite\",\"@id\":\"https:\\\/\\\/influenzespain.com\\\/#website\",\"url\":\"https:\\\/\\\/influenzespain.com\\\/\",\"name\":\"Influence Spain | Consultor\u00eda de asuntos p\u00fablicos y lobbying\",\"description\":\"La consultor\u00eda de Asuntos P\u00fablicos y Lobbying pionera de Espa\u00f1a\",\"publisher\":{\"@id\":\"https:\\\/\\\/influenzespain.com\\\/#organization\"},\"potentialAction\":[{\"@type\":\"SearchAction\",\"target\":{\"@type\":\"EntryPoint\",\"urlTemplate\":\"https:\\\/\\\/influenzespain.com\\\/?s={search_term_string}\"},\"query-input\":{\"@type\":\"PropertyValueSpecification\",\"valueRequired\":true,\"valueName\":\"search_term_string\"}}],\"inLanguage\":\"es\"},{\"@type\":\"Organization\",\"@id\":\"https:\\\/\\\/influenzespain.com\\\/#organization\",\"name\":\"InFluenceSpain\",\"url\":\"https:\\\/\\\/influenzespain.com\\\/\",\"logo\":{\"@type\":\"ImageObject\",\"inLanguage\":\"es\",\"@id\":\"https:\\\/\\\/influenzespain.com\\\/#\\\/schema\\\/logo\\\/image\\\/\",\"url\":\"https:\\\/\\\/influenzespain.com\\\/wp-content\\\/uploads\\\/2020\\\/12\\\/logo-influence-spain-lobby-consultoria-asuntos-publicos-275.jpg\",\"contentUrl\":\"https:\\\/\\\/influenzespain.com\\\/wp-content\\\/uploads\\\/2020\\\/12\\\/logo-influence-spain-lobby-consultoria-asuntos-publicos-275.jpg\",\"width\":275,\"height\":65,\"caption\":\"InFluenceSpain\"},\"image\":{\"@id\":\"https:\\\/\\\/influenzespain.com\\\/#\\\/schema\\\/logo\\\/image\\\/\"},\"sameAs\":[\"https:\\\/\\\/x.com\\\/InFluenceSpain\",\"https:\\\/\\\/www.linkedin.com\\\/company\\\/influencespain\\\/\"]},{\"@type\":\"Person\",\"@id\":\"https:\\\/\\\/influenzespain.com\\\/#\\\/schema\\\/person\\\/db6f35f53d1c4f87e1118e7aa76dcc1d\",\"name\":\"InFluenze Spain\",\"image\":{\"@type\":\"ImageObject\",\"inLanguage\":\"es\",\"@id\":\"https:\\\/\\\/secure.gravatar.com\\\/avatar\\\/e3437bffd9df1ea898c2fce9ad5070358be5f16f1bb22c8e00e1cc0d9d9d1f59?s=96&d=mm&r=g\",\"url\":\"https:\\\/\\\/secure.gravatar.com\\\/avatar\\\/e3437bffd9df1ea898c2fce9ad5070358be5f16f1bb22c8e00e1cc0d9d9d1f59?s=96&d=mm&r=g\",\"contentUrl\":\"https:\\\/\\\/secure.gravatar.com\\\/avatar\\\/e3437bffd9df1ea898c2fce9ad5070358be5f16f1bb22c8e00e1cc0d9d9d1f59?s=96&d=mm&r=g\",\"caption\":\"InFluenze Spain\"},\"sameAs\":[\"https:\\\/\\\/influenzespain.com\"],\"url\":\"https:\\\/\\\/influenzespain.com\\\/es\\\/author\\\/admin_influence\\\/\"}]}<\/script>\n<!-- \/ Yoast SEO plugin. -->","yoast_head_json":{"title":"Political earthquake topples Spanish coalition Government - Influence Spain | Consultor\u00eda de asuntos p\u00fablicos y lobbying","description":"Our Managing Director writes about the victory of the conservative party in the regional elections and its most direct consequences.","robots":{"index":"index","follow":"follow","max-snippet":"max-snippet:-1","max-image-preview":"max-image-preview:large","max-video-preview":"max-video-preview:-1"},"canonical":"https:\/\/influenzespain.com\/es\/political-earthquake-topples-spanish-coalition-government\/","og_locale":"es_ES","og_type":"article","og_title":"Political earthquake topples Spanish coalition Government","og_description":"Our Managing Director writes about the victory of the conservative party in the regional elections and its most direct consequences.","og_url":"https:\/\/influenzespain.com\/es\/political-earthquake-topples-spanish-coalition-government\/","og_site_name":"Influence Spain | Consultor\u00eda de asuntos p\u00fablicos y lobbying","article_published_time":"2023-05-30T07:08:45+00:00","article_modified_time":"2023-05-30T07:08:50+00:00","og_image":[{"url":"https:\/\/influenzespain.com\/wp-content\/uploads\/2023\/02\/SpanishAffairs_2023-1024x768.jpg","type":"","width":"","height":""}],"author":"InFluenze Spain","twitter_card":"summary_large_image","twitter_title":"Political earthquake topples Spanish coalition Government","twitter_description":"Our Managing Director writes about the victory of the conservative party in the regional elections and its most direct consequences.","twitter_image":"https:\/\/influenzespain.com\/wp-content\/uploads\/2023\/02\/SpanishAffairs_2023-1024x768.jpg","twitter_creator":"@InFluenceSpain","twitter_site":"@InFluenceSpain","twitter_misc":{"Escrito por":"InFluenze Spain","Tiempo de lectura":"3 minutos"},"schema":{"@context":"https:\/\/schema.org","@graph":[{"@type":"Article","@id":"https:\/\/influenzespain.com\/es\/political-earthquake-topples-spanish-coalition-government\/#article","isPartOf":{"@id":"https:\/\/influenzespain.com\/es\/political-earthquake-topples-spanish-coalition-government\/"},"author":{"name":"InFluenze Spain","@id":"https:\/\/influenzespain.com\/#\/schema\/person\/db6f35f53d1c4f87e1118e7aa76dcc1d"},"headline":"Political earthquake topples Spanish coalition Government","datePublished":"2023-05-30T07:08:45+00:00","dateModified":"2023-05-30T07:08:50+00:00","mainEntityOfPage":{"@id":"https:\/\/influenzespain.com\/es\/political-earthquake-topples-spanish-coalition-government\/"},"wordCount":539,"publisher":{"@id":"https:\/\/influenzespain.com\/#organization"},"image":{"@id":"https:\/\/influenzespain.com\/es\/political-earthquake-topples-spanish-coalition-government\/#primaryimage"},"thumbnailUrl":"https:\/\/influenzespain.com\/wp-content\/uploads\/2023\/02\/SpanishAffairs_2023.jpg","keywords":["Coalition partners","Elecciones","Gobierno de Espa\u00f1a","Partido Popular","Pedro S\u00e1nchez"],"articleSection":["Spanish Affairs (ES)"],"inLanguage":"es"},{"@type":"WebPage","@id":"https:\/\/influenzespain.com\/es\/political-earthquake-topples-spanish-coalition-government\/","url":"https:\/\/influenzespain.com\/es\/political-earthquake-topples-spanish-coalition-government\/","name":"Political earthquake topples Spanish coalition Government - Influence Spain | Consultor\u00eda de asuntos p\u00fablicos y lobbying","isPartOf":{"@id":"https:\/\/influenzespain.com\/#website"},"primaryImageOfPage":{"@id":"https:\/\/influenzespain.com\/es\/political-earthquake-topples-spanish-coalition-government\/#primaryimage"},"image":{"@id":"https:\/\/influenzespain.com\/es\/political-earthquake-topples-spanish-coalition-government\/#primaryimage"},"thumbnailUrl":"https:\/\/influenzespain.com\/wp-content\/uploads\/2023\/02\/SpanishAffairs_2023.jpg","datePublished":"2023-05-30T07:08:45+00:00","dateModified":"2023-05-30T07:08:50+00:00","description":"Our Managing Director writes about the victory of the conservative party in the regional elections and its most direct consequences.","breadcrumb":{"@id":"https:\/\/influenzespain.com\/es\/political-earthquake-topples-spanish-coalition-government\/#breadcrumb"},"inLanguage":"es","potentialAction":[{"@type":"ReadAction","target":["https:\/\/influenzespain.com\/es\/political-earthquake-topples-spanish-coalition-government\/"]}]},{"@type":"ImageObject","inLanguage":"es","@id":"https:\/\/influenzespain.com\/es\/political-earthquake-topples-spanish-coalition-government\/#primaryimage","url":"https:\/\/influenzespain.com\/wp-content\/uploads\/2023\/02\/SpanishAffairs_2023.jpg","contentUrl":"https:\/\/influenzespain.com\/wp-content\/uploads\/2023\/02\/SpanishAffairs_2023.jpg","width":1200,"height":900,"caption":"Spanish Parliament"},{"@type":"BreadcrumbList","@id":"https:\/\/influenzespain.com\/es\/political-earthquake-topples-spanish-coalition-government\/#breadcrumb","itemListElement":[{"@type":"ListItem","position":1,"name":"Portada","item":"https:\/\/influenzespain.com\/"},{"@type":"ListItem","position":2,"name":"Political earthquake topples Spanish coalition Government"}]},{"@type":"WebSite","@id":"https:\/\/influenzespain.com\/#website","url":"https:\/\/influenzespain.com\/","name":"Influence Spain | Consultor\u00eda de asuntos p\u00fablicos y lobbying","description":"La consultor\u00eda de Asuntos P\u00fablicos y Lobbying pionera de Espa\u00f1a","publisher":{"@id":"https:\/\/influenzespain.com\/#organization"},"potentialAction":[{"@type":"SearchAction","target":{"@type":"EntryPoint","urlTemplate":"https:\/\/influenzespain.com\/?s={search_term_string}"},"query-input":{"@type":"PropertyValueSpecification","valueRequired":true,"valueName":"search_term_string"}}],"inLanguage":"es"},{"@type":"Organization","@id":"https:\/\/influenzespain.com\/#organization","name":"InFluenceSpain","url":"https:\/\/influenzespain.com\/","logo":{"@type":"ImageObject","inLanguage":"es","@id":"https:\/\/influenzespain.com\/#\/schema\/logo\/image\/","url":"https:\/\/influenzespain.com\/wp-content\/uploads\/2020\/12\/logo-influence-spain-lobby-consultoria-asuntos-publicos-275.jpg","contentUrl":"https:\/\/influenzespain.com\/wp-content\/uploads\/2020\/12\/logo-influence-spain-lobby-consultoria-asuntos-publicos-275.jpg","width":275,"height":65,"caption":"InFluenceSpain"},"image":{"@id":"https:\/\/influenzespain.com\/#\/schema\/logo\/image\/"},"sameAs":["https:\/\/x.com\/InFluenceSpain","https:\/\/www.linkedin.com\/company\/influencespain\/"]},{"@type":"Person","@id":"https:\/\/influenzespain.com\/#\/schema\/person\/db6f35f53d1c4f87e1118e7aa76dcc1d","name":"InFluenze Spain","image":{"@type":"ImageObject","inLanguage":"es","@id":"https:\/\/secure.gravatar.com\/avatar\/e3437bffd9df1ea898c2fce9ad5070358be5f16f1bb22c8e00e1cc0d9d9d1f59?s=96&d=mm&r=g","url":"https:\/\/secure.gravatar.com\/avatar\/e3437bffd9df1ea898c2fce9ad5070358be5f16f1bb22c8e00e1cc0d9d9d1f59?s=96&d=mm&r=g","contentUrl":"https:\/\/secure.gravatar.com\/avatar\/e3437bffd9df1ea898c2fce9ad5070358be5f16f1bb22c8e00e1cc0d9d9d1f59?s=96&d=mm&r=g","caption":"InFluenze Spain"},"sameAs":["https:\/\/influenzespain.com"],"url":"https:\/\/influenzespain.com\/es\/author\/admin_influence\/"}]}},"_links":{"self":[{"href":"https:\/\/influenzespain.com\/es\/wp-json\/wp\/v2\/posts\/2753","targetHints":{"allow":["GET"]}}],"collection":[{"href":"https:\/\/influenzespain.com\/es\/wp-json\/wp\/v2\/posts"}],"about":[{"href":"https:\/\/influenzespain.com\/es\/wp-json\/wp\/v2\/types\/post"}],"author":[{"embeddable":true,"href":"https:\/\/influenzespain.com\/es\/wp-json\/wp\/v2\/users\/2"}],"replies":[{"embeddable":true,"href":"https:\/\/influenzespain.com\/es\/wp-json\/wp\/v2\/comments?post=2753"}],"version-history":[{"count":1,"href":"https:\/\/influenzespain.com\/es\/wp-json\/wp\/v2\/posts\/2753\/revisions"}],"predecessor-version":[{"id":2754,"href":"https:\/\/influenzespain.com\/es\/wp-json\/wp\/v2\/posts\/2753\/revisions\/2754"}],"wp:featuredmedia":[{"embeddable":true,"href":"https:\/\/influenzespain.com\/es\/wp-json\/wp\/v2\/media\/2261"}],"wp:attachment":[{"href":"https:\/\/influenzespain.com\/es\/wp-json\/wp\/v2\/media?parent=2753"}],"wp:term":[{"taxonomy":"category","embeddable":true,"href":"https:\/\/influenzespain.com\/es\/wp-json\/wp\/v2\/categories?post=2753"},{"taxonomy":"post_tag","embeddable":true,"href":"https:\/\/influenzespain.com\/es\/wp-json\/wp\/v2\/tags?post=2753"}],"curies":[{"name":"wp","href":"https:\/\/api.w.org\/{rel}","templated":true}]}}