{"id":3015,"date":"2023-09-04T09:43:08","date_gmt":"2023-09-04T09:43:08","guid":{"rendered":"https:\/\/influencespain.com\/15th-legislature-of-the-spanish-parliamentary-democracy\/"},"modified":"2023-09-04T09:43:15","modified_gmt":"2023-09-04T09:43:15","slug":"15th-legislature-of-the-spanish-parliamentary-democracy","status":"publish","type":"post","link":"https:\/\/influenzespain.com\/es\/15th-legislature-of-the-spanish-parliamentary-democracy\/","title":{"rendered":"15th Legislature of the Spanish Parliamentary Democracy"},"content":{"rendered":"\n<figure class=\"wp-block-image size-large is-resized\"><img loading=\"lazy\" decoding=\"async\" src=\"https:\/\/influenzespain.com\/wp-content\/uploads\/2022\/02\/002_SebastianMariz.jpg\" alt=\"\" class=\"wp-image-1824\" width=\"161\" height=\"172\" srcset=\"https:\/\/influenzespain.com\/wp-content\/uploads\/2022\/02\/002_SebastianMariz.jpg 389w, https:\/\/influenzespain.com\/wp-content\/uploads\/2022\/02\/002_SebastianMariz-281x300.jpg 281w\" sizes=\"auto, (max-width: 161px) 100vw, 161px\" \/><\/figure>\n\n<p><strong><em>By: <a href=\"https:\/\/influenzespain.com\/es\/equipo\/\">Sebastian Mariz<\/a>, Managing Director of Influence Spain<\/em><\/strong><\/p>\n\n<p class=\"has-white-color has-text-color\">.<\/p>\n\n<p>The Spanish Parliament has initiated the 15th legislature of the Spanish Parliamentary Democracy, and has constituted its new political groups, membership of the House Committee, and remaining parliamentary committees following the elections that took place on the 23rd of July. The King has instructed the leader of the conservative popular party, Alberto N\u00fa\u00f1ez Feij\u00f3o, to seek parliamentary investiture of a new Government, on the 26th of September.<\/p>\n\n<p>The debate on his candidacy, as the new Prime Minister of Spain, will take place on the 26th of September and the vote will be on the 27th of September.\u00a0 Given that he will be unable to muster enough support to obtain the 176 votes needed to be invested (he will be shy of this number, by 4 votes), an alternative candidacy, led by the socialist Pedro S\u00e1nchez, will be presented at the beginning of December. This candidacy will be supported by the communists who remain a Government coalition partner, and will most likely lead to Pedro S\u00e1nchez being invested Prime Minister by a simple majority of Members of Parliament (MPs) with the parliamentary support of a coalition of socialists, communists, greens, and nationalist parties from the Basque Country, Catalonia and other regions in Spain.\u00a0\u00a0\u00a0<\/p>\n\n<p>In exchange for parliamentary support from these political groups, Pedro S\u00e1nchez is expected to agree to changes in the current political and administrative structure of Spain and its regions.\u00a0 This would include the possible constitution of a Federation of provinces or states, with greater autonomy in each region, in areas such as official languages, tax collection, education, environmental protection, energy and transport, as well as general amnesty to all of the political leaders who were involved in the 2017 referendum on Catalan independence.<\/p>\n\n<p>The PM&#8217;s new cabinet, which will take office at the end of December, or beginning of January, is expected to be very similar to his current caretaker Cabinet, with the same Minister of Finance, Nadia Calvi\u00f1o, Environment (Energy), Teresa Ribera, and Employment, Yolanda D\u00edaz. New Ministers of Transport, Industry and Tourism are expected.\u00a0<\/p>\n\n<p>All in all, the results of the general elections of the 23rd of July, means more of the same policies that we have seen over the past 4 years, with possibly even more progressive policy developments in areas such as environmental protection, corporate tax regimes, welfare services, housing, energy transition and sustainable mobility, as well as a greater transfer of competences to the regions.\u00a0<\/p>\n\n<p>Between now and the formation of a new Government at the end of December, beginning of January, the current caretaker Government will remain in office, but with the inability to adopt new legislation and policy initiatives, or to table a new national public administration budget for 2024.\u00a0 The current 2023 national budget will be rolled over into 2024 and a new budget, with new guidelines, will be tabled at the end of September, 2024.\u00a0 In the meantime, the caretaker Government will focus on managing and implementing the policy, legislation and budget lines adopted last year and earlier this year, and continue to manage and run the Spanish Presidency of the EU Council of Ministers.<\/p>\n\n<p class=\"has-white-color has-text-color\">.<\/p>\n\n<p class=\"has-text-align-center\"><em>Every month, Influence Spain provides a look at Spanish current affairs.<\/em>\u00a0<em>For more information, join our social media profiles on\u00a0<\/em><a href=\"https:\/\/twitter.com\/InFluenceSpain\"><em>Twitter\u00a0<\/em><\/a><em>and\u00a0<\/em><a href=\"https:\/\/www.linkedin.com\/company\/influencespain\/?viewAsMember=true\"><em>LinkedIn<\/em><\/a>.<\/p>\n","protected":false},"excerpt":{"rendered":"<p>By: Sebastian Mariz, Managing Director of Influence Spain.<\/p>\n","protected":false},"author":2,"featured_media":2261,"comment_status":"closed","ping_status":"open","sticky":false,"template":"","format":"standard","meta":{"footnotes":""},"categories":[487],"tags":[319,731,729,256,217,509,730,512],"class_list":["post-3015","post","type-post","status-publish","format-standard","has-post-thumbnail","hentry","category-spanish-affairs-es","tag-elecciones-generales","tag-nunez-feijoo-es","tag-partido-popular-es","tag-partido-socialista","tag-pedro-sanchez","tag-prime-minister-es","tag-spanish-parliament-es","tag-yolanda-diaz-es"],"yoast_head":"<!-- This site is optimized with the Yoast SEO plugin v27.4 - https:\/\/yoast.com\/product\/yoast-seo-wordpress\/ -->\n<title>15th Legislature of the Spanish Parliamentary Democracy - Influence Spain | Consultor\u00eda de asuntos p\u00fablicos y lobbying<\/title>\n<meta name=\"description\" content=\"Our Managing Director, Sebastian Mariz, evaluates the first effects of the general elections held in Spain: first investiture on 27th September.\" \/>\n<meta name=\"robots\" content=\"index, follow, max-snippet:-1, max-image-preview:large, max-video-preview:-1\" \/>\n<link rel=\"canonical\" href=\"https:\/\/influenzespain.com\/es\/15th-legislature-of-the-spanish-parliamentary-democracy\/\" \/>\n<meta property=\"og:locale\" content=\"es_ES\" \/>\n<meta property=\"og:type\" content=\"article\" \/>\n<meta property=\"og:title\" content=\"15th Legislature of the Spanish Parliamentary Democracy\" \/>\n<meta property=\"og:description\" content=\"Our Managing Director, Sebastian Mariz, evaluates the first effects of the general elections held in Spain: first investiture on 27th September.\" \/>\n<meta property=\"og:url\" content=\"https:\/\/influenzespain.com\/es\/15th-legislature-of-the-spanish-parliamentary-democracy\/\" \/>\n<meta property=\"og:site_name\" content=\"Influence Spain | Consultor\u00eda de asuntos p\u00fablicos y lobbying\" \/>\n<meta property=\"article:published_time\" content=\"2023-09-04T09:43:08+00:00\" \/>\n<meta property=\"article:modified_time\" content=\"2023-09-04T09:43:15+00:00\" \/>\n<meta property=\"og:image\" content=\"https:\/\/influenzespain.com\/wp-content\/uploads\/2023\/02\/SpanishAffairs_2023-1024x768.jpg\" \/>\n<meta name=\"author\" content=\"InFluenze Spain\" \/>\n<meta name=\"twitter:card\" content=\"summary_large_image\" \/>\n<meta name=\"twitter:title\" content=\"15th Legislature of the Spanish Parliamentary Democracy\" \/>\n<meta name=\"twitter:description\" content=\"Our Managing Director, Sebastian Mariz, evaluates the first effects of the general elections held in Spain: first investiture on 27th September.\" \/>\n<meta name=\"twitter:image\" content=\"https:\/\/influenzespain.com\/wp-content\/uploads\/2023\/02\/SpanishAffairs_2023-1024x768.jpg\" \/>\n<meta name=\"twitter:creator\" content=\"@InFluenceSpain\" \/>\n<meta name=\"twitter:site\" content=\"@InFluenceSpain\" \/>\n<meta name=\"twitter:label1\" content=\"Escrito por\" \/>\n\t<meta name=\"twitter:data1\" content=\"InFluenze Spain\" \/>\n\t<meta name=\"twitter:label2\" content=\"Tiempo de lectura\" \/>\n\t<meta name=\"twitter:data2\" content=\"3 minutos\" \/>\n<script type=\"application\/ld+json\" class=\"yoast-schema-graph\">{\"@context\":\"https:\\\/\\\/schema.org\",\"@graph\":[{\"@type\":\"Article\",\"@id\":\"https:\\\/\\\/influenzespain.com\\\/es\\\/15th-legislature-of-the-spanish-parliamentary-democracy\\\/#article\",\"isPartOf\":{\"@id\":\"https:\\\/\\\/influenzespain.com\\\/es\\\/15th-legislature-of-the-spanish-parliamentary-democracy\\\/\"},\"author\":{\"name\":\"InFluenze Spain\",\"@id\":\"https:\\\/\\\/influenzespain.com\\\/#\\\/schema\\\/person\\\/db6f35f53d1c4f87e1118e7aa76dcc1d\"},\"headline\":\"15th Legislature of the Spanish Parliamentary Democracy\",\"datePublished\":\"2023-09-04T09:43:08+00:00\",\"dateModified\":\"2023-09-04T09:43:15+00:00\",\"mainEntityOfPage\":{\"@id\":\"https:\\\/\\\/influenzespain.com\\\/es\\\/15th-legislature-of-the-spanish-parliamentary-democracy\\\/\"},\"wordCount\":554,\"publisher\":{\"@id\":\"https:\\\/\\\/influenzespain.com\\\/#organization\"},\"image\":{\"@id\":\"https:\\\/\\\/influenzespain.com\\\/es\\\/15th-legislature-of-the-spanish-parliamentary-democracy\\\/#primaryimage\"},\"thumbnailUrl\":\"https:\\\/\\\/influenzespain.com\\\/wp-content\\\/uploads\\\/2023\\\/02\\\/SpanishAffairs_2023.jpg\",\"keywords\":[\"Elecciones generales\",\"N\u00fa\u00f1ez-Feij\u00f3o\",\"Partido Popular\",\"Partido Socialista\",\"Pedro S\u00e1nchez\",\"Prime Minister\",\"Spanish Parliament\",\"Yolanda D\u00edaz\"],\"articleSection\":[\"Spanish Affairs (ES)\"],\"inLanguage\":\"es\"},{\"@type\":\"WebPage\",\"@id\":\"https:\\\/\\\/influenzespain.com\\\/es\\\/15th-legislature-of-the-spanish-parliamentary-democracy\\\/\",\"url\":\"https:\\\/\\\/influenzespain.com\\\/es\\\/15th-legislature-of-the-spanish-parliamentary-democracy\\\/\",\"name\":\"15th Legislature of the Spanish Parliamentary Democracy - Influence Spain | Consultor\u00eda de asuntos p\u00fablicos y lobbying\",\"isPartOf\":{\"@id\":\"https:\\\/\\\/influenzespain.com\\\/#website\"},\"primaryImageOfPage\":{\"@id\":\"https:\\\/\\\/influenzespain.com\\\/es\\\/15th-legislature-of-the-spanish-parliamentary-democracy\\\/#primaryimage\"},\"image\":{\"@id\":\"https:\\\/\\\/influenzespain.com\\\/es\\\/15th-legislature-of-the-spanish-parliamentary-democracy\\\/#primaryimage\"},\"thumbnailUrl\":\"https:\\\/\\\/influenzespain.com\\\/wp-content\\\/uploads\\\/2023\\\/02\\\/SpanishAffairs_2023.jpg\",\"datePublished\":\"2023-09-04T09:43:08+00:00\",\"dateModified\":\"2023-09-04T09:43:15+00:00\",\"description\":\"Our Managing Director, Sebastian Mariz, evaluates the first effects of the general elections held in Spain: first investiture on 27th September.\",\"breadcrumb\":{\"@id\":\"https:\\\/\\\/influenzespain.com\\\/es\\\/15th-legislature-of-the-spanish-parliamentary-democracy\\\/#breadcrumb\"},\"inLanguage\":\"es\",\"potentialAction\":[{\"@type\":\"ReadAction\",\"target\":[\"https:\\\/\\\/influenzespain.com\\\/es\\\/15th-legislature-of-the-spanish-parliamentary-democracy\\\/\"]}]},{\"@type\":\"ImageObject\",\"inLanguage\":\"es\",\"@id\":\"https:\\\/\\\/influenzespain.com\\\/es\\\/15th-legislature-of-the-spanish-parliamentary-democracy\\\/#primaryimage\",\"url\":\"https:\\\/\\\/influenzespain.com\\\/wp-content\\\/uploads\\\/2023\\\/02\\\/SpanishAffairs_2023.jpg\",\"contentUrl\":\"https:\\\/\\\/influenzespain.com\\\/wp-content\\\/uploads\\\/2023\\\/02\\\/SpanishAffairs_2023.jpg\",\"width\":1200,\"height\":900,\"caption\":\"Spanish Parliament\"},{\"@type\":\"BreadcrumbList\",\"@id\":\"https:\\\/\\\/influenzespain.com\\\/es\\\/15th-legislature-of-the-spanish-parliamentary-democracy\\\/#breadcrumb\",\"itemListElement\":[{\"@type\":\"ListItem\",\"position\":1,\"name\":\"Portada\",\"item\":\"https:\\\/\\\/influenzespain.com\\\/\"},{\"@type\":\"ListItem\",\"position\":2,\"name\":\"15th Legislature of the Spanish Parliamentary Democracy\"}]},{\"@type\":\"WebSite\",\"@id\":\"https:\\\/\\\/influenzespain.com\\\/#website\",\"url\":\"https:\\\/\\\/influenzespain.com\\\/\",\"name\":\"Influence Spain | Consultor\u00eda de asuntos p\u00fablicos y lobbying\",\"description\":\"La consultor\u00eda de Asuntos P\u00fablicos y Lobbying pionera de Espa\u00f1a\",\"publisher\":{\"@id\":\"https:\\\/\\\/influenzespain.com\\\/#organization\"},\"potentialAction\":[{\"@type\":\"SearchAction\",\"target\":{\"@type\":\"EntryPoint\",\"urlTemplate\":\"https:\\\/\\\/influenzespain.com\\\/?s={search_term_string}\"},\"query-input\":{\"@type\":\"PropertyValueSpecification\",\"valueRequired\":true,\"valueName\":\"search_term_string\"}}],\"inLanguage\":\"es\"},{\"@type\":\"Organization\",\"@id\":\"https:\\\/\\\/influenzespain.com\\\/#organization\",\"name\":\"InFluenceSpain\",\"url\":\"https:\\\/\\\/influenzespain.com\\\/\",\"logo\":{\"@type\":\"ImageObject\",\"inLanguage\":\"es\",\"@id\":\"https:\\\/\\\/influenzespain.com\\\/#\\\/schema\\\/logo\\\/image\\\/\",\"url\":\"https:\\\/\\\/influenzespain.com\\\/wp-content\\\/uploads\\\/2020\\\/12\\\/logo-influence-spain-lobby-consultoria-asuntos-publicos-275.jpg\",\"contentUrl\":\"https:\\\/\\\/influenzespain.com\\\/wp-content\\\/uploads\\\/2020\\\/12\\\/logo-influence-spain-lobby-consultoria-asuntos-publicos-275.jpg\",\"width\":275,\"height\":65,\"caption\":\"InFluenceSpain\"},\"image\":{\"@id\":\"https:\\\/\\\/influenzespain.com\\\/#\\\/schema\\\/logo\\\/image\\\/\"},\"sameAs\":[\"https:\\\/\\\/x.com\\\/InFluenceSpain\",\"https:\\\/\\\/www.linkedin.com\\\/company\\\/influencespain\\\/\"]},{\"@type\":\"Person\",\"@id\":\"https:\\\/\\\/influenzespain.com\\\/#\\\/schema\\\/person\\\/db6f35f53d1c4f87e1118e7aa76dcc1d\",\"name\":\"InFluenze Spain\",\"image\":{\"@type\":\"ImageObject\",\"inLanguage\":\"es\",\"@id\":\"https:\\\/\\\/secure.gravatar.com\\\/avatar\\\/e3437bffd9df1ea898c2fce9ad5070358be5f16f1bb22c8e00e1cc0d9d9d1f59?s=96&d=mm&r=g\",\"url\":\"https:\\\/\\\/secure.gravatar.com\\\/avatar\\\/e3437bffd9df1ea898c2fce9ad5070358be5f16f1bb22c8e00e1cc0d9d9d1f59?s=96&d=mm&r=g\",\"contentUrl\":\"https:\\\/\\\/secure.gravatar.com\\\/avatar\\\/e3437bffd9df1ea898c2fce9ad5070358be5f16f1bb22c8e00e1cc0d9d9d1f59?s=96&d=mm&r=g\",\"caption\":\"InFluenze Spain\"},\"sameAs\":[\"https:\\\/\\\/influenzespain.com\"],\"url\":\"https:\\\/\\\/influenzespain.com\\\/es\\\/author\\\/admin_influence\\\/\"}]}<\/script>\n<!-- \/ Yoast SEO plugin. -->","yoast_head_json":{"title":"15th Legislature of the Spanish Parliamentary Democracy - Influence Spain | Consultor\u00eda de asuntos p\u00fablicos y lobbying","description":"Our Managing Director, Sebastian Mariz, evaluates the first effects of the general elections held in Spain: first investiture on 27th September.","robots":{"index":"index","follow":"follow","max-snippet":"max-snippet:-1","max-image-preview":"max-image-preview:large","max-video-preview":"max-video-preview:-1"},"canonical":"https:\/\/influenzespain.com\/es\/15th-legislature-of-the-spanish-parliamentary-democracy\/","og_locale":"es_ES","og_type":"article","og_title":"15th Legislature of the Spanish Parliamentary Democracy","og_description":"Our Managing Director, Sebastian Mariz, evaluates the first effects of the general elections held in Spain: first investiture on 27th September.","og_url":"https:\/\/influenzespain.com\/es\/15th-legislature-of-the-spanish-parliamentary-democracy\/","og_site_name":"Influence Spain | Consultor\u00eda de asuntos p\u00fablicos y lobbying","article_published_time":"2023-09-04T09:43:08+00:00","article_modified_time":"2023-09-04T09:43:15+00:00","og_image":[{"url":"https:\/\/influenzespain.com\/wp-content\/uploads\/2023\/02\/SpanishAffairs_2023-1024x768.jpg","type":"","width":"","height":""}],"author":"InFluenze Spain","twitter_card":"summary_large_image","twitter_title":"15th Legislature of the Spanish Parliamentary Democracy","twitter_description":"Our Managing Director, Sebastian Mariz, evaluates the first effects of the general elections held in Spain: first investiture on 27th September.","twitter_image":"https:\/\/influenzespain.com\/wp-content\/uploads\/2023\/02\/SpanishAffairs_2023-1024x768.jpg","twitter_creator":"@InFluenceSpain","twitter_site":"@InFluenceSpain","twitter_misc":{"Escrito por":"InFluenze Spain","Tiempo de lectura":"3 minutos"},"schema":{"@context":"https:\/\/schema.org","@graph":[{"@type":"Article","@id":"https:\/\/influenzespain.com\/es\/15th-legislature-of-the-spanish-parliamentary-democracy\/#article","isPartOf":{"@id":"https:\/\/influenzespain.com\/es\/15th-legislature-of-the-spanish-parliamentary-democracy\/"},"author":{"name":"InFluenze Spain","@id":"https:\/\/influenzespain.com\/#\/schema\/person\/db6f35f53d1c4f87e1118e7aa76dcc1d"},"headline":"15th Legislature of the Spanish Parliamentary Democracy","datePublished":"2023-09-04T09:43:08+00:00","dateModified":"2023-09-04T09:43:15+00:00","mainEntityOfPage":{"@id":"https:\/\/influenzespain.com\/es\/15th-legislature-of-the-spanish-parliamentary-democracy\/"},"wordCount":554,"publisher":{"@id":"https:\/\/influenzespain.com\/#organization"},"image":{"@id":"https:\/\/influenzespain.com\/es\/15th-legislature-of-the-spanish-parliamentary-democracy\/#primaryimage"},"thumbnailUrl":"https:\/\/influenzespain.com\/wp-content\/uploads\/2023\/02\/SpanishAffairs_2023.jpg","keywords":["Elecciones generales","N\u00fa\u00f1ez-Feij\u00f3o","Partido Popular","Partido Socialista","Pedro S\u00e1nchez","Prime Minister","Spanish Parliament","Yolanda D\u00edaz"],"articleSection":["Spanish Affairs (ES)"],"inLanguage":"es"},{"@type":"WebPage","@id":"https:\/\/influenzespain.com\/es\/15th-legislature-of-the-spanish-parliamentary-democracy\/","url":"https:\/\/influenzespain.com\/es\/15th-legislature-of-the-spanish-parliamentary-democracy\/","name":"15th Legislature of the Spanish Parliamentary Democracy - Influence Spain | Consultor\u00eda de asuntos p\u00fablicos y lobbying","isPartOf":{"@id":"https:\/\/influenzespain.com\/#website"},"primaryImageOfPage":{"@id":"https:\/\/influenzespain.com\/es\/15th-legislature-of-the-spanish-parliamentary-democracy\/#primaryimage"},"image":{"@id":"https:\/\/influenzespain.com\/es\/15th-legislature-of-the-spanish-parliamentary-democracy\/#primaryimage"},"thumbnailUrl":"https:\/\/influenzespain.com\/wp-content\/uploads\/2023\/02\/SpanishAffairs_2023.jpg","datePublished":"2023-09-04T09:43:08+00:00","dateModified":"2023-09-04T09:43:15+00:00","description":"Our Managing Director, Sebastian Mariz, evaluates the first effects of the general elections held in Spain: first investiture on 27th September.","breadcrumb":{"@id":"https:\/\/influenzespain.com\/es\/15th-legislature-of-the-spanish-parliamentary-democracy\/#breadcrumb"},"inLanguage":"es","potentialAction":[{"@type":"ReadAction","target":["https:\/\/influenzespain.com\/es\/15th-legislature-of-the-spanish-parliamentary-democracy\/"]}]},{"@type":"ImageObject","inLanguage":"es","@id":"https:\/\/influenzespain.com\/es\/15th-legislature-of-the-spanish-parliamentary-democracy\/#primaryimage","url":"https:\/\/influenzespain.com\/wp-content\/uploads\/2023\/02\/SpanishAffairs_2023.jpg","contentUrl":"https:\/\/influenzespain.com\/wp-content\/uploads\/2023\/02\/SpanishAffairs_2023.jpg","width":1200,"height":900,"caption":"Spanish Parliament"},{"@type":"BreadcrumbList","@id":"https:\/\/influenzespain.com\/es\/15th-legislature-of-the-spanish-parliamentary-democracy\/#breadcrumb","itemListElement":[{"@type":"ListItem","position":1,"name":"Portada","item":"https:\/\/influenzespain.com\/"},{"@type":"ListItem","position":2,"name":"15th Legislature of the Spanish Parliamentary Democracy"}]},{"@type":"WebSite","@id":"https:\/\/influenzespain.com\/#website","url":"https:\/\/influenzespain.com\/","name":"Influence Spain | Consultor\u00eda de asuntos p\u00fablicos y lobbying","description":"La consultor\u00eda de Asuntos P\u00fablicos y Lobbying pionera de Espa\u00f1a","publisher":{"@id":"https:\/\/influenzespain.com\/#organization"},"potentialAction":[{"@type":"SearchAction","target":{"@type":"EntryPoint","urlTemplate":"https:\/\/influenzespain.com\/?s={search_term_string}"},"query-input":{"@type":"PropertyValueSpecification","valueRequired":true,"valueName":"search_term_string"}}],"inLanguage":"es"},{"@type":"Organization","@id":"https:\/\/influenzespain.com\/#organization","name":"InFluenceSpain","url":"https:\/\/influenzespain.com\/","logo":{"@type":"ImageObject","inLanguage":"es","@id":"https:\/\/influenzespain.com\/#\/schema\/logo\/image\/","url":"https:\/\/influenzespain.com\/wp-content\/uploads\/2020\/12\/logo-influence-spain-lobby-consultoria-asuntos-publicos-275.jpg","contentUrl":"https:\/\/influenzespain.com\/wp-content\/uploads\/2020\/12\/logo-influence-spain-lobby-consultoria-asuntos-publicos-275.jpg","width":275,"height":65,"caption":"InFluenceSpain"},"image":{"@id":"https:\/\/influenzespain.com\/#\/schema\/logo\/image\/"},"sameAs":["https:\/\/x.com\/InFluenceSpain","https:\/\/www.linkedin.com\/company\/influencespain\/"]},{"@type":"Person","@id":"https:\/\/influenzespain.com\/#\/schema\/person\/db6f35f53d1c4f87e1118e7aa76dcc1d","name":"InFluenze Spain","image":{"@type":"ImageObject","inLanguage":"es","@id":"https:\/\/secure.gravatar.com\/avatar\/e3437bffd9df1ea898c2fce9ad5070358be5f16f1bb22c8e00e1cc0d9d9d1f59?s=96&d=mm&r=g","url":"https:\/\/secure.gravatar.com\/avatar\/e3437bffd9df1ea898c2fce9ad5070358be5f16f1bb22c8e00e1cc0d9d9d1f59?s=96&d=mm&r=g","contentUrl":"https:\/\/secure.gravatar.com\/avatar\/e3437bffd9df1ea898c2fce9ad5070358be5f16f1bb22c8e00e1cc0d9d9d1f59?s=96&d=mm&r=g","caption":"InFluenze Spain"},"sameAs":["https:\/\/influenzespain.com"],"url":"https:\/\/influenzespain.com\/es\/author\/admin_influence\/"}]}},"_links":{"self":[{"href":"https:\/\/influenzespain.com\/es\/wp-json\/wp\/v2\/posts\/3015","targetHints":{"allow":["GET"]}}],"collection":[{"href":"https:\/\/influenzespain.com\/es\/wp-json\/wp\/v2\/posts"}],"about":[{"href":"https:\/\/influenzespain.com\/es\/wp-json\/wp\/v2\/types\/post"}],"author":[{"embeddable":true,"href":"https:\/\/influenzespain.com\/es\/wp-json\/wp\/v2\/users\/2"}],"replies":[{"embeddable":true,"href":"https:\/\/influenzespain.com\/es\/wp-json\/wp\/v2\/comments?post=3015"}],"version-history":[{"count":1,"href":"https:\/\/influenzespain.com\/es\/wp-json\/wp\/v2\/posts\/3015\/revisions"}],"predecessor-version":[{"id":3016,"href":"https:\/\/influenzespain.com\/es\/wp-json\/wp\/v2\/posts\/3015\/revisions\/3016"}],"wp:featuredmedia":[{"embeddable":true,"href":"https:\/\/influenzespain.com\/es\/wp-json\/wp\/v2\/media\/2261"}],"wp:attachment":[{"href":"https:\/\/influenzespain.com\/es\/wp-json\/wp\/v2\/media?parent=3015"}],"wp:term":[{"taxonomy":"category","embeddable":true,"href":"https:\/\/influenzespain.com\/es\/wp-json\/wp\/v2\/categories?post=3015"},{"taxonomy":"post_tag","embeddable":true,"href":"https:\/\/influenzespain.com\/es\/wp-json\/wp\/v2\/tags?post=3015"}],"curies":[{"name":"wp","href":"https:\/\/api.w.org\/{rel}","templated":true}]}}