{"id":3228,"date":"2024-01-09T16:01:20","date_gmt":"2024-01-09T16:01:20","guid":{"rendered":"https:\/\/influencespain.com\/spanish-political-scenario-2024\/"},"modified":"2024-01-09T16:17:34","modified_gmt":"2024-01-09T16:17:34","slug":"spanish-political-scenario-2024","status":"publish","type":"post","link":"https:\/\/influenzespain.com\/es\/spanish-political-scenario-2024\/","title":{"rendered":"Spanish political scenario: 2024"},"content":{"rendered":"\n<figure class=\"wp-block-image size-full is-resized\"><img loading=\"lazy\" decoding=\"async\" width=\"428\" height=\"446\" src=\"https:\/\/influenzespain.com\/wp-content\/uploads\/2023\/10\/2023_SM.png\" alt=\"\" class=\"wp-image-3146\" style=\"width:161px;height:172px\" srcset=\"https:\/\/influenzespain.com\/wp-content\/uploads\/2023\/10\/2023_SM.png 428w, https:\/\/influenzespain.com\/wp-content\/uploads\/2023\/10\/2023_SM-288x300.png 288w\" sizes=\"auto, (max-width: 428px) 100vw, 428px\" \/><\/figure>\n\n\n\n<p><strong><em>By: <a href=\"https:\/\/influenzespain.com\/es\/equipo\/\">Sebastian Mariz<\/a>, Owner and Managing Director of Influence Spain<\/em><\/strong>.<\/p>\n\n\n\n<p class=\"has-white-color has-text-color\">.<\/p>\n\n\n\n<p>An unstable coalition of 7 political groups, with only 8 seats more in Parliament than the opposition, continuous pressure for greater autonomy from Catalan and Basque coalition partners, and lengthy, difficult negotiations when passing new legislation and policy, will mark Spain\u00b4s political framework in 2024.&nbsp;&nbsp;<\/p>\n\n\n\n<p>In addition, and leaving Spanish voters with no respite from the multitude of election campaigns and campaign promises they have endured over the past year, <strong>the country\u2019s political agenda will also include regional elections in Galicia on the 18<sup>th<\/sup> of February, European elections on the 6<sup>th<\/sup> of June, regional elections in the Basque Country in July and probably early elections in Catalonia, at the end of the year. <\/strong>The outcome of each of these elections will determine the strength of the Prime Minister\u2019s leadership, the solidity of the Government coalition, and will have an impact on the relations between the coalition partners. The outcome of the Basque and Catalan elections could also curtail the future of the current coalition and force the PM to call new elections, if a poor outcome for his Basque and Catalan coalition partners, leads to their withdrawal, from the current coalition.&nbsp;&nbsp;<\/p>\n\n\n\n<h4 class=\"wp-block-heading\"><span style=\"text-decoration: underline;\">Changes in the Prime Minister&#8217;s Cabinet<\/span><\/h4>\n\n\n\n<p>The start of the new legislature and the formation of the new coalition Government has also come with significant and important changes in the Prime Minister\u2019s Cabinet, notably with the resignation of Ms. Nadia Calvi\u00f1o as Finance Minister and the appointment of her former number three, Mr. Carlos Cuerpo as the new Minister. His appointment foreshadows continuity in the macroeconomic policy, set by Ms. Calvi\u00f1o.\u00a0<\/p>\n\n\n\n<p>The Prime Minister has also promoted his Fiscal Affairs Minister, Ms. Mar\u00eda Jes\u00fas Montero, to 1<sup>st<\/sup> Deputy Prime Minister, and his Chief of Staff, Mr. F\u00e9lix Bola\u00f1os to super Minister covering parliamentary relations and legal affairs, thus confirming these two as the Prime Ministers closest advisers and the most powerful ministers in his Cabinet. Ms. Mar\u00eda Jes\u00fas Montero will now be responsible for setting the agenda of the Council of Ministers held each Tuesday, and Mr. Bola\u00f1os for negotiating all major decisions and policy initiatives with the PM\u2019s coalition partners in Parliament.&nbsp;&nbsp;&nbsp;&nbsp;<\/p>\n\n\n\n<p>Other changes have also taken place amongst the high-ranking officials in some of the other ministries, with the appointment of new secretaries of state, secretary generals and director generals. Changes which could reflect a shift in policy and legislative priorities, in areas such as transport and mobility policy, consumer affairs, digitalization, science, research and innovation, and plastics and waste management. No changes have been made in other areas including the environment and energy, housing, healthcare, tourism or agriculture and foodstuffs.<\/p>\n\n\n\n<p class=\"has-white-color has-text-color\">.<\/p>\n\n\n\n<p class=\"has-text-align-center\"><em>Every month, Influence Spain provides a look at Spanish current affairs.<\/em>&nbsp;<em>For more information, join our social media profiles on&nbsp;<\/em><a href=\"https:\/\/twitter.com\/InFluenceSpain\"><em>Twitter&nbsp;<\/em><\/a><em>and&nbsp;<\/em><a href=\"https:\/\/www.linkedin.com\/company\/influencespain\/?viewAsMember=true\"><em>LinkedIn<\/em><\/a>.<\/p>\n","protected":false},"excerpt":{"rendered":"<p>By: Sebastian Mariz, Managing Director of Influence Spain.<\/p>\n","protected":false},"author":2,"featured_media":2261,"comment_status":"closed","ping_status":"open","sticky":false,"template":"","format":"standard","meta":{"footnotes":""},"categories":[487],"tags":[778,215,282,780,779,62,217,509],"class_list":["post-3228","post","type-post","status-publish","format-standard","has-post-thumbnail","hentry","category-spanish-affairs-es","tag-cataluna-es","tag-congreso-de-los-diputados","tag-elecciones","tag-elecciones-galicia-es","tag-elecciones-pais-vasco-es","tag-partido-popular","tag-pedro-sanchez","tag-prime-minister-es"],"yoast_head":"<!-- This site is optimized with the Yoast SEO plugin v27.4 - https:\/\/yoast.com\/product\/yoast-seo-wordpress\/ -->\n<title>Spanish political scenario: 2024 - Influence Spain | Consultor\u00eda de asuntos p\u00fablicos y lobbying<\/title>\n<meta name=\"description\" content=\"Sebastian Mariz, Managing Director of Influence Spain, writes about next year&#039;s political agenda: regional elections, European elections and changes in the government.\" \/>\n<meta name=\"robots\" content=\"index, follow, max-snippet:-1, max-image-preview:large, max-video-preview:-1\" \/>\n<link rel=\"canonical\" href=\"https:\/\/influenzespain.com\/es\/spanish-political-scenario-2024\/\" \/>\n<meta property=\"og:locale\" content=\"es_ES\" \/>\n<meta property=\"og:type\" content=\"article\" \/>\n<meta property=\"og:title\" content=\"Spanish political scenario: 2024\" \/>\n<meta property=\"og:description\" content=\"Sebastian Mariz, Managing Director of Influence Spain, writes about next year&#039;s political agenda: regional elections, European elections and changes in the government.\" \/>\n<meta property=\"og:url\" content=\"https:\/\/influenzespain.com\/es\/spanish-political-scenario-2024\/\" \/>\n<meta property=\"og:site_name\" content=\"Influence Spain | Consultor\u00eda de asuntos p\u00fablicos y lobbying\" \/>\n<meta property=\"article:published_time\" content=\"2024-01-09T16:01:20+00:00\" \/>\n<meta property=\"article:modified_time\" content=\"2024-01-09T16:17:34+00:00\" \/>\n<meta property=\"og:image\" content=\"https:\/\/influenzespain.com\/wp-content\/uploads\/2023\/02\/SpanishAffairs_2023-1024x768.jpg\" \/>\n<meta name=\"author\" content=\"InFluenze Spain\" \/>\n<meta name=\"twitter:card\" content=\"summary_large_image\" \/>\n<meta name=\"twitter:title\" content=\"Spanish political scenario: 2024\" \/>\n<meta name=\"twitter:description\" content=\"Sebastian Mariz, Managing Director of Influence Spain, writes about next year&#039;s political agenda: regional elections, European elections and changes in the government.\" \/>\n<meta name=\"twitter:image\" content=\"https:\/\/influenzespain.com\/wp-content\/uploads\/2023\/02\/SpanishAffairs_2023-1024x768.jpg\" \/>\n<meta name=\"twitter:creator\" content=\"@InFluenceSpain\" \/>\n<meta name=\"twitter:site\" content=\"@InFluenceSpain\" \/>\n<meta name=\"twitter:label1\" content=\"Escrito por\" \/>\n\t<meta name=\"twitter:data1\" content=\"InFluenze Spain\" \/>\n\t<meta name=\"twitter:label2\" content=\"Tiempo de lectura\" \/>\n\t<meta name=\"twitter:data2\" content=\"3 minutos\" \/>\n<script type=\"application\/ld+json\" class=\"yoast-schema-graph\">{\"@context\":\"https:\\\/\\\/schema.org\",\"@graph\":[{\"@type\":\"Article\",\"@id\":\"https:\\\/\\\/influenzespain.com\\\/es\\\/spanish-political-scenario-2024\\\/#article\",\"isPartOf\":{\"@id\":\"https:\\\/\\\/influenzespain.com\\\/es\\\/spanish-political-scenario-2024\\\/\"},\"author\":{\"name\":\"InFluenze Spain\",\"@id\":\"https:\\\/\\\/influenzespain.com\\\/#\\\/schema\\\/person\\\/db6f35f53d1c4f87e1118e7aa76dcc1d\"},\"headline\":\"Spanish political scenario: 2024\",\"datePublished\":\"2024-01-09T16:01:20+00:00\",\"dateModified\":\"2024-01-09T16:17:34+00:00\",\"mainEntityOfPage\":{\"@id\":\"https:\\\/\\\/influenzespain.com\\\/es\\\/spanish-political-scenario-2024\\\/\"},\"wordCount\":494,\"publisher\":{\"@id\":\"https:\\\/\\\/influenzespain.com\\\/#organization\"},\"image\":{\"@id\":\"https:\\\/\\\/influenzespain.com\\\/es\\\/spanish-political-scenario-2024\\\/#primaryimage\"},\"thumbnailUrl\":\"https:\\\/\\\/influenzespain.com\\\/wp-content\\\/uploads\\\/2023\\\/02\\\/SpanishAffairs_2023.jpg\",\"keywords\":[\"Catalu\u00f1a\",\"Congreso de los Diputados\",\"Elecciones\",\"Elecciones Galicia\",\"Elecciones Pa\u00eds Vasco\",\"Partido Popular\",\"Pedro S\u00e1nchez\",\"Prime Minister\"],\"articleSection\":[\"Spanish Affairs (ES)\"],\"inLanguage\":\"es\"},{\"@type\":\"WebPage\",\"@id\":\"https:\\\/\\\/influenzespain.com\\\/es\\\/spanish-political-scenario-2024\\\/\",\"url\":\"https:\\\/\\\/influenzespain.com\\\/es\\\/spanish-political-scenario-2024\\\/\",\"name\":\"Spanish political scenario: 2024 - Influence Spain | Consultor\u00eda de asuntos p\u00fablicos y lobbying\",\"isPartOf\":{\"@id\":\"https:\\\/\\\/influenzespain.com\\\/#website\"},\"primaryImageOfPage\":{\"@id\":\"https:\\\/\\\/influenzespain.com\\\/es\\\/spanish-political-scenario-2024\\\/#primaryimage\"},\"image\":{\"@id\":\"https:\\\/\\\/influenzespain.com\\\/es\\\/spanish-political-scenario-2024\\\/#primaryimage\"},\"thumbnailUrl\":\"https:\\\/\\\/influenzespain.com\\\/wp-content\\\/uploads\\\/2023\\\/02\\\/SpanishAffairs_2023.jpg\",\"datePublished\":\"2024-01-09T16:01:20+00:00\",\"dateModified\":\"2024-01-09T16:17:34+00:00\",\"description\":\"Sebastian Mariz, Managing Director of Influence Spain, writes about next year's political agenda: regional elections, European elections and changes in the government.\",\"breadcrumb\":{\"@id\":\"https:\\\/\\\/influenzespain.com\\\/es\\\/spanish-political-scenario-2024\\\/#breadcrumb\"},\"inLanguage\":\"es\",\"potentialAction\":[{\"@type\":\"ReadAction\",\"target\":[\"https:\\\/\\\/influenzespain.com\\\/es\\\/spanish-political-scenario-2024\\\/\"]}]},{\"@type\":\"ImageObject\",\"inLanguage\":\"es\",\"@id\":\"https:\\\/\\\/influenzespain.com\\\/es\\\/spanish-political-scenario-2024\\\/#primaryimage\",\"url\":\"https:\\\/\\\/influenzespain.com\\\/wp-content\\\/uploads\\\/2023\\\/02\\\/SpanishAffairs_2023.jpg\",\"contentUrl\":\"https:\\\/\\\/influenzespain.com\\\/wp-content\\\/uploads\\\/2023\\\/02\\\/SpanishAffairs_2023.jpg\",\"width\":1200,\"height\":900,\"caption\":\"Spanish Parliament\"},{\"@type\":\"BreadcrumbList\",\"@id\":\"https:\\\/\\\/influenzespain.com\\\/es\\\/spanish-political-scenario-2024\\\/#breadcrumb\",\"itemListElement\":[{\"@type\":\"ListItem\",\"position\":1,\"name\":\"Portada\",\"item\":\"https:\\\/\\\/influenzespain.com\\\/\"},{\"@type\":\"ListItem\",\"position\":2,\"name\":\"Spanish political scenario: 2024\"}]},{\"@type\":\"WebSite\",\"@id\":\"https:\\\/\\\/influenzespain.com\\\/#website\",\"url\":\"https:\\\/\\\/influenzespain.com\\\/\",\"name\":\"Influence Spain | Consultor\u00eda de asuntos p\u00fablicos y lobbying\",\"description\":\"La consultor\u00eda de Asuntos P\u00fablicos y Lobbying pionera de Espa\u00f1a\",\"publisher\":{\"@id\":\"https:\\\/\\\/influenzespain.com\\\/#organization\"},\"potentialAction\":[{\"@type\":\"SearchAction\",\"target\":{\"@type\":\"EntryPoint\",\"urlTemplate\":\"https:\\\/\\\/influenzespain.com\\\/?s={search_term_string}\"},\"query-input\":{\"@type\":\"PropertyValueSpecification\",\"valueRequired\":true,\"valueName\":\"search_term_string\"}}],\"inLanguage\":\"es\"},{\"@type\":\"Organization\",\"@id\":\"https:\\\/\\\/influenzespain.com\\\/#organization\",\"name\":\"InFluenceSpain\",\"url\":\"https:\\\/\\\/influenzespain.com\\\/\",\"logo\":{\"@type\":\"ImageObject\",\"inLanguage\":\"es\",\"@id\":\"https:\\\/\\\/influenzespain.com\\\/#\\\/schema\\\/logo\\\/image\\\/\",\"url\":\"https:\\\/\\\/influenzespain.com\\\/wp-content\\\/uploads\\\/2020\\\/12\\\/logo-influence-spain-lobby-consultoria-asuntos-publicos-275.jpg\",\"contentUrl\":\"https:\\\/\\\/influenzespain.com\\\/wp-content\\\/uploads\\\/2020\\\/12\\\/logo-influence-spain-lobby-consultoria-asuntos-publicos-275.jpg\",\"width\":275,\"height\":65,\"caption\":\"InFluenceSpain\"},\"image\":{\"@id\":\"https:\\\/\\\/influenzespain.com\\\/#\\\/schema\\\/logo\\\/image\\\/\"},\"sameAs\":[\"https:\\\/\\\/x.com\\\/InFluenceSpain\",\"https:\\\/\\\/www.linkedin.com\\\/company\\\/influencespain\\\/\"]},{\"@type\":\"Person\",\"@id\":\"https:\\\/\\\/influenzespain.com\\\/#\\\/schema\\\/person\\\/db6f35f53d1c4f87e1118e7aa76dcc1d\",\"name\":\"InFluenze Spain\",\"image\":{\"@type\":\"ImageObject\",\"inLanguage\":\"es\",\"@id\":\"https:\\\/\\\/secure.gravatar.com\\\/avatar\\\/e3437bffd9df1ea898c2fce9ad5070358be5f16f1bb22c8e00e1cc0d9d9d1f59?s=96&d=mm&r=g\",\"url\":\"https:\\\/\\\/secure.gravatar.com\\\/avatar\\\/e3437bffd9df1ea898c2fce9ad5070358be5f16f1bb22c8e00e1cc0d9d9d1f59?s=96&d=mm&r=g\",\"contentUrl\":\"https:\\\/\\\/secure.gravatar.com\\\/avatar\\\/e3437bffd9df1ea898c2fce9ad5070358be5f16f1bb22c8e00e1cc0d9d9d1f59?s=96&d=mm&r=g\",\"caption\":\"InFluenze Spain\"},\"sameAs\":[\"https:\\\/\\\/influenzespain.com\"],\"url\":\"https:\\\/\\\/influenzespain.com\\\/es\\\/author\\\/admin_influence\\\/\"}]}<\/script>\n<!-- \/ Yoast SEO plugin. -->","yoast_head_json":{"title":"Spanish political scenario: 2024 - Influence Spain | Consultor\u00eda de asuntos p\u00fablicos y lobbying","description":"Sebastian Mariz, Managing Director of Influence Spain, writes about next year's political agenda: regional elections, European elections and changes in the government.","robots":{"index":"index","follow":"follow","max-snippet":"max-snippet:-1","max-image-preview":"max-image-preview:large","max-video-preview":"max-video-preview:-1"},"canonical":"https:\/\/influenzespain.com\/es\/spanish-political-scenario-2024\/","og_locale":"es_ES","og_type":"article","og_title":"Spanish political scenario: 2024","og_description":"Sebastian Mariz, Managing Director of Influence Spain, writes about next year's political agenda: regional elections, European elections and changes in the government.","og_url":"https:\/\/influenzespain.com\/es\/spanish-political-scenario-2024\/","og_site_name":"Influence Spain | Consultor\u00eda de asuntos p\u00fablicos y lobbying","article_published_time":"2024-01-09T16:01:20+00:00","article_modified_time":"2024-01-09T16:17:34+00:00","og_image":[{"url":"https:\/\/influenzespain.com\/wp-content\/uploads\/2023\/02\/SpanishAffairs_2023-1024x768.jpg","type":"","width":"","height":""}],"author":"InFluenze Spain","twitter_card":"summary_large_image","twitter_title":"Spanish political scenario: 2024","twitter_description":"Sebastian Mariz, Managing Director of Influence Spain, writes about next year's political agenda: regional elections, European elections and changes in the government.","twitter_image":"https:\/\/influenzespain.com\/wp-content\/uploads\/2023\/02\/SpanishAffairs_2023-1024x768.jpg","twitter_creator":"@InFluenceSpain","twitter_site":"@InFluenceSpain","twitter_misc":{"Escrito por":"InFluenze Spain","Tiempo de lectura":"3 minutos"},"schema":{"@context":"https:\/\/schema.org","@graph":[{"@type":"Article","@id":"https:\/\/influenzespain.com\/es\/spanish-political-scenario-2024\/#article","isPartOf":{"@id":"https:\/\/influenzespain.com\/es\/spanish-political-scenario-2024\/"},"author":{"name":"InFluenze Spain","@id":"https:\/\/influenzespain.com\/#\/schema\/person\/db6f35f53d1c4f87e1118e7aa76dcc1d"},"headline":"Spanish political scenario: 2024","datePublished":"2024-01-09T16:01:20+00:00","dateModified":"2024-01-09T16:17:34+00:00","mainEntityOfPage":{"@id":"https:\/\/influenzespain.com\/es\/spanish-political-scenario-2024\/"},"wordCount":494,"publisher":{"@id":"https:\/\/influenzespain.com\/#organization"},"image":{"@id":"https:\/\/influenzespain.com\/es\/spanish-political-scenario-2024\/#primaryimage"},"thumbnailUrl":"https:\/\/influenzespain.com\/wp-content\/uploads\/2023\/02\/SpanishAffairs_2023.jpg","keywords":["Catalu\u00f1a","Congreso de los Diputados","Elecciones","Elecciones Galicia","Elecciones Pa\u00eds Vasco","Partido Popular","Pedro S\u00e1nchez","Prime Minister"],"articleSection":["Spanish Affairs (ES)"],"inLanguage":"es"},{"@type":"WebPage","@id":"https:\/\/influenzespain.com\/es\/spanish-political-scenario-2024\/","url":"https:\/\/influenzespain.com\/es\/spanish-political-scenario-2024\/","name":"Spanish political scenario: 2024 - Influence Spain | Consultor\u00eda de asuntos p\u00fablicos y lobbying","isPartOf":{"@id":"https:\/\/influenzespain.com\/#website"},"primaryImageOfPage":{"@id":"https:\/\/influenzespain.com\/es\/spanish-political-scenario-2024\/#primaryimage"},"image":{"@id":"https:\/\/influenzespain.com\/es\/spanish-political-scenario-2024\/#primaryimage"},"thumbnailUrl":"https:\/\/influenzespain.com\/wp-content\/uploads\/2023\/02\/SpanishAffairs_2023.jpg","datePublished":"2024-01-09T16:01:20+00:00","dateModified":"2024-01-09T16:17:34+00:00","description":"Sebastian Mariz, Managing Director of Influence Spain, writes about next year's political agenda: regional elections, European elections and changes in the government.","breadcrumb":{"@id":"https:\/\/influenzespain.com\/es\/spanish-political-scenario-2024\/#breadcrumb"},"inLanguage":"es","potentialAction":[{"@type":"ReadAction","target":["https:\/\/influenzespain.com\/es\/spanish-political-scenario-2024\/"]}]},{"@type":"ImageObject","inLanguage":"es","@id":"https:\/\/influenzespain.com\/es\/spanish-political-scenario-2024\/#primaryimage","url":"https:\/\/influenzespain.com\/wp-content\/uploads\/2023\/02\/SpanishAffairs_2023.jpg","contentUrl":"https:\/\/influenzespain.com\/wp-content\/uploads\/2023\/02\/SpanishAffairs_2023.jpg","width":1200,"height":900,"caption":"Spanish Parliament"},{"@type":"BreadcrumbList","@id":"https:\/\/influenzespain.com\/es\/spanish-political-scenario-2024\/#breadcrumb","itemListElement":[{"@type":"ListItem","position":1,"name":"Portada","item":"https:\/\/influenzespain.com\/"},{"@type":"ListItem","position":2,"name":"Spanish political scenario: 2024"}]},{"@type":"WebSite","@id":"https:\/\/influenzespain.com\/#website","url":"https:\/\/influenzespain.com\/","name":"Influence Spain | Consultor\u00eda de asuntos p\u00fablicos y lobbying","description":"La consultor\u00eda de Asuntos P\u00fablicos y Lobbying pionera de Espa\u00f1a","publisher":{"@id":"https:\/\/influenzespain.com\/#organization"},"potentialAction":[{"@type":"SearchAction","target":{"@type":"EntryPoint","urlTemplate":"https:\/\/influenzespain.com\/?s={search_term_string}"},"query-input":{"@type":"PropertyValueSpecification","valueRequired":true,"valueName":"search_term_string"}}],"inLanguage":"es"},{"@type":"Organization","@id":"https:\/\/influenzespain.com\/#organization","name":"InFluenceSpain","url":"https:\/\/influenzespain.com\/","logo":{"@type":"ImageObject","inLanguage":"es","@id":"https:\/\/influenzespain.com\/#\/schema\/logo\/image\/","url":"https:\/\/influenzespain.com\/wp-content\/uploads\/2020\/12\/logo-influence-spain-lobby-consultoria-asuntos-publicos-275.jpg","contentUrl":"https:\/\/influenzespain.com\/wp-content\/uploads\/2020\/12\/logo-influence-spain-lobby-consultoria-asuntos-publicos-275.jpg","width":275,"height":65,"caption":"InFluenceSpain"},"image":{"@id":"https:\/\/influenzespain.com\/#\/schema\/logo\/image\/"},"sameAs":["https:\/\/x.com\/InFluenceSpain","https:\/\/www.linkedin.com\/company\/influencespain\/"]},{"@type":"Person","@id":"https:\/\/influenzespain.com\/#\/schema\/person\/db6f35f53d1c4f87e1118e7aa76dcc1d","name":"InFluenze Spain","image":{"@type":"ImageObject","inLanguage":"es","@id":"https:\/\/secure.gravatar.com\/avatar\/e3437bffd9df1ea898c2fce9ad5070358be5f16f1bb22c8e00e1cc0d9d9d1f59?s=96&d=mm&r=g","url":"https:\/\/secure.gravatar.com\/avatar\/e3437bffd9df1ea898c2fce9ad5070358be5f16f1bb22c8e00e1cc0d9d9d1f59?s=96&d=mm&r=g","contentUrl":"https:\/\/secure.gravatar.com\/avatar\/e3437bffd9df1ea898c2fce9ad5070358be5f16f1bb22c8e00e1cc0d9d9d1f59?s=96&d=mm&r=g","caption":"InFluenze Spain"},"sameAs":["https:\/\/influenzespain.com"],"url":"https:\/\/influenzespain.com\/es\/author\/admin_influence\/"}]}},"_links":{"self":[{"href":"https:\/\/influenzespain.com\/es\/wp-json\/wp\/v2\/posts\/3228","targetHints":{"allow":["GET"]}}],"collection":[{"href":"https:\/\/influenzespain.com\/es\/wp-json\/wp\/v2\/posts"}],"about":[{"href":"https:\/\/influenzespain.com\/es\/wp-json\/wp\/v2\/types\/post"}],"author":[{"embeddable":true,"href":"https:\/\/influenzespain.com\/es\/wp-json\/wp\/v2\/users\/2"}],"replies":[{"embeddable":true,"href":"https:\/\/influenzespain.com\/es\/wp-json\/wp\/v2\/comments?post=3228"}],"version-history":[{"count":3,"href":"https:\/\/influenzespain.com\/es\/wp-json\/wp\/v2\/posts\/3228\/revisions"}],"predecessor-version":[{"id":3233,"href":"https:\/\/influenzespain.com\/es\/wp-json\/wp\/v2\/posts\/3228\/revisions\/3233"}],"wp:featuredmedia":[{"embeddable":true,"href":"https:\/\/influenzespain.com\/es\/wp-json\/wp\/v2\/media\/2261"}],"wp:attachment":[{"href":"https:\/\/influenzespain.com\/es\/wp-json\/wp\/v2\/media?parent=3228"}],"wp:term":[{"taxonomy":"category","embeddable":true,"href":"https:\/\/influenzespain.com\/es\/wp-json\/wp\/v2\/categories?post=3228"},{"taxonomy":"post_tag","embeddable":true,"href":"https:\/\/influenzespain.com\/es\/wp-json\/wp\/v2\/tags?post=3228"}],"curies":[{"name":"wp","href":"https:\/\/api.w.org\/{rel}","templated":true}]}}