{"id":3396,"date":"2024-08-08T09:33:42","date_gmt":"2024-08-08T09:33:42","guid":{"rendered":"https:\/\/influencespain.com\/european-elections-what-do-the-results-mean-for-spanish-politics\/"},"modified":"2024-08-08T09:33:53","modified_gmt":"2024-08-08T09:33:53","slug":"european-elections-what-do-the-results-mean-for-spanish-politics","status":"publish","type":"post","link":"https:\/\/influenzespain.com\/es\/european-elections-what-do-the-results-mean-for-spanish-politics\/","title":{"rendered":"European elections: what do the results mean for Spanish politics"},"content":{"rendered":"\n<figure class=\"wp-block-image size-full is-resized\"><img loading=\"lazy\" decoding=\"async\" width=\"428\" height=\"446\" src=\"https:\/\/influenzespain.com\/wp-content\/uploads\/2023\/10\/2023_SM.png\" alt=\"\" class=\"wp-image-3146\" style=\"width:161px;height:172px\" srcset=\"https:\/\/influenzespain.com\/wp-content\/uploads\/2023\/10\/2023_SM.png 428w, https:\/\/influenzespain.com\/wp-content\/uploads\/2023\/10\/2023_SM-288x300.png 288w\" sizes=\"auto, (max-width: 428px) 100vw, 428px\" \/><\/figure>\n\n<p><strong><em>By: <a href=\"https:\/\/influenzespain.com\/es\/equipo\/\">Sebastian Mariz<\/a>, Owner and Managing Director of Influence Spain<\/em><\/strong>.<\/p>\n\n<p class=\"has-white-color has-text-color\">.<\/p>\n\n<p>European voters took a sharp right turn in yesterday\u2019s European elections to the European Parliament. 17 million Spanish voters, 49.2% turned out, and gave the Popular Party Group of Alberto Feij\u00f3o a total of 22 seats in Parliament, 9 more than in 2019, and 20 to the Socialist Party Group of Prime Minister Pedro S\u00e1nchez, 1 less than in 2019.\u00a0<\/p>\n\n<p>Undoubtedly, political analysts from across the continent will be burning the midnight oil in the weeks to come, in an attempt to understand and explain why Europeans have turned away, so abruptly, from policies and politics centered on the green agenda, regulations, higher taxes and inclusivity. Let\u00b4s look at what the results mean for Spain, and more importantly to its fragile, socialist coalition, led by Pedro S\u00e1nchez.<\/p>\n\n<p>If one were to listen to the front runner for the Socialist Party Group, Teresa Ribera, the results mean nothing less than a strong wind in favour of Pedro S\u00e1nchez and his coalition, with voters clearly asking for more market intervention, higher taxes, more subsidies, more green agenda, and more inclusivity and equal rights.\u00a0<\/p>\n\n<p>However, the truth is that only half of the voters, 8.5 million to be exact, voted in favour of the coalition and its policy agenda, and the other half voted against. The typical division of \u201cLas dos Espa\u00f1as\u201d, as one might hear on the street. Looking more closely at the numbers, certain things stick out. First of all, only half of the 34 million registered voters actually bothered to vote. I suspect that many of those who didn\u2019t, are disgruntled, traditional, left-wing voters. There is clearly something they either do not like in the coalition\u2019s way of doing things, or there is something in their policy that does not resonate well with them. There was also a significant number of agnostic and\/or uninterested or disenfranchised voters, who neither care, nor believe in either the current left or the right.\u00a0 We are talking huge numbers here.\u00a0\u00a0 Enough to make significant changes in election results if they came out \u201cen masse\u201d in a general election, or even if only half of them, 4.25 million came out to vote.<\/p>\n\n<p>But let\u2019s look again at the 17 million who did turn out to vote, on a Sunday, late spring. The far-right VOX, with 1.6 million votes, got twice as many as the junior partner in the coalition, SUMAR, led by Yolanda Diaz, and 15% more than SUMAR and Podemos (former junior partner in the coalition) put together.\u00a0 Even the rookie and completely unknown, \u201cSe Acab\u00f3 La Fiesta\u00a0 &#8211; SALF\u201d party of Alvise P\u00e9rez, got almost as many votes as SUMAR and almost double those of Podemos. For some, SALF makes Vox look like a baby lamb. That kind of says it all. At best, Podemos has managed to secure a retirement plan for the party leader, Irene Montero, and SUMAR, probably one for Yolanda D\u00edaz, in the mid-term.<\/p>\n\n<p>S\u00e1nchez\u2019 splintering of radical and pro-independence political groups from the regions, ERC (Catalonia), Bildu (Basque Country) and BNG (Galicia), have barely done any better, only managing to secure one seat in Parliament for each of the three components of the platform they were running on and none for the fourth member, the European Left. What of the rebel with a cause, Puigdemont, leader of the right-wing pro-independence Junts political group? He took a serious blow and only managed to secure one seat in Parliament, one less than the two he won in 2019, and also probably his retirement plan when he hits the end of the road of politics in Spain (and in Catalonia) which will likely be sooner rather than later.\u00a0\u00a0\u00a0<\/p>\n\n<p>So, does this mean an early general election or the end of the S\u00e1nchez coalition? Unlikely. Those things will only be determined in the negotiations on the national budget law, which will unofficially start, on the beach, in August, and officially in September, when the draft law is presented to the Parliament by the Government.\u00a0\u00a0<\/p>\n\n<p>In the meantime, the results mean more of the same, and probably even more green policy, more taxes and more inclusivity in Spain, at least until the new European Commission is appointed this autumn.\u00a0<\/p>\n\n<p>With a clearly right-wing conservative European Parliament, this new European Commission will be more austere, more business friendly and less green happy. Exactly the opposite of what S\u00e1nchez will want to continue to be, despite a dwindling European budget and an end to fiscal and budgetary freedom. This allows him to blame the right, free markets and fiscal austerity when he is no longer able to finance his expansive budget spending spree, and is forced by his coalition partners, to call general elections.\u00a0\u00a0<\/p>\n\n<p class=\"has-white-color has-text-color\">.<\/p>\n\n<p class=\"has-text-align-center\"><em>Every month, Influence Spain provides a look at Spanish current affairs.<\/em>\u00a0<em>For more information, join our social media profiles on\u00a0<\/em><a href=\"https:\/\/twitter.com\/InFluenceSpain\"><em>Twitter\u00a0<\/em><\/a><em>and\u00a0<\/em><a href=\"https:\/\/www.linkedin.com\/company\/influencespain\/?viewAsMember=true\"><em>LinkedIn<\/em><\/a>.<\/p>\n","protected":false},"excerpt":{"rendered":"<p>By: Sebastian Mariz, Owner and Managing Director of Influence Spain.<\/p>\n","protected":false},"author":2,"featured_media":3374,"comment_status":"closed","ping_status":"open","sticky":false,"template":"","format":"standard","meta":{"footnotes":""},"categories":[487],"tags":[282,818,293,817,62,256,509,819],"class_list":["post-3396","post","type-post","status-publish","format-standard","has-post-thumbnail","hentry","category-spanish-affairs-es","tag-elecciones","tag-epp-es","tag-europa","tag-european-elections-es","tag-partido-popular","tag-partido-socialista","tag-prime-minister-es","tag-sd-es"],"yoast_head":"<!-- This site is optimized with the Yoast SEO plugin v27.4 - https:\/\/yoast.com\/product\/yoast-seo-wordpress\/ -->\n<title>European elections: what do the results mean for Spanish politics - Influence Spain | Consultor\u00eda de asuntos p\u00fablicos y lobbying<\/title>\n<meta name=\"description\" content=\"The Managing Director of InFluence Spain, Sebastian Mariz, evaluates the results of the European elections and their impact on Spain.\" \/>\n<meta name=\"robots\" content=\"index, follow, max-snippet:-1, max-image-preview:large, max-video-preview:-1\" \/>\n<link rel=\"canonical\" href=\"https:\/\/influenzespain.com\/es\/european-elections-what-do-the-results-mean-for-spanish-politics\/\" \/>\n<meta property=\"og:locale\" content=\"es_ES\" \/>\n<meta property=\"og:type\" content=\"article\" \/>\n<meta property=\"og:title\" content=\"European elections: what do the results mean for Spanish politics\" \/>\n<meta property=\"og:description\" content=\"The Managing Director of InFluence Spain, Sebastian Mariz, evaluates the results of the European elections and their impact on Spain.\" \/>\n<meta property=\"og:url\" content=\"https:\/\/influenzespain.com\/es\/european-elections-what-do-the-results-mean-for-spanish-politics\/\" \/>\n<meta property=\"og:site_name\" content=\"Influence Spain | Consultor\u00eda de asuntos p\u00fablicos y lobbying\" \/>\n<meta property=\"article:published_time\" content=\"2024-08-08T09:33:42+00:00\" \/>\n<meta property=\"article:modified_time\" content=\"2024-08-08T09:33:53+00:00\" \/>\n<meta property=\"og:image\" content=\"https:\/\/influenzespain.com\/wp-content\/uploads\/2024\/06\/frederic-koberl-x_0hW-KaCgI-unsplash-1-1024x682.jpg\" \/>\n<meta name=\"author\" content=\"InFluenze Spain\" \/>\n<meta name=\"twitter:card\" content=\"summary_large_image\" \/>\n<meta name=\"twitter:title\" content=\"European elections: what do the results mean for Spanish politics\" \/>\n<meta name=\"twitter:description\" content=\"The Managing Director of InFluence Spain, Sebastian Mariz, evaluates the results of the European elections and their impact on Spain.\" \/>\n<meta name=\"twitter:creator\" content=\"@InFluenceSpain\" \/>\n<meta name=\"twitter:site\" content=\"@InFluenceSpain\" \/>\n<meta name=\"twitter:label1\" content=\"Escrito por\" \/>\n\t<meta name=\"twitter:data1\" content=\"InFluenze Spain\" \/>\n\t<meta name=\"twitter:label2\" content=\"Tiempo de lectura\" \/>\n\t<meta name=\"twitter:data2\" content=\"4 minutos\" \/>\n<script type=\"application\/ld+json\" class=\"yoast-schema-graph\">{\"@context\":\"https:\\\/\\\/schema.org\",\"@graph\":[{\"@type\":\"Article\",\"@id\":\"https:\\\/\\\/influenzespain.com\\\/es\\\/european-elections-what-do-the-results-mean-for-spanish-politics\\\/#article\",\"isPartOf\":{\"@id\":\"https:\\\/\\\/influenzespain.com\\\/es\\\/european-elections-what-do-the-results-mean-for-spanish-politics\\\/\"},\"author\":{\"name\":\"InFluenze Spain\",\"@id\":\"https:\\\/\\\/influenzespain.com\\\/#\\\/schema\\\/person\\\/db6f35f53d1c4f87e1118e7aa76dcc1d\"},\"headline\":\"European elections: what do the results mean for Spanish politics\",\"datePublished\":\"2024-08-08T09:33:42+00:00\",\"dateModified\":\"2024-08-08T09:33:53+00:00\",\"mainEntityOfPage\":{\"@id\":\"https:\\\/\\\/influenzespain.com\\\/es\\\/european-elections-what-do-the-results-mean-for-spanish-politics\\\/\"},\"wordCount\":823,\"publisher\":{\"@id\":\"https:\\\/\\\/influenzespain.com\\\/#organization\"},\"image\":{\"@id\":\"https:\\\/\\\/influenzespain.com\\\/es\\\/european-elections-what-do-the-results-mean-for-spanish-politics\\\/#primaryimage\"},\"thumbnailUrl\":\"https:\\\/\\\/influenzespain.com\\\/wp-content\\\/uploads\\\/2024\\\/06\\\/frederic-koberl-x_0hW-KaCgI-unsplash-1.jpg\",\"keywords\":[\"Elecciones\",\"EPP\",\"Europa\",\"European elections\",\"Partido Popular\",\"Partido Socialista\",\"Prime Minister\",\"S&amp;D\"],\"articleSection\":[\"Spanish Affairs (ES)\"],\"inLanguage\":\"es\"},{\"@type\":\"WebPage\",\"@id\":\"https:\\\/\\\/influenzespain.com\\\/es\\\/european-elections-what-do-the-results-mean-for-spanish-politics\\\/\",\"url\":\"https:\\\/\\\/influenzespain.com\\\/es\\\/european-elections-what-do-the-results-mean-for-spanish-politics\\\/\",\"name\":\"European elections: what do the results mean for Spanish politics - Influence Spain | Consultor\u00eda de asuntos p\u00fablicos y lobbying\",\"isPartOf\":{\"@id\":\"https:\\\/\\\/influenzespain.com\\\/#website\"},\"primaryImageOfPage\":{\"@id\":\"https:\\\/\\\/influenzespain.com\\\/es\\\/european-elections-what-do-the-results-mean-for-spanish-politics\\\/#primaryimage\"},\"image\":{\"@id\":\"https:\\\/\\\/influenzespain.com\\\/es\\\/european-elections-what-do-the-results-mean-for-spanish-politics\\\/#primaryimage\"},\"thumbnailUrl\":\"https:\\\/\\\/influenzespain.com\\\/wp-content\\\/uploads\\\/2024\\\/06\\\/frederic-koberl-x_0hW-KaCgI-unsplash-1.jpg\",\"datePublished\":\"2024-08-08T09:33:42+00:00\",\"dateModified\":\"2024-08-08T09:33:53+00:00\",\"description\":\"The Managing Director of InFluence Spain, Sebastian Mariz, evaluates the results of the European elections and their impact on Spain.\",\"breadcrumb\":{\"@id\":\"https:\\\/\\\/influenzespain.com\\\/es\\\/european-elections-what-do-the-results-mean-for-spanish-politics\\\/#breadcrumb\"},\"inLanguage\":\"es\",\"potentialAction\":[{\"@type\":\"ReadAction\",\"target\":[\"https:\\\/\\\/influenzespain.com\\\/es\\\/european-elections-what-do-the-results-mean-for-spanish-politics\\\/\"]}]},{\"@type\":\"ImageObject\",\"inLanguage\":\"es\",\"@id\":\"https:\\\/\\\/influenzespain.com\\\/es\\\/european-elections-what-do-the-results-mean-for-spanish-politics\\\/#primaryimage\",\"url\":\"https:\\\/\\\/influenzespain.com\\\/wp-content\\\/uploads\\\/2024\\\/06\\\/frederic-koberl-x_0hW-KaCgI-unsplash-1.jpg\",\"contentUrl\":\"https:\\\/\\\/influenzespain.com\\\/wp-content\\\/uploads\\\/2024\\\/06\\\/frederic-koberl-x_0hW-KaCgI-unsplash-1.jpg\",\"width\":1920,\"height\":1278,\"caption\":\"European Parliament\"},{\"@type\":\"BreadcrumbList\",\"@id\":\"https:\\\/\\\/influenzespain.com\\\/es\\\/european-elections-what-do-the-results-mean-for-spanish-politics\\\/#breadcrumb\",\"itemListElement\":[{\"@type\":\"ListItem\",\"position\":1,\"name\":\"Portada\",\"item\":\"https:\\\/\\\/influenzespain.com\\\/\"},{\"@type\":\"ListItem\",\"position\":2,\"name\":\"European elections: what do the results mean for Spanish politics\"}]},{\"@type\":\"WebSite\",\"@id\":\"https:\\\/\\\/influenzespain.com\\\/#website\",\"url\":\"https:\\\/\\\/influenzespain.com\\\/\",\"name\":\"Influence Spain | Consultor\u00eda de asuntos p\u00fablicos y lobbying\",\"description\":\"La consultor\u00eda de Asuntos P\u00fablicos y Lobbying pionera de Espa\u00f1a\",\"publisher\":{\"@id\":\"https:\\\/\\\/influenzespain.com\\\/#organization\"},\"potentialAction\":[{\"@type\":\"SearchAction\",\"target\":{\"@type\":\"EntryPoint\",\"urlTemplate\":\"https:\\\/\\\/influenzespain.com\\\/?s={search_term_string}\"},\"query-input\":{\"@type\":\"PropertyValueSpecification\",\"valueRequired\":true,\"valueName\":\"search_term_string\"}}],\"inLanguage\":\"es\"},{\"@type\":\"Organization\",\"@id\":\"https:\\\/\\\/influenzespain.com\\\/#organization\",\"name\":\"InFluenceSpain\",\"url\":\"https:\\\/\\\/influenzespain.com\\\/\",\"logo\":{\"@type\":\"ImageObject\",\"inLanguage\":\"es\",\"@id\":\"https:\\\/\\\/influenzespain.com\\\/#\\\/schema\\\/logo\\\/image\\\/\",\"url\":\"https:\\\/\\\/influenzespain.com\\\/wp-content\\\/uploads\\\/2020\\\/12\\\/logo-influence-spain-lobby-consultoria-asuntos-publicos-275.jpg\",\"contentUrl\":\"https:\\\/\\\/influenzespain.com\\\/wp-content\\\/uploads\\\/2020\\\/12\\\/logo-influence-spain-lobby-consultoria-asuntos-publicos-275.jpg\",\"width\":275,\"height\":65,\"caption\":\"InFluenceSpain\"},\"image\":{\"@id\":\"https:\\\/\\\/influenzespain.com\\\/#\\\/schema\\\/logo\\\/image\\\/\"},\"sameAs\":[\"https:\\\/\\\/x.com\\\/InFluenceSpain\",\"https:\\\/\\\/www.linkedin.com\\\/company\\\/influencespain\\\/\"]},{\"@type\":\"Person\",\"@id\":\"https:\\\/\\\/influenzespain.com\\\/#\\\/schema\\\/person\\\/db6f35f53d1c4f87e1118e7aa76dcc1d\",\"name\":\"InFluenze Spain\",\"image\":{\"@type\":\"ImageObject\",\"inLanguage\":\"es\",\"@id\":\"https:\\\/\\\/secure.gravatar.com\\\/avatar\\\/e3437bffd9df1ea898c2fce9ad5070358be5f16f1bb22c8e00e1cc0d9d9d1f59?s=96&d=mm&r=g\",\"url\":\"https:\\\/\\\/secure.gravatar.com\\\/avatar\\\/e3437bffd9df1ea898c2fce9ad5070358be5f16f1bb22c8e00e1cc0d9d9d1f59?s=96&d=mm&r=g\",\"contentUrl\":\"https:\\\/\\\/secure.gravatar.com\\\/avatar\\\/e3437bffd9df1ea898c2fce9ad5070358be5f16f1bb22c8e00e1cc0d9d9d1f59?s=96&d=mm&r=g\",\"caption\":\"InFluenze Spain\"},\"sameAs\":[\"https:\\\/\\\/influenzespain.com\"],\"url\":\"https:\\\/\\\/influenzespain.com\\\/es\\\/author\\\/admin_influence\\\/\"}]}<\/script>\n<!-- \/ Yoast SEO plugin. -->","yoast_head_json":{"title":"European elections: what do the results mean for Spanish politics - Influence Spain | Consultor\u00eda de asuntos p\u00fablicos y lobbying","description":"The Managing Director of InFluence Spain, Sebastian Mariz, evaluates the results of the European elections and their impact on Spain.","robots":{"index":"index","follow":"follow","max-snippet":"max-snippet:-1","max-image-preview":"max-image-preview:large","max-video-preview":"max-video-preview:-1"},"canonical":"https:\/\/influenzespain.com\/es\/european-elections-what-do-the-results-mean-for-spanish-politics\/","og_locale":"es_ES","og_type":"article","og_title":"European elections: what do the results mean for Spanish politics","og_description":"The Managing Director of InFluence Spain, Sebastian Mariz, evaluates the results of the European elections and their impact on Spain.","og_url":"https:\/\/influenzespain.com\/es\/european-elections-what-do-the-results-mean-for-spanish-politics\/","og_site_name":"Influence Spain | Consultor\u00eda de asuntos p\u00fablicos y lobbying","article_published_time":"2024-08-08T09:33:42+00:00","article_modified_time":"2024-08-08T09:33:53+00:00","og_image":[{"url":"https:\/\/influenzespain.com\/wp-content\/uploads\/2024\/06\/frederic-koberl-x_0hW-KaCgI-unsplash-1-1024x682.jpg","type":"","width":"","height":""}],"author":"InFluenze Spain","twitter_card":"summary_large_image","twitter_title":"European elections: what do the results mean for Spanish politics","twitter_description":"The Managing Director of InFluence Spain, Sebastian Mariz, evaluates the results of the European elections and their impact on Spain.","twitter_creator":"@InFluenceSpain","twitter_site":"@InFluenceSpain","twitter_misc":{"Escrito por":"InFluenze Spain","Tiempo de lectura":"4 minutos"},"schema":{"@context":"https:\/\/schema.org","@graph":[{"@type":"Article","@id":"https:\/\/influenzespain.com\/es\/european-elections-what-do-the-results-mean-for-spanish-politics\/#article","isPartOf":{"@id":"https:\/\/influenzespain.com\/es\/european-elections-what-do-the-results-mean-for-spanish-politics\/"},"author":{"name":"InFluenze Spain","@id":"https:\/\/influenzespain.com\/#\/schema\/person\/db6f35f53d1c4f87e1118e7aa76dcc1d"},"headline":"European elections: what do the results mean for Spanish politics","datePublished":"2024-08-08T09:33:42+00:00","dateModified":"2024-08-08T09:33:53+00:00","mainEntityOfPage":{"@id":"https:\/\/influenzespain.com\/es\/european-elections-what-do-the-results-mean-for-spanish-politics\/"},"wordCount":823,"publisher":{"@id":"https:\/\/influenzespain.com\/#organization"},"image":{"@id":"https:\/\/influenzespain.com\/es\/european-elections-what-do-the-results-mean-for-spanish-politics\/#primaryimage"},"thumbnailUrl":"https:\/\/influenzespain.com\/wp-content\/uploads\/2024\/06\/frederic-koberl-x_0hW-KaCgI-unsplash-1.jpg","keywords":["Elecciones","EPP","Europa","European elections","Partido Popular","Partido Socialista","Prime Minister","S&amp;D"],"articleSection":["Spanish Affairs (ES)"],"inLanguage":"es"},{"@type":"WebPage","@id":"https:\/\/influenzespain.com\/es\/european-elections-what-do-the-results-mean-for-spanish-politics\/","url":"https:\/\/influenzespain.com\/es\/european-elections-what-do-the-results-mean-for-spanish-politics\/","name":"European elections: what do the results mean for Spanish politics - Influence Spain | Consultor\u00eda de asuntos p\u00fablicos y lobbying","isPartOf":{"@id":"https:\/\/influenzespain.com\/#website"},"primaryImageOfPage":{"@id":"https:\/\/influenzespain.com\/es\/european-elections-what-do-the-results-mean-for-spanish-politics\/#primaryimage"},"image":{"@id":"https:\/\/influenzespain.com\/es\/european-elections-what-do-the-results-mean-for-spanish-politics\/#primaryimage"},"thumbnailUrl":"https:\/\/influenzespain.com\/wp-content\/uploads\/2024\/06\/frederic-koberl-x_0hW-KaCgI-unsplash-1.jpg","datePublished":"2024-08-08T09:33:42+00:00","dateModified":"2024-08-08T09:33:53+00:00","description":"The Managing Director of InFluence Spain, Sebastian Mariz, evaluates the results of the European elections and their impact on Spain.","breadcrumb":{"@id":"https:\/\/influenzespain.com\/es\/european-elections-what-do-the-results-mean-for-spanish-politics\/#breadcrumb"},"inLanguage":"es","potentialAction":[{"@type":"ReadAction","target":["https:\/\/influenzespain.com\/es\/european-elections-what-do-the-results-mean-for-spanish-politics\/"]}]},{"@type":"ImageObject","inLanguage":"es","@id":"https:\/\/influenzespain.com\/es\/european-elections-what-do-the-results-mean-for-spanish-politics\/#primaryimage","url":"https:\/\/influenzespain.com\/wp-content\/uploads\/2024\/06\/frederic-koberl-x_0hW-KaCgI-unsplash-1.jpg","contentUrl":"https:\/\/influenzespain.com\/wp-content\/uploads\/2024\/06\/frederic-koberl-x_0hW-KaCgI-unsplash-1.jpg","width":1920,"height":1278,"caption":"European Parliament"},{"@type":"BreadcrumbList","@id":"https:\/\/influenzespain.com\/es\/european-elections-what-do-the-results-mean-for-spanish-politics\/#breadcrumb","itemListElement":[{"@type":"ListItem","position":1,"name":"Portada","item":"https:\/\/influenzespain.com\/"},{"@type":"ListItem","position":2,"name":"European elections: what do the results mean for Spanish politics"}]},{"@type":"WebSite","@id":"https:\/\/influenzespain.com\/#website","url":"https:\/\/influenzespain.com\/","name":"Influence Spain | Consultor\u00eda de asuntos p\u00fablicos y lobbying","description":"La consultor\u00eda de Asuntos P\u00fablicos y Lobbying pionera de Espa\u00f1a","publisher":{"@id":"https:\/\/influenzespain.com\/#organization"},"potentialAction":[{"@type":"SearchAction","target":{"@type":"EntryPoint","urlTemplate":"https:\/\/influenzespain.com\/?s={search_term_string}"},"query-input":{"@type":"PropertyValueSpecification","valueRequired":true,"valueName":"search_term_string"}}],"inLanguage":"es"},{"@type":"Organization","@id":"https:\/\/influenzespain.com\/#organization","name":"InFluenceSpain","url":"https:\/\/influenzespain.com\/","logo":{"@type":"ImageObject","inLanguage":"es","@id":"https:\/\/influenzespain.com\/#\/schema\/logo\/image\/","url":"https:\/\/influenzespain.com\/wp-content\/uploads\/2020\/12\/logo-influence-spain-lobby-consultoria-asuntos-publicos-275.jpg","contentUrl":"https:\/\/influenzespain.com\/wp-content\/uploads\/2020\/12\/logo-influence-spain-lobby-consultoria-asuntos-publicos-275.jpg","width":275,"height":65,"caption":"InFluenceSpain"},"image":{"@id":"https:\/\/influenzespain.com\/#\/schema\/logo\/image\/"},"sameAs":["https:\/\/x.com\/InFluenceSpain","https:\/\/www.linkedin.com\/company\/influencespain\/"]},{"@type":"Person","@id":"https:\/\/influenzespain.com\/#\/schema\/person\/db6f35f53d1c4f87e1118e7aa76dcc1d","name":"InFluenze Spain","image":{"@type":"ImageObject","inLanguage":"es","@id":"https:\/\/secure.gravatar.com\/avatar\/e3437bffd9df1ea898c2fce9ad5070358be5f16f1bb22c8e00e1cc0d9d9d1f59?s=96&d=mm&r=g","url":"https:\/\/secure.gravatar.com\/avatar\/e3437bffd9df1ea898c2fce9ad5070358be5f16f1bb22c8e00e1cc0d9d9d1f59?s=96&d=mm&r=g","contentUrl":"https:\/\/secure.gravatar.com\/avatar\/e3437bffd9df1ea898c2fce9ad5070358be5f16f1bb22c8e00e1cc0d9d9d1f59?s=96&d=mm&r=g","caption":"InFluenze Spain"},"sameAs":["https:\/\/influenzespain.com"],"url":"https:\/\/influenzespain.com\/es\/author\/admin_influence\/"}]}},"_links":{"self":[{"href":"https:\/\/influenzespain.com\/es\/wp-json\/wp\/v2\/posts\/3396","targetHints":{"allow":["GET"]}}],"collection":[{"href":"https:\/\/influenzespain.com\/es\/wp-json\/wp\/v2\/posts"}],"about":[{"href":"https:\/\/influenzespain.com\/es\/wp-json\/wp\/v2\/types\/post"}],"author":[{"embeddable":true,"href":"https:\/\/influenzespain.com\/es\/wp-json\/wp\/v2\/users\/2"}],"replies":[{"embeddable":true,"href":"https:\/\/influenzespain.com\/es\/wp-json\/wp\/v2\/comments?post=3396"}],"version-history":[{"count":1,"href":"https:\/\/influenzespain.com\/es\/wp-json\/wp\/v2\/posts\/3396\/revisions"}],"predecessor-version":[{"id":3397,"href":"https:\/\/influenzespain.com\/es\/wp-json\/wp\/v2\/posts\/3396\/revisions\/3397"}],"wp:featuredmedia":[{"embeddable":true,"href":"https:\/\/influenzespain.com\/es\/wp-json\/wp\/v2\/media\/3374"}],"wp:attachment":[{"href":"https:\/\/influenzespain.com\/es\/wp-json\/wp\/v2\/media?parent=3396"}],"wp:term":[{"taxonomy":"category","embeddable":true,"href":"https:\/\/influenzespain.com\/es\/wp-json\/wp\/v2\/categories?post=3396"},{"taxonomy":"post_tag","embeddable":true,"href":"https:\/\/influenzespain.com\/es\/wp-json\/wp\/v2\/tags?post=3396"}],"curies":[{"name":"wp","href":"https:\/\/api.w.org\/{rel}","templated":true}]}}