{"id":3454,"date":"2024-09-25T07:54:52","date_gmt":"2024-09-25T07:54:52","guid":{"rendered":"https:\/\/influencespain.com\/influcat-la-nueva-sede-de-influencespain-en-cataluna\/"},"modified":"2024-09-25T07:54:59","modified_gmt":"2024-09-25T07:54:59","slug":"influcat-la-nueva-sede-de-influencespain-en-cataluna","status":"publish","type":"post","link":"https:\/\/influenzespain.com\/es\/influcat-la-nueva-sede-de-influencespain-en-cataluna\/","title":{"rendered":"InFluCat, la nueva sede de InFluenceSpain en Catalu\u00f1a"},"content":{"rendered":"\n<p><strong><span class=\"OYPEnA font-feature-liga-off font-feature-clig-off font-feature-calt-off text-decoration-none text-strikethrough-none\">Barcelona, 25 de septiembre de 2024.- <\/span><\/strong><em><span class=\"OYPEnA font-feature-liga-off font-feature-clig-off font-feature-calt-off text-decoration-none text-strikethrough-none\">InFluenceSpain<\/span><\/em><span class=\"OYPEnA font-feature-liga-off font-feature-clig-off font-feature-calt-off text-decoration-none text-strikethrough-none\">, la consultora l\u00edder en relaciones institucionales y asuntos p\u00fablicos, anuncia la apertura de su nueva sede en Catalu\u00f1a, bajo el nombre de <\/span><em><span class=\"OYPEnA font-feature-liga-off font-feature-clig-off font-feature-calt-off text-decoration-none text-strikethrough-none\">InFluCat<\/span><\/em><span class=\"OYPEnA font-feature-liga-off font-feature-clig-off font-feature-calt-off text-decoration-none text-strikethrough-none\">. Nuestras nuevas oficinas en Barcelona, se encuentran en \u2018Barcelona World Trade Centre\u2019, Edificio Sur &#8211; Moll de Barcelona (08039). Este nuevo espacio estrat\u00e9gico, ubicado en el coraz\u00f3n de la Ciudad Condal, refuerza la presencia de <em>InFluenceSpain<\/em> en una de las regiones m\u00e1s din\u00e1micas y competitivas del sur de Europa.<\/span><\/p>\n\n\n\n<p><span class=\"OYPEnA font-feature-liga-off font-feature-clig-off font-feature-calt-off text-decoration-none text-strikethrough-none\">Al frente de <\/span><span class=\"OYPEnA font-feature-liga-off font-feature-clig-off font-feature-calt-off text-decoration-none text-strikethrough-none\"><em>InFluCat<\/em> <\/span><span class=\"OYPEnA font-feature-liga-off font-feature-clig-off font-feature-calt-off text-decoration-none text-strikethrough-none\">estar\u00e1 Enrique Opi, que se incorpor\u00f3 a la consultora en abril y que cuenta con casi 30 a\u00f1os de trayectoria en el sector de las relaciones institucionales. Opi ha liderado proyectos de gran relevancia para empresas nacionales e internacionales, en sectores como el<\/span> <span class=\"OYPEnA font-feature-liga-off font-feature-clig-off font-feature-calt-off text-decoration-none text-strikethrough-none\">juego, turismo, telefon\u00eda y Tercer Sector, aportando su experiencia y profundo conocimiento del entorno pol\u00edtico y empresarial en Catalu\u00f1a; as\u00ed como una nutrida red de contactos entre el mundo empresarial, universitario, pol\u00edtico y de la Administraci\u00f3n P\u00fablica Catalana. Su incorporaci\u00f3n a la direcci\u00f3n de <\/span><span class=\"OYPEnA font-feature-liga-off font-feature-clig-off font-feature-calt-off text-decoration-none text-strikethrough-none\"><em>InFluCat<\/em> <\/span><span class=\"OYPEnA font-feature-liga-off font-feature-clig-off font-feature-calt-off text-decoration-none text-strikethrough-none\">asegura un enfoque integral y especializado, adaptado a las necesidades particulares del mercado catal\u00e1n.<\/span><\/p>\n\n\n\n<h3 class=\"wp-block-heading\">Un paso clave en la expansi\u00f3n de InFluenceSpain<\/h3>\n\n\n\n<p><span class=\"OYPEnA font-feature-liga-off font-feature-clig-off font-feature-calt-off text-decoration-none text-strikethrough-none\">Para el CEO de <\/span><em><span class=\"OYPEnA font-feature-liga-off font-feature-clig-off font-feature-calt-off text-decoration-none text-strikethrough-none\">InFluenceSpain<\/span><\/em><span class=\"OYPEnA font-feature-liga-off font-feature-clig-off font-feature-calt-off text-decoration-none text-strikethrough-none\">, Sebastian Mariz, la apertura de <em>InFluCat<\/em> \u201c<\/span><em><span class=\"OYPEnA font-feature-liga-off font-feature-clig-off font-feature-calt-off text-decoration-none text-strikethrough-none\">refuerza nuestro compromiso de seguir creciendo y de consolidarnos como la consultora de referencia en asuntos p\u00fablicos y relaciones institucionales en Espa\u00f1a<\/span><\/em><span class=\"OYPEnA font-feature-liga-off font-feature-clig-off font-feature-calt-off text-decoration-none text-strikethrough-none\">\u201d. Adem\u00e1s, la presencia en Catalu\u00f1a, con Enrique Opi al frente, seg\u00fan Mariz, \u201c<\/span><span class=\"OYPEnA font-feature-liga-off font-feature-clig-off font-feature-calt-off text-decoration-none text-strikethrough-none\"><em>lograr\u00e1 posicionar a InFluCat como un actor indispensable en Catalu\u00f1a<\/em>\u201d. <\/span><span class=\"OYPEnA font-feature-liga-off font-feature-clig-off font-feature-calt-off text-decoration-none text-strikethrough-none\">Para Enrique Opi este nuevo reto significa<\/span><span class=\"OYPEnA font-feature-liga-off font-feature-clig-off font-feature-calt-off text-decoration-none text-strikethrough-none\"> \u201c<em>poder ofrecer un servicio m\u00e1s cercano y adaptado a nuestros clientes en la regi\u00f3n<\/em><\/span><span class=\"OYPEnA font-feature-liga-off font-feature-clig-off font-feature-calt-off text-decoration-none text-strikethrough-none\">\u201d y a\u00f1ade \u201c<\/span><em><span class=\"OYPEnA font-feature-liga-off font-feature-clig-off font-feature-calt-off text-decoration-none text-strikethrough-none\">Catalu\u00f1a tiene un papel clave en el panorama econ\u00f3mico y pol\u00edtico espa\u00f1ol<\/span><\/em><span class=\"OYPEnA font-feature-liga-off font-feature-clig-off font-feature-calt-off text-decoration-none text-strikethrough-none\">\u201d.<\/span><\/p>\n\n\n\n<p><span class=\"OYPEnA font-feature-liga-off font-feature-clig-off font-feature-calt-off text-decoration-none text-strikethrough-none\">La creaci\u00f3n de <\/span><span class=\"OYPEnA font-feature-liga-off font-feature-clig-off font-feature-calt-off text-decoration-none text-strikethrough-none\"><em>InFluCat<\/em> <\/span><span class=\"OYPEnA font-feature-liga-off font-feature-clig-off font-feature-calt-off text-decoration-none text-strikethrough-none\">responde al creciente inter\u00e9s por parte de empresas y organizaciones en Catalu\u00f1a por contar con asesor\u00eda especializada en asuntos p\u00fablicos y comunicaci\u00f3n estrat\u00e9gica, centrada en el ecosistema y entorno catal\u00e1n. Catalu\u00f1a, con Barcelona como epicentro, es uno de los principales polos econ\u00f3micos de Europa, y su escenario pol\u00edtico y empresarial requiere un conocimiento espec\u00edfico que Enrique Opi y su equipo est\u00e1n plenamente capacitados para ofrecer.<\/span><\/p>\n\n\n\n<p class=\"has-white-color has-text-color has-link-color wp-elements-7e4ac651328708ea719ac0894fa30934\">.<\/p>\n\n\n\n<p class=\"has-text-align-center\"><p style=\"text-align: center;\"><em><a class=\"OYPEnA font-feature-liga-off font-feature-clig-off font-feature-calt-off text-decoration-underline text-strikethrough-none\" draggable=\"false\" href=\"https:\/\/influenzespain.com\/es\/\" target=\"_blank\" rel=\"noopener\">InFluenceSpain<\/a><span class=\"OYPEnA font-feature-liga-off font-feature-clig-off font-feature-calt-off text-decoration-none text-strikethrough-none\"> es <\/span>la consultora de Asuntos P\u00fablicos, Relaciones Gubernamentales y Lobby pionera<span class=\"OYPEnA font-feature-liga-off font-feature-clig-off font-feature-calt-off text-decoration-none text-strikethrough-none\"> en Espa\u00f1a, que asesora a empresas, asociaciones y organizaciones sociales con intereses en Espa\u00f1a y\/o ante las Instituciones Europeas. Con m\u00e1s de 24 a\u00f1os de experiencia, ayuda a sus clientes a entender e influir en la pol\u00edtica espa\u00f1ola y comunitaria en casi todos los sectores de la econom\u00eda. Desde 2000, InFluenceSpain ha asesorado a m\u00e1s de 50 de las mayores empresas multinacionales, en amplios sectores econ\u00f3micos y empresariales.<\/span><\/em><\/p><\/p>\n\n\n\n<p><\/p>\n\n\n\n<p><span style=\"text-decoration: underline;\">Contacto de prensa<\/span>: Natalia P\u00e9rez Mas, <em>Account Executive &amp; Social Media Manager<\/em>, <a href=\"mailto:nperez@influencespain.com\">nperez@influencespain.com<\/a><\/p>\n\n\n\n<p><\/p>\n","protected":false},"excerpt":{"rendered":"<p>InFluenceSpain, la consultora l\u00edder en relaciones institucionales y asuntos p\u00fablicos, anuncia la apertura de su nueva sede en Catalu\u00f1a, bajo el nombre de InFluCat. <\/p>\n","protected":false},"author":2,"featured_media":3451,"comment_status":"closed","ping_status":"open","sticky":false,"template":"","format":"standard","meta":{"footnotes":""},"categories":[487],"tags":[836,835,837,838],"class_list":["post-3454","post","type-post","status-publish","format-standard","has-post-thumbnail","hentry","category-spanish-affairs-es","tag-influcat-es","tag-influencespain-es","tag-nueva-sede-es","tag-relaciones-institucionales"],"yoast_head":"<!-- This site is optimized with the Yoast SEO plugin v27.4 - https:\/\/yoast.com\/product\/yoast-seo-wordpress\/ -->\n<title>InFluCat, la nueva sede de InFluenceSpain en Catalu\u00f1a - Influence Spain | Consultor\u00eda de asuntos p\u00fablicos y lobbying<\/title>\n<meta name=\"description\" content=\"Este nuevo espacio estrat\u00e9gico, ubicado en el coraz\u00f3n de la Ciudad Condal, refuerza la presencia de InFluenceSpain en una de las regiones m\u00e1s din\u00e1micas y competitivas del sur de Europa.\" \/>\n<meta name=\"robots\" content=\"index, follow, max-snippet:-1, max-image-preview:large, max-video-preview:-1\" \/>\n<link rel=\"canonical\" href=\"https:\/\/influenzespain.com\/es\/influcat-la-nueva-sede-de-influencespain-en-cataluna\/\" \/>\n<meta property=\"og:locale\" content=\"es_ES\" \/>\n<meta property=\"og:type\" content=\"article\" \/>\n<meta property=\"og:title\" content=\"InFluCat, la nueva sede de InFluenceSpain en Catalu\u00f1a\" \/>\n<meta property=\"og:description\" content=\"Este nuevo espacio estrat\u00e9gico, ubicado en el coraz\u00f3n de la Ciudad Condal, refuerza la presencia de InFluenceSpain en una de las regiones m\u00e1s din\u00e1micas y competitivas del sur de Europa.\" \/>\n<meta property=\"og:url\" content=\"https:\/\/influenzespain.com\/es\/influcat-la-nueva-sede-de-influencespain-en-cataluna\/\" \/>\n<meta property=\"og:site_name\" content=\"Influence Spain | Consultor\u00eda de asuntos p\u00fablicos y lobbying\" \/>\n<meta property=\"article:published_time\" content=\"2024-09-25T07:54:52+00:00\" \/>\n<meta property=\"article:modified_time\" content=\"2024-09-25T07:54:59+00:00\" \/>\n<meta property=\"og:image\" content=\"https:\/\/influenzespain.com\/wp-content\/uploads\/2024\/09\/InFluCat-1024x586.jpg\" \/>\n<meta name=\"author\" content=\"InFluenze Spain\" \/>\n<meta name=\"twitter:card\" content=\"summary_large_image\" \/>\n<meta name=\"twitter:title\" content=\"InFluCat, la nueva sede de InFluenceSpain en Catalu\u00f1a\" \/>\n<meta name=\"twitter:description\" content=\"Este nuevo espacio estrat\u00e9gico, ubicado en el coraz\u00f3n de la Ciudad Condal, refuerza la presencia de InFluenceSpain en una de las regiones m\u00e1s din\u00e1micas y competitivas del sur de Europa.\" \/>\n<meta name=\"twitter:image\" content=\"https:\/\/influenzespain.com\/wp-content\/uploads\/2024\/09\/InFluCat-1024x586.jpg\" \/>\n<meta name=\"twitter:creator\" content=\"@InFluenceSpain\" \/>\n<meta name=\"twitter:site\" content=\"@InFluenceSpain\" \/>\n<meta name=\"twitter:label1\" content=\"Escrito por\" \/>\n\t<meta name=\"twitter:data1\" content=\"InFluenze Spain\" \/>\n\t<meta name=\"twitter:label2\" content=\"Tiempo de lectura\" \/>\n\t<meta name=\"twitter:data2\" content=\"3 minutos\" \/>\n<script type=\"application\/ld+json\" class=\"yoast-schema-graph\">{\"@context\":\"https:\\\/\\\/schema.org\",\"@graph\":[{\"@type\":\"Article\",\"@id\":\"https:\\\/\\\/influenzespain.com\\\/es\\\/influcat-la-nueva-sede-de-influencespain-en-cataluna\\\/#article\",\"isPartOf\":{\"@id\":\"https:\\\/\\\/influenzespain.com\\\/es\\\/influcat-la-nueva-sede-de-influencespain-en-cataluna\\\/\"},\"author\":{\"name\":\"InFluenze Spain\",\"@id\":\"https:\\\/\\\/influenzespain.com\\\/#\\\/schema\\\/person\\\/db6f35f53d1c4f87e1118e7aa76dcc1d\"},\"headline\":\"InFluCat, la nueva sede de InFluenceSpain en Catalu\u00f1a\",\"datePublished\":\"2024-09-25T07:54:52+00:00\",\"dateModified\":\"2024-09-25T07:54:59+00:00\",\"mainEntityOfPage\":{\"@id\":\"https:\\\/\\\/influenzespain.com\\\/es\\\/influcat-la-nueva-sede-de-influencespain-en-cataluna\\\/\"},\"wordCount\":506,\"publisher\":{\"@id\":\"https:\\\/\\\/influenzespain.com\\\/#organization\"},\"image\":{\"@id\":\"https:\\\/\\\/influenzespain.com\\\/es\\\/influcat-la-nueva-sede-de-influencespain-en-cataluna\\\/#primaryimage\"},\"thumbnailUrl\":\"https:\\\/\\\/influenzespain.com\\\/wp-content\\\/uploads\\\/2024\\\/09\\\/InFluCat_2-1.jpg\",\"keywords\":[\"InFluCat\",\"InFluenceSpain\",\"Nueva sede\",\"Relaciones Institucionales\"],\"articleSection\":[\"Spanish Affairs (ES)\"],\"inLanguage\":\"es\"},{\"@type\":\"WebPage\",\"@id\":\"https:\\\/\\\/influenzespain.com\\\/es\\\/influcat-la-nueva-sede-de-influencespain-en-cataluna\\\/\",\"url\":\"https:\\\/\\\/influenzespain.com\\\/es\\\/influcat-la-nueva-sede-de-influencespain-en-cataluna\\\/\",\"name\":\"InFluCat, la nueva sede de InFluenceSpain en Catalu\u00f1a - Influence Spain | Consultor\u00eda de asuntos p\u00fablicos y lobbying\",\"isPartOf\":{\"@id\":\"https:\\\/\\\/influenzespain.com\\\/#website\"},\"primaryImageOfPage\":{\"@id\":\"https:\\\/\\\/influenzespain.com\\\/es\\\/influcat-la-nueva-sede-de-influencespain-en-cataluna\\\/#primaryimage\"},\"image\":{\"@id\":\"https:\\\/\\\/influenzespain.com\\\/es\\\/influcat-la-nueva-sede-de-influencespain-en-cataluna\\\/#primaryimage\"},\"thumbnailUrl\":\"https:\\\/\\\/influenzespain.com\\\/wp-content\\\/uploads\\\/2024\\\/09\\\/InFluCat_2-1.jpg\",\"datePublished\":\"2024-09-25T07:54:52+00:00\",\"dateModified\":\"2024-09-25T07:54:59+00:00\",\"description\":\"Este nuevo espacio estrat\u00e9gico, ubicado en el coraz\u00f3n de la Ciudad Condal, refuerza la presencia de InFluenceSpain en una de las regiones m\u00e1s din\u00e1micas y competitivas del sur de Europa.\",\"breadcrumb\":{\"@id\":\"https:\\\/\\\/influenzespain.com\\\/es\\\/influcat-la-nueva-sede-de-influencespain-en-cataluna\\\/#breadcrumb\"},\"inLanguage\":\"es\",\"potentialAction\":[{\"@type\":\"ReadAction\",\"target\":[\"https:\\\/\\\/influenzespain.com\\\/es\\\/influcat-la-nueva-sede-de-influencespain-en-cataluna\\\/\"]}]},{\"@type\":\"ImageObject\",\"inLanguage\":\"es\",\"@id\":\"https:\\\/\\\/influenzespain.com\\\/es\\\/influcat-la-nueva-sede-de-influencespain-en-cataluna\\\/#primaryimage\",\"url\":\"https:\\\/\\\/influenzespain.com\\\/wp-content\\\/uploads\\\/2024\\\/09\\\/InFluCat_2-1.jpg\",\"contentUrl\":\"https:\\\/\\\/influenzespain.com\\\/wp-content\\\/uploads\\\/2024\\\/09\\\/InFluCat_2-1.jpg\",\"width\":1100,\"height\":630},{\"@type\":\"BreadcrumbList\",\"@id\":\"https:\\\/\\\/influenzespain.com\\\/es\\\/influcat-la-nueva-sede-de-influencespain-en-cataluna\\\/#breadcrumb\",\"itemListElement\":[{\"@type\":\"ListItem\",\"position\":1,\"name\":\"Portada\",\"item\":\"https:\\\/\\\/influenzespain.com\\\/\"},{\"@type\":\"ListItem\",\"position\":2,\"name\":\"InFluCat, la nueva sede de InFluenceSpain en Catalu\u00f1a\"}]},{\"@type\":\"WebSite\",\"@id\":\"https:\\\/\\\/influenzespain.com\\\/#website\",\"url\":\"https:\\\/\\\/influenzespain.com\\\/\",\"name\":\"Influence Spain | Consultor\u00eda de asuntos p\u00fablicos y lobbying\",\"description\":\"La consultor\u00eda de Asuntos P\u00fablicos y Lobbying pionera de Espa\u00f1a\",\"publisher\":{\"@id\":\"https:\\\/\\\/influenzespain.com\\\/#organization\"},\"potentialAction\":[{\"@type\":\"SearchAction\",\"target\":{\"@type\":\"EntryPoint\",\"urlTemplate\":\"https:\\\/\\\/influenzespain.com\\\/?s={search_term_string}\"},\"query-input\":{\"@type\":\"PropertyValueSpecification\",\"valueRequired\":true,\"valueName\":\"search_term_string\"}}],\"inLanguage\":\"es\"},{\"@type\":\"Organization\",\"@id\":\"https:\\\/\\\/influenzespain.com\\\/#organization\",\"name\":\"InFluenceSpain\",\"url\":\"https:\\\/\\\/influenzespain.com\\\/\",\"logo\":{\"@type\":\"ImageObject\",\"inLanguage\":\"es\",\"@id\":\"https:\\\/\\\/influenzespain.com\\\/#\\\/schema\\\/logo\\\/image\\\/\",\"url\":\"https:\\\/\\\/influenzespain.com\\\/wp-content\\\/uploads\\\/2020\\\/12\\\/logo-influence-spain-lobby-consultoria-asuntos-publicos-275.jpg\",\"contentUrl\":\"https:\\\/\\\/influenzespain.com\\\/wp-content\\\/uploads\\\/2020\\\/12\\\/logo-influence-spain-lobby-consultoria-asuntos-publicos-275.jpg\",\"width\":275,\"height\":65,\"caption\":\"InFluenceSpain\"},\"image\":{\"@id\":\"https:\\\/\\\/influenzespain.com\\\/#\\\/schema\\\/logo\\\/image\\\/\"},\"sameAs\":[\"https:\\\/\\\/x.com\\\/InFluenceSpain\",\"https:\\\/\\\/www.linkedin.com\\\/company\\\/influencespain\\\/\"]},{\"@type\":\"Person\",\"@id\":\"https:\\\/\\\/influenzespain.com\\\/#\\\/schema\\\/person\\\/db6f35f53d1c4f87e1118e7aa76dcc1d\",\"name\":\"InFluenze Spain\",\"image\":{\"@type\":\"ImageObject\",\"inLanguage\":\"es\",\"@id\":\"https:\\\/\\\/secure.gravatar.com\\\/avatar\\\/e3437bffd9df1ea898c2fce9ad5070358be5f16f1bb22c8e00e1cc0d9d9d1f59?s=96&d=mm&r=g\",\"url\":\"https:\\\/\\\/secure.gravatar.com\\\/avatar\\\/e3437bffd9df1ea898c2fce9ad5070358be5f16f1bb22c8e00e1cc0d9d9d1f59?s=96&d=mm&r=g\",\"contentUrl\":\"https:\\\/\\\/secure.gravatar.com\\\/avatar\\\/e3437bffd9df1ea898c2fce9ad5070358be5f16f1bb22c8e00e1cc0d9d9d1f59?s=96&d=mm&r=g\",\"caption\":\"InFluenze Spain\"},\"sameAs\":[\"https:\\\/\\\/influenzespain.com\"],\"url\":\"https:\\\/\\\/influenzespain.com\\\/es\\\/author\\\/admin_influence\\\/\"}]}<\/script>\n<!-- \/ Yoast SEO plugin. -->","yoast_head_json":{"title":"InFluCat, la nueva sede de InFluenceSpain en Catalu\u00f1a - Influence Spain | Consultor\u00eda de asuntos p\u00fablicos y lobbying","description":"Este nuevo espacio estrat\u00e9gico, ubicado en el coraz\u00f3n de la Ciudad Condal, refuerza la presencia de InFluenceSpain en una de las regiones m\u00e1s din\u00e1micas y competitivas del sur de Europa.","robots":{"index":"index","follow":"follow","max-snippet":"max-snippet:-1","max-image-preview":"max-image-preview:large","max-video-preview":"max-video-preview:-1"},"canonical":"https:\/\/influenzespain.com\/es\/influcat-la-nueva-sede-de-influencespain-en-cataluna\/","og_locale":"es_ES","og_type":"article","og_title":"InFluCat, la nueva sede de InFluenceSpain en Catalu\u00f1a","og_description":"Este nuevo espacio estrat\u00e9gico, ubicado en el coraz\u00f3n de la Ciudad Condal, refuerza la presencia de InFluenceSpain en una de las regiones m\u00e1s din\u00e1micas y competitivas del sur de Europa.","og_url":"https:\/\/influenzespain.com\/es\/influcat-la-nueva-sede-de-influencespain-en-cataluna\/","og_site_name":"Influence Spain | Consultor\u00eda de asuntos p\u00fablicos y lobbying","article_published_time":"2024-09-25T07:54:52+00:00","article_modified_time":"2024-09-25T07:54:59+00:00","og_image":[{"url":"https:\/\/influenzespain.com\/wp-content\/uploads\/2024\/09\/InFluCat-1024x586.jpg","type":"","width":"","height":""}],"author":"InFluenze Spain","twitter_card":"summary_large_image","twitter_title":"InFluCat, la nueva sede de InFluenceSpain en Catalu\u00f1a","twitter_description":"Este nuevo espacio estrat\u00e9gico, ubicado en el coraz\u00f3n de la Ciudad Condal, refuerza la presencia de InFluenceSpain en una de las regiones m\u00e1s din\u00e1micas y competitivas del sur de Europa.","twitter_image":"https:\/\/influenzespain.com\/wp-content\/uploads\/2024\/09\/InFluCat-1024x586.jpg","twitter_creator":"@InFluenceSpain","twitter_site":"@InFluenceSpain","twitter_misc":{"Escrito por":"InFluenze Spain","Tiempo de lectura":"3 minutos"},"schema":{"@context":"https:\/\/schema.org","@graph":[{"@type":"Article","@id":"https:\/\/influenzespain.com\/es\/influcat-la-nueva-sede-de-influencespain-en-cataluna\/#article","isPartOf":{"@id":"https:\/\/influenzespain.com\/es\/influcat-la-nueva-sede-de-influencespain-en-cataluna\/"},"author":{"name":"InFluenze Spain","@id":"https:\/\/influenzespain.com\/#\/schema\/person\/db6f35f53d1c4f87e1118e7aa76dcc1d"},"headline":"InFluCat, la nueva sede de InFluenceSpain en Catalu\u00f1a","datePublished":"2024-09-25T07:54:52+00:00","dateModified":"2024-09-25T07:54:59+00:00","mainEntityOfPage":{"@id":"https:\/\/influenzespain.com\/es\/influcat-la-nueva-sede-de-influencespain-en-cataluna\/"},"wordCount":506,"publisher":{"@id":"https:\/\/influenzespain.com\/#organization"},"image":{"@id":"https:\/\/influenzespain.com\/es\/influcat-la-nueva-sede-de-influencespain-en-cataluna\/#primaryimage"},"thumbnailUrl":"https:\/\/influenzespain.com\/wp-content\/uploads\/2024\/09\/InFluCat_2-1.jpg","keywords":["InFluCat","InFluenceSpain","Nueva sede","Relaciones Institucionales"],"articleSection":["Spanish Affairs (ES)"],"inLanguage":"es"},{"@type":"WebPage","@id":"https:\/\/influenzespain.com\/es\/influcat-la-nueva-sede-de-influencespain-en-cataluna\/","url":"https:\/\/influenzespain.com\/es\/influcat-la-nueva-sede-de-influencespain-en-cataluna\/","name":"InFluCat, la nueva sede de InFluenceSpain en Catalu\u00f1a - Influence Spain | Consultor\u00eda de asuntos p\u00fablicos y lobbying","isPartOf":{"@id":"https:\/\/influenzespain.com\/#website"},"primaryImageOfPage":{"@id":"https:\/\/influenzespain.com\/es\/influcat-la-nueva-sede-de-influencespain-en-cataluna\/#primaryimage"},"image":{"@id":"https:\/\/influenzespain.com\/es\/influcat-la-nueva-sede-de-influencespain-en-cataluna\/#primaryimage"},"thumbnailUrl":"https:\/\/influenzespain.com\/wp-content\/uploads\/2024\/09\/InFluCat_2-1.jpg","datePublished":"2024-09-25T07:54:52+00:00","dateModified":"2024-09-25T07:54:59+00:00","description":"Este nuevo espacio estrat\u00e9gico, ubicado en el coraz\u00f3n de la Ciudad Condal, refuerza la presencia de InFluenceSpain en una de las regiones m\u00e1s din\u00e1micas y competitivas del sur de Europa.","breadcrumb":{"@id":"https:\/\/influenzespain.com\/es\/influcat-la-nueva-sede-de-influencespain-en-cataluna\/#breadcrumb"},"inLanguage":"es","potentialAction":[{"@type":"ReadAction","target":["https:\/\/influenzespain.com\/es\/influcat-la-nueva-sede-de-influencespain-en-cataluna\/"]}]},{"@type":"ImageObject","inLanguage":"es","@id":"https:\/\/influenzespain.com\/es\/influcat-la-nueva-sede-de-influencespain-en-cataluna\/#primaryimage","url":"https:\/\/influenzespain.com\/wp-content\/uploads\/2024\/09\/InFluCat_2-1.jpg","contentUrl":"https:\/\/influenzespain.com\/wp-content\/uploads\/2024\/09\/InFluCat_2-1.jpg","width":1100,"height":630},{"@type":"BreadcrumbList","@id":"https:\/\/influenzespain.com\/es\/influcat-la-nueva-sede-de-influencespain-en-cataluna\/#breadcrumb","itemListElement":[{"@type":"ListItem","position":1,"name":"Portada","item":"https:\/\/influenzespain.com\/"},{"@type":"ListItem","position":2,"name":"InFluCat, la nueva sede de InFluenceSpain en Catalu\u00f1a"}]},{"@type":"WebSite","@id":"https:\/\/influenzespain.com\/#website","url":"https:\/\/influenzespain.com\/","name":"Influence Spain | Consultor\u00eda de asuntos p\u00fablicos y lobbying","description":"La consultor\u00eda de Asuntos P\u00fablicos y Lobbying pionera de Espa\u00f1a","publisher":{"@id":"https:\/\/influenzespain.com\/#organization"},"potentialAction":[{"@type":"SearchAction","target":{"@type":"EntryPoint","urlTemplate":"https:\/\/influenzespain.com\/?s={search_term_string}"},"query-input":{"@type":"PropertyValueSpecification","valueRequired":true,"valueName":"search_term_string"}}],"inLanguage":"es"},{"@type":"Organization","@id":"https:\/\/influenzespain.com\/#organization","name":"InFluenceSpain","url":"https:\/\/influenzespain.com\/","logo":{"@type":"ImageObject","inLanguage":"es","@id":"https:\/\/influenzespain.com\/#\/schema\/logo\/image\/","url":"https:\/\/influenzespain.com\/wp-content\/uploads\/2020\/12\/logo-influence-spain-lobby-consultoria-asuntos-publicos-275.jpg","contentUrl":"https:\/\/influenzespain.com\/wp-content\/uploads\/2020\/12\/logo-influence-spain-lobby-consultoria-asuntos-publicos-275.jpg","width":275,"height":65,"caption":"InFluenceSpain"},"image":{"@id":"https:\/\/influenzespain.com\/#\/schema\/logo\/image\/"},"sameAs":["https:\/\/x.com\/InFluenceSpain","https:\/\/www.linkedin.com\/company\/influencespain\/"]},{"@type":"Person","@id":"https:\/\/influenzespain.com\/#\/schema\/person\/db6f35f53d1c4f87e1118e7aa76dcc1d","name":"InFluenze Spain","image":{"@type":"ImageObject","inLanguage":"es","@id":"https:\/\/secure.gravatar.com\/avatar\/e3437bffd9df1ea898c2fce9ad5070358be5f16f1bb22c8e00e1cc0d9d9d1f59?s=96&d=mm&r=g","url":"https:\/\/secure.gravatar.com\/avatar\/e3437bffd9df1ea898c2fce9ad5070358be5f16f1bb22c8e00e1cc0d9d9d1f59?s=96&d=mm&r=g","contentUrl":"https:\/\/secure.gravatar.com\/avatar\/e3437bffd9df1ea898c2fce9ad5070358be5f16f1bb22c8e00e1cc0d9d9d1f59?s=96&d=mm&r=g","caption":"InFluenze Spain"},"sameAs":["https:\/\/influenzespain.com"],"url":"https:\/\/influenzespain.com\/es\/author\/admin_influence\/"}]}},"_links":{"self":[{"href":"https:\/\/influenzespain.com\/es\/wp-json\/wp\/v2\/posts\/3454","targetHints":{"allow":["GET"]}}],"collection":[{"href":"https:\/\/influenzespain.com\/es\/wp-json\/wp\/v2\/posts"}],"about":[{"href":"https:\/\/influenzespain.com\/es\/wp-json\/wp\/v2\/types\/post"}],"author":[{"embeddable":true,"href":"https:\/\/influenzespain.com\/es\/wp-json\/wp\/v2\/users\/2"}],"replies":[{"embeddable":true,"href":"https:\/\/influenzespain.com\/es\/wp-json\/wp\/v2\/comments?post=3454"}],"version-history":[{"count":2,"href":"https:\/\/influenzespain.com\/es\/wp-json\/wp\/v2\/posts\/3454\/revisions"}],"predecessor-version":[{"id":3460,"href":"https:\/\/influenzespain.com\/es\/wp-json\/wp\/v2\/posts\/3454\/revisions\/3460"}],"wp:featuredmedia":[{"embeddable":true,"href":"https:\/\/influenzespain.com\/es\/wp-json\/wp\/v2\/media\/3451"}],"wp:attachment":[{"href":"https:\/\/influenzespain.com\/es\/wp-json\/wp\/v2\/media?parent=3454"}],"wp:term":[{"taxonomy":"category","embeddable":true,"href":"https:\/\/influenzespain.com\/es\/wp-json\/wp\/v2\/categories?post=3454"},{"taxonomy":"post_tag","embeddable":true,"href":"https:\/\/influenzespain.com\/es\/wp-json\/wp\/v2\/tags?post=3454"}],"curies":[{"name":"wp","href":"https:\/\/api.w.org\/{rel}","templated":true}]}}