{"id":4747,"date":"2025-06-26T13:06:20","date_gmt":"2025-06-26T13:06:20","guid":{"rendered":"https:\/\/influenzespain.com\/el-nacimiento-de-la-nueva-federacion-iberica\/"},"modified":"2025-07-14T07:37:28","modified_gmt":"2025-07-14T07:37:28","slug":"el-nacimiento-de-la-nueva-federacion-iberica","status":"publish","type":"post","link":"https:\/\/influenzespain.com\/es\/el-nacimiento-de-la-nueva-federacion-iberica\/","title":{"rendered":"El nacimiento de la nueva Federaci\u00f3n Ib\u00e9rica"},"content":{"rendered":"\n<figure class=\"wp-block-image size-full is-resized\"><img loading=\"lazy\" decoding=\"async\" width=\"428\" height=\"446\" src=\"https:\/\/influenzespain.com\/wp-content\/uploads\/2023\/10\/2023_SM.png\" alt=\"\" class=\"wp-image-3146\" style=\"width:161px;height:172px\" srcset=\"https:\/\/influenzespain.com\/wp-content\/uploads\/2023\/10\/2023_SM.png 428w, https:\/\/influenzespain.com\/wp-content\/uploads\/2023\/10\/2023_SM-288x300.png 288w\" sizes=\"auto, (max-width: 428px) 100vw, 428px\" \/><\/figure>\n\n\n\n<p><strong><em>Por: <a href=\"https:\/\/influenzespain.com\/es\/equipo\/\">Sebastian Mariz<\/a>, CEO de InFluenze Spain<\/em><\/strong>.<\/p>\n\n\n\n<p class=\"has-white-color has-text-color\">.<\/p>\n\n\n\n<p>El pasado fin de semana coincidi\u00f3 con el solsticio de verano, cuando el sol alcanza su punto m\u00e1s alto en el cielo, pleno verano para latitudes m\u00e1s septentrionales y la supuesta fecha de nacimiento corporal de San Juan. Un momento simb\u00f3lico y casi celestial para muchos pa\u00edses, pero especialmente significativo este a\u00f1o para Espa\u00f1a.<\/p>\n\n\n\n<p>En medio del ruido medi\u00e1tico sobre el gasto en defensa de la OTAN y varios esc\u00e1ndalos de corrupci\u00f3n, el Gobierno de Pedro S\u00e1nchez junto con sus socios catalanes y vascos ha dado pasos decisivos hacia la configuraci\u00f3n de una nueva Federaci\u00f3n Ib\u00e9rica de Estados Naci\u00f3n. Este proceso podr\u00eda culminar el pr\u00f3ximo lunes con un acuerdo hist\u00f3rico entre el Gobierno central y la Generalitat de Catalu\u00f1a, que permitir\u00eda a Catalu\u00f1a recaudar sus propios impuestos y negociar su contribuci\u00f3n al presupuesto com\u00fan del Estado.<\/p>\n\n\n\n<p>Esto supondr\u00eda el fin del r\u00e9gimen constitucional de transici\u00f3n vigente desde 1976, el marco bajo el cual ha operado la sociedad, la administraci\u00f3n y la econom\u00eda espa\u00f1olas durante casi 50 a\u00f1os.<\/p>\n\n\n\n<p>\u00bfQu\u00e9 implicaciones tiene esto? Significa que las otras 15 comunidades aut\u00f3nomas se ver\u00e1n forzadas a adaptarse y a solicitar una autonom\u00eda fiscal similar, lo que en la pr\u00e1ctica supondr\u00eda la implantaci\u00f3n de un sistema federal, en el cual:<\/p>\n\n\n\n<ul class=\"wp-block-list\">\n<li>El Gobierno central gestionar\u00eda un presupuesto m\u00e1s reducido.<\/li>\n\n\n\n<li>Las regiones emitir\u00edan su propia deuda, con primas de riesgo diferenciadas.<\/li>\n\n\n\n<li>Se ajustar\u00eda el tama\u00f1o de la Administraci\u00f3n P\u00fablica a un nuevo equilibrio fiscal.<\/li>\n\n\n\n<li>Las comunidades aut\u00f3nomas asumir\u00edan mayores competencias legislativas y ejecutivas.<\/li>\n\n\n\n<li>Aumentar\u00edan las diferencias interregionales en renta per c\u00e1pita y servicios p\u00fablicos.<\/li>\n\n\n\n<li>Podr\u00edan surgir esquemas regionales de pensiones, afectando el fondo nacional de la Seguridad Social.<\/li>\n<\/ul>\n\n\n\n<p>En resumen: el modelo del \u201c<em>caf\u00e9 para todos<\/em>\u201d llega a su fin.<\/p>\n\n\n\n<p>Es previsible que los partidos conservadores y de extrema derecha contin\u00faen reaccionando con dureza ante este cambio estructural, pero su retorno al poder depender\u00e1, en buena medida, de su disposici\u00f3n a aceptar las nuevas reglas del juego.<\/p>\n\n\n\n<p>A corto plazo, es probable que S\u00e1nchez aproveche el verano para abrir negociaciones sobre los presupuestos generales de 2026, con un borrador en septiembre y aprobaci\u00f3n en noviembre. Posiblemente uno de los \u00faltimos presupuestos nacionales con esta dimensi\u00f3n.<\/p>\n\n\n\n<p>Todo esto marca el inicio real de una legislatura que entra en su \u00faltimo a\u00f1o, en el camino hacia las elecciones generales de 2027. S\u00e1nchez buscar\u00e1 capitalizar estos avances como parte central de su campa\u00f1a.<\/p>\n\n\n\n<p>Pero la incertidumbre pol\u00edtica sigue presente. El regreso de Puigdemont en septiembre puede alterar el equilibrio. Su Partido conservador y nacionalista catal\u00e1n buscar\u00e1 diferenciarse de ERC y del PSC, marcando distancia tanto de S\u00e1nchez como de Salvador Illa. Aunque con la vista puesta en las elecciones catalanas de 2028, podr\u00eda ofrecer unos meses de relativa calma pol\u00edtica. Al menos hasta el pr\u00f3ximo solsticio de verano&#8230; o hasta que vuelvan los fuegos artificiales de San Juan.<\/p>\n\n\n\n<p class=\"has-text-align-center\"><em>For more information, join our social media profiles on <a href=\"https:\/\/twitter.com\/InFluenceSpain\">X<\/a>&nbsp;and&nbsp;<\/em><a href=\"https:\/\/www.linkedin.com\/company\/influencespain\/?viewAsMember=true\"><em>LinkedIn<\/em><\/a>.<\/p>\n\n\n\n<p class=\"has-text-align-center\"><\/p>\n\n\n\n<p><\/p>\n","protected":false},"excerpt":{"rendered":"<p>By: Sebastian Mariz, Owner and Managing Director of InFluenze Spain.<\/p>\n","protected":false},"author":2,"featured_media":2261,"comment_status":"open","ping_status":"open","sticky":false,"template":"","format":"standard","meta":{"footnotes":""},"categories":[487],"tags":[880,881,256,217,509],"class_list":["post-4747","post","type-post","status-publish","format-standard","has-post-thumbnail","hentry","category-spanish-affairs-es","tag-iberian-federation-es","tag-nato-es","tag-partido-socialista","tag-pedro-sanchez","tag-prime-minister-es"],"yoast_head":"<!-- This site is optimized with the Yoast SEO plugin v27.4 - https:\/\/yoast.com\/product\/yoast-seo-wordpress\/ -->\n<title>El nacimiento de la nueva Federaci\u00f3n Ib\u00e9rica - Influence Spain | Consultor\u00eda de asuntos p\u00fablicos y lobbying<\/title>\n<meta name=\"description\" content=\"Nuestro CEO, Sebasti\u00e1n Mariz, eval\u00faa la situaci\u00f3n pol\u00edtica actual en Espa\u00f1a, marcada por nuevos casos de corrupci\u00f3n, y comparte su perspectiva sobre las pr\u00f3ximas elecciones.\" \/>\n<meta name=\"robots\" content=\"index, follow, max-snippet:-1, max-image-preview:large, max-video-preview:-1\" \/>\n<link rel=\"canonical\" href=\"https:\/\/influenzespain.com\/es\/el-nacimiento-de-la-nueva-federacion-iberica\/\" \/>\n<meta property=\"og:locale\" content=\"es_ES\" \/>\n<meta property=\"og:type\" content=\"article\" \/>\n<meta property=\"og:title\" content=\"El nacimiento de la nueva Federaci\u00f3n Ib\u00e9rica\" \/>\n<meta property=\"og:description\" content=\"Nuestro CEO, Sebasti\u00e1n Mariz, eval\u00faa la situaci\u00f3n pol\u00edtica actual en Espa\u00f1a, marcada por nuevos casos de corrupci\u00f3n, y comparte su perspectiva sobre las pr\u00f3ximas elecciones.\" \/>\n<meta property=\"og:url\" content=\"https:\/\/influenzespain.com\/es\/el-nacimiento-de-la-nueva-federacion-iberica\/\" \/>\n<meta property=\"og:site_name\" content=\"Influence Spain | Consultor\u00eda de asuntos p\u00fablicos y lobbying\" \/>\n<meta property=\"article:published_time\" content=\"2025-06-26T13:06:20+00:00\" \/>\n<meta property=\"article:modified_time\" content=\"2025-07-14T07:37:28+00:00\" \/>\n<meta property=\"og:image\" content=\"https:\/\/influenzespain.com\/wp-content\/uploads\/2023\/02\/SpanishAffairs_2023-1024x768.jpg\" \/>\n<meta name=\"author\" content=\"InFluenze Spain\" \/>\n<meta name=\"twitter:card\" content=\"summary_large_image\" \/>\n<meta name=\"twitter:title\" content=\"El nacimiento de la nueva Federaci\u00f3n Ib\u00e9rica\" \/>\n<meta name=\"twitter:description\" content=\"Nuestro CEO, Sebasti\u00e1n Mariz, eval\u00faa la situaci\u00f3n pol\u00edtica actual en Espa\u00f1a, marcada por nuevos casos de corrupci\u00f3n, y comparte su perspectiva sobre las pr\u00f3ximas elecciones.\" \/>\n<meta name=\"twitter:image\" content=\"https:\/\/influenzespain.com\/wp-content\/uploads\/2023\/02\/SpanishAffairs_2023-1024x768.jpg\" \/>\n<meta name=\"twitter:creator\" content=\"@InFluenceSpain\" \/>\n<meta name=\"twitter:site\" content=\"@InFluenceSpain\" \/>\n<meta name=\"twitter:label1\" content=\"Escrito por\" \/>\n\t<meta name=\"twitter:data1\" content=\"InFluenze Spain\" \/>\n\t<meta name=\"twitter:label2\" content=\"Tiempo de lectura\" \/>\n\t<meta name=\"twitter:data2\" content=\"3 minutos\" \/>\n<script type=\"application\/ld+json\" class=\"yoast-schema-graph\">{\"@context\":\"https:\\\/\\\/schema.org\",\"@graph\":[{\"@type\":\"Article\",\"@id\":\"https:\\\/\\\/influenzespain.com\\\/es\\\/el-nacimiento-de-la-nueva-federacion-iberica\\\/#article\",\"isPartOf\":{\"@id\":\"https:\\\/\\\/influenzespain.com\\\/es\\\/el-nacimiento-de-la-nueva-federacion-iberica\\\/\"},\"author\":{\"name\":\"InFluenze Spain\",\"@id\":\"https:\\\/\\\/influenzespain.com\\\/#\\\/schema\\\/person\\\/db6f35f53d1c4f87e1118e7aa76dcc1d\"},\"headline\":\"El nacimiento de la nueva Federaci\u00f3n Ib\u00e9rica\",\"datePublished\":\"2025-06-26T13:06:20+00:00\",\"dateModified\":\"2025-07-14T07:37:28+00:00\",\"mainEntityOfPage\":{\"@id\":\"https:\\\/\\\/influenzespain.com\\\/es\\\/el-nacimiento-de-la-nueva-federacion-iberica\\\/\"},\"wordCount\":554,\"commentCount\":0,\"publisher\":{\"@id\":\"https:\\\/\\\/influenzespain.com\\\/#organization\"},\"image\":{\"@id\":\"https:\\\/\\\/influenzespain.com\\\/es\\\/el-nacimiento-de-la-nueva-federacion-iberica\\\/#primaryimage\"},\"thumbnailUrl\":\"https:\\\/\\\/influenzespain.com\\\/wp-content\\\/uploads\\\/2023\\\/02\\\/SpanishAffairs_2023.jpg\",\"keywords\":[\"Iberian Federation\",\"NATO\",\"Partido Socialista\",\"Pedro S\u00e1nchez\",\"Prime Minister\"],\"articleSection\":[\"Spanish Affairs (ES)\"],\"inLanguage\":\"es\",\"potentialAction\":[{\"@type\":\"CommentAction\",\"name\":\"Comment\",\"target\":[\"https:\\\/\\\/influenzespain.com\\\/es\\\/el-nacimiento-de-la-nueva-federacion-iberica\\\/#respond\"]}]},{\"@type\":\"WebPage\",\"@id\":\"https:\\\/\\\/influenzespain.com\\\/es\\\/el-nacimiento-de-la-nueva-federacion-iberica\\\/\",\"url\":\"https:\\\/\\\/influenzespain.com\\\/es\\\/el-nacimiento-de-la-nueva-federacion-iberica\\\/\",\"name\":\"El nacimiento de la nueva Federaci\u00f3n Ib\u00e9rica - Influence Spain | Consultor\u00eda de asuntos p\u00fablicos y lobbying\",\"isPartOf\":{\"@id\":\"https:\\\/\\\/influenzespain.com\\\/#website\"},\"primaryImageOfPage\":{\"@id\":\"https:\\\/\\\/influenzespain.com\\\/es\\\/el-nacimiento-de-la-nueva-federacion-iberica\\\/#primaryimage\"},\"image\":{\"@id\":\"https:\\\/\\\/influenzespain.com\\\/es\\\/el-nacimiento-de-la-nueva-federacion-iberica\\\/#primaryimage\"},\"thumbnailUrl\":\"https:\\\/\\\/influenzespain.com\\\/wp-content\\\/uploads\\\/2023\\\/02\\\/SpanishAffairs_2023.jpg\",\"datePublished\":\"2025-06-26T13:06:20+00:00\",\"dateModified\":\"2025-07-14T07:37:28+00:00\",\"description\":\"Nuestro CEO, Sebasti\u00e1n Mariz, eval\u00faa la situaci\u00f3n pol\u00edtica actual en Espa\u00f1a, marcada por nuevos casos de corrupci\u00f3n, y comparte su perspectiva sobre las pr\u00f3ximas elecciones.\",\"breadcrumb\":{\"@id\":\"https:\\\/\\\/influenzespain.com\\\/es\\\/el-nacimiento-de-la-nueva-federacion-iberica\\\/#breadcrumb\"},\"inLanguage\":\"es\",\"potentialAction\":[{\"@type\":\"ReadAction\",\"target\":[\"https:\\\/\\\/influenzespain.com\\\/es\\\/el-nacimiento-de-la-nueva-federacion-iberica\\\/\"]}]},{\"@type\":\"ImageObject\",\"inLanguage\":\"es\",\"@id\":\"https:\\\/\\\/influenzespain.com\\\/es\\\/el-nacimiento-de-la-nueva-federacion-iberica\\\/#primaryimage\",\"url\":\"https:\\\/\\\/influenzespain.com\\\/wp-content\\\/uploads\\\/2023\\\/02\\\/SpanishAffairs_2023.jpg\",\"contentUrl\":\"https:\\\/\\\/influenzespain.com\\\/wp-content\\\/uploads\\\/2023\\\/02\\\/SpanishAffairs_2023.jpg\",\"width\":1200,\"height\":900,\"caption\":\"Spanish Parliament\"},{\"@type\":\"BreadcrumbList\",\"@id\":\"https:\\\/\\\/influenzespain.com\\\/es\\\/el-nacimiento-de-la-nueva-federacion-iberica\\\/#breadcrumb\",\"itemListElement\":[{\"@type\":\"ListItem\",\"position\":1,\"name\":\"Portada\",\"item\":\"https:\\\/\\\/influenzespain.com\\\/\"},{\"@type\":\"ListItem\",\"position\":2,\"name\":\"El nacimiento de la nueva Federaci\u00f3n Ib\u00e9rica\"}]},{\"@type\":\"WebSite\",\"@id\":\"https:\\\/\\\/influenzespain.com\\\/#website\",\"url\":\"https:\\\/\\\/influenzespain.com\\\/\",\"name\":\"Influence Spain | Consultor\u00eda de asuntos p\u00fablicos y lobbying\",\"description\":\"La consultor\u00eda de Asuntos P\u00fablicos y Lobbying pionera de Espa\u00f1a\",\"publisher\":{\"@id\":\"https:\\\/\\\/influenzespain.com\\\/#organization\"},\"potentialAction\":[{\"@type\":\"SearchAction\",\"target\":{\"@type\":\"EntryPoint\",\"urlTemplate\":\"https:\\\/\\\/influenzespain.com\\\/?s={search_term_string}\"},\"query-input\":{\"@type\":\"PropertyValueSpecification\",\"valueRequired\":true,\"valueName\":\"search_term_string\"}}],\"inLanguage\":\"es\"},{\"@type\":\"Organization\",\"@id\":\"https:\\\/\\\/influenzespain.com\\\/#organization\",\"name\":\"InFluenceSpain\",\"url\":\"https:\\\/\\\/influenzespain.com\\\/\",\"logo\":{\"@type\":\"ImageObject\",\"inLanguage\":\"es\",\"@id\":\"https:\\\/\\\/influenzespain.com\\\/#\\\/schema\\\/logo\\\/image\\\/\",\"url\":\"https:\\\/\\\/influenzespain.com\\\/wp-content\\\/uploads\\\/2020\\\/12\\\/logo-influence-spain-lobby-consultoria-asuntos-publicos-275.jpg\",\"contentUrl\":\"https:\\\/\\\/influenzespain.com\\\/wp-content\\\/uploads\\\/2020\\\/12\\\/logo-influence-spain-lobby-consultoria-asuntos-publicos-275.jpg\",\"width\":275,\"height\":65,\"caption\":\"InFluenceSpain\"},\"image\":{\"@id\":\"https:\\\/\\\/influenzespain.com\\\/#\\\/schema\\\/logo\\\/image\\\/\"},\"sameAs\":[\"https:\\\/\\\/x.com\\\/InFluenceSpain\",\"https:\\\/\\\/www.linkedin.com\\\/company\\\/influencespain\\\/\"]},{\"@type\":\"Person\",\"@id\":\"https:\\\/\\\/influenzespain.com\\\/#\\\/schema\\\/person\\\/db6f35f53d1c4f87e1118e7aa76dcc1d\",\"name\":\"InFluenze Spain\",\"image\":{\"@type\":\"ImageObject\",\"inLanguage\":\"es\",\"@id\":\"https:\\\/\\\/secure.gravatar.com\\\/avatar\\\/e3437bffd9df1ea898c2fce9ad5070358be5f16f1bb22c8e00e1cc0d9d9d1f59?s=96&d=mm&r=g\",\"url\":\"https:\\\/\\\/secure.gravatar.com\\\/avatar\\\/e3437bffd9df1ea898c2fce9ad5070358be5f16f1bb22c8e00e1cc0d9d9d1f59?s=96&d=mm&r=g\",\"contentUrl\":\"https:\\\/\\\/secure.gravatar.com\\\/avatar\\\/e3437bffd9df1ea898c2fce9ad5070358be5f16f1bb22c8e00e1cc0d9d9d1f59?s=96&d=mm&r=g\",\"caption\":\"InFluenze Spain\"},\"sameAs\":[\"https:\\\/\\\/influenzespain.com\"],\"url\":\"https:\\\/\\\/influenzespain.com\\\/es\\\/author\\\/admin_influence\\\/\"}]}<\/script>\n<!-- \/ Yoast SEO plugin. -->","yoast_head_json":{"title":"El nacimiento de la nueva Federaci\u00f3n Ib\u00e9rica - Influence Spain | Consultor\u00eda de asuntos p\u00fablicos y lobbying","description":"Nuestro CEO, Sebasti\u00e1n Mariz, eval\u00faa la situaci\u00f3n pol\u00edtica actual en Espa\u00f1a, marcada por nuevos casos de corrupci\u00f3n, y comparte su perspectiva sobre las pr\u00f3ximas elecciones.","robots":{"index":"index","follow":"follow","max-snippet":"max-snippet:-1","max-image-preview":"max-image-preview:large","max-video-preview":"max-video-preview:-1"},"canonical":"https:\/\/influenzespain.com\/es\/el-nacimiento-de-la-nueva-federacion-iberica\/","og_locale":"es_ES","og_type":"article","og_title":"El nacimiento de la nueva Federaci\u00f3n Ib\u00e9rica","og_description":"Nuestro CEO, Sebasti\u00e1n Mariz, eval\u00faa la situaci\u00f3n pol\u00edtica actual en Espa\u00f1a, marcada por nuevos casos de corrupci\u00f3n, y comparte su perspectiva sobre las pr\u00f3ximas elecciones.","og_url":"https:\/\/influenzespain.com\/es\/el-nacimiento-de-la-nueva-federacion-iberica\/","og_site_name":"Influence Spain | Consultor\u00eda de asuntos p\u00fablicos y lobbying","article_published_time":"2025-06-26T13:06:20+00:00","article_modified_time":"2025-07-14T07:37:28+00:00","og_image":[{"url":"https:\/\/influenzespain.com\/wp-content\/uploads\/2023\/02\/SpanishAffairs_2023-1024x768.jpg","type":"","width":"","height":""}],"author":"InFluenze Spain","twitter_card":"summary_large_image","twitter_title":"El nacimiento de la nueva Federaci\u00f3n Ib\u00e9rica","twitter_description":"Nuestro CEO, Sebasti\u00e1n Mariz, eval\u00faa la situaci\u00f3n pol\u00edtica actual en Espa\u00f1a, marcada por nuevos casos de corrupci\u00f3n, y comparte su perspectiva sobre las pr\u00f3ximas elecciones.","twitter_image":"https:\/\/influenzespain.com\/wp-content\/uploads\/2023\/02\/SpanishAffairs_2023-1024x768.jpg","twitter_creator":"@InFluenceSpain","twitter_site":"@InFluenceSpain","twitter_misc":{"Escrito por":"InFluenze Spain","Tiempo de lectura":"3 minutos"},"schema":{"@context":"https:\/\/schema.org","@graph":[{"@type":"Article","@id":"https:\/\/influenzespain.com\/es\/el-nacimiento-de-la-nueva-federacion-iberica\/#article","isPartOf":{"@id":"https:\/\/influenzespain.com\/es\/el-nacimiento-de-la-nueva-federacion-iberica\/"},"author":{"name":"InFluenze Spain","@id":"https:\/\/influenzespain.com\/#\/schema\/person\/db6f35f53d1c4f87e1118e7aa76dcc1d"},"headline":"El nacimiento de la nueva Federaci\u00f3n Ib\u00e9rica","datePublished":"2025-06-26T13:06:20+00:00","dateModified":"2025-07-14T07:37:28+00:00","mainEntityOfPage":{"@id":"https:\/\/influenzespain.com\/es\/el-nacimiento-de-la-nueva-federacion-iberica\/"},"wordCount":554,"commentCount":0,"publisher":{"@id":"https:\/\/influenzespain.com\/#organization"},"image":{"@id":"https:\/\/influenzespain.com\/es\/el-nacimiento-de-la-nueva-federacion-iberica\/#primaryimage"},"thumbnailUrl":"https:\/\/influenzespain.com\/wp-content\/uploads\/2023\/02\/SpanishAffairs_2023.jpg","keywords":["Iberian Federation","NATO","Partido Socialista","Pedro S\u00e1nchez","Prime Minister"],"articleSection":["Spanish Affairs (ES)"],"inLanguage":"es","potentialAction":[{"@type":"CommentAction","name":"Comment","target":["https:\/\/influenzespain.com\/es\/el-nacimiento-de-la-nueva-federacion-iberica\/#respond"]}]},{"@type":"WebPage","@id":"https:\/\/influenzespain.com\/es\/el-nacimiento-de-la-nueva-federacion-iberica\/","url":"https:\/\/influenzespain.com\/es\/el-nacimiento-de-la-nueva-federacion-iberica\/","name":"El nacimiento de la nueva Federaci\u00f3n Ib\u00e9rica - Influence Spain | Consultor\u00eda de asuntos p\u00fablicos y lobbying","isPartOf":{"@id":"https:\/\/influenzespain.com\/#website"},"primaryImageOfPage":{"@id":"https:\/\/influenzespain.com\/es\/el-nacimiento-de-la-nueva-federacion-iberica\/#primaryimage"},"image":{"@id":"https:\/\/influenzespain.com\/es\/el-nacimiento-de-la-nueva-federacion-iberica\/#primaryimage"},"thumbnailUrl":"https:\/\/influenzespain.com\/wp-content\/uploads\/2023\/02\/SpanishAffairs_2023.jpg","datePublished":"2025-06-26T13:06:20+00:00","dateModified":"2025-07-14T07:37:28+00:00","description":"Nuestro CEO, Sebasti\u00e1n Mariz, eval\u00faa la situaci\u00f3n pol\u00edtica actual en Espa\u00f1a, marcada por nuevos casos de corrupci\u00f3n, y comparte su perspectiva sobre las pr\u00f3ximas elecciones.","breadcrumb":{"@id":"https:\/\/influenzespain.com\/es\/el-nacimiento-de-la-nueva-federacion-iberica\/#breadcrumb"},"inLanguage":"es","potentialAction":[{"@type":"ReadAction","target":["https:\/\/influenzespain.com\/es\/el-nacimiento-de-la-nueva-federacion-iberica\/"]}]},{"@type":"ImageObject","inLanguage":"es","@id":"https:\/\/influenzespain.com\/es\/el-nacimiento-de-la-nueva-federacion-iberica\/#primaryimage","url":"https:\/\/influenzespain.com\/wp-content\/uploads\/2023\/02\/SpanishAffairs_2023.jpg","contentUrl":"https:\/\/influenzespain.com\/wp-content\/uploads\/2023\/02\/SpanishAffairs_2023.jpg","width":1200,"height":900,"caption":"Spanish Parliament"},{"@type":"BreadcrumbList","@id":"https:\/\/influenzespain.com\/es\/el-nacimiento-de-la-nueva-federacion-iberica\/#breadcrumb","itemListElement":[{"@type":"ListItem","position":1,"name":"Portada","item":"https:\/\/influenzespain.com\/"},{"@type":"ListItem","position":2,"name":"El nacimiento de la nueva Federaci\u00f3n Ib\u00e9rica"}]},{"@type":"WebSite","@id":"https:\/\/influenzespain.com\/#website","url":"https:\/\/influenzespain.com\/","name":"Influence Spain | Consultor\u00eda de asuntos p\u00fablicos y lobbying","description":"La consultor\u00eda de Asuntos P\u00fablicos y Lobbying pionera de Espa\u00f1a","publisher":{"@id":"https:\/\/influenzespain.com\/#organization"},"potentialAction":[{"@type":"SearchAction","target":{"@type":"EntryPoint","urlTemplate":"https:\/\/influenzespain.com\/?s={search_term_string}"},"query-input":{"@type":"PropertyValueSpecification","valueRequired":true,"valueName":"search_term_string"}}],"inLanguage":"es"},{"@type":"Organization","@id":"https:\/\/influenzespain.com\/#organization","name":"InFluenceSpain","url":"https:\/\/influenzespain.com\/","logo":{"@type":"ImageObject","inLanguage":"es","@id":"https:\/\/influenzespain.com\/#\/schema\/logo\/image\/","url":"https:\/\/influenzespain.com\/wp-content\/uploads\/2020\/12\/logo-influence-spain-lobby-consultoria-asuntos-publicos-275.jpg","contentUrl":"https:\/\/influenzespain.com\/wp-content\/uploads\/2020\/12\/logo-influence-spain-lobby-consultoria-asuntos-publicos-275.jpg","width":275,"height":65,"caption":"InFluenceSpain"},"image":{"@id":"https:\/\/influenzespain.com\/#\/schema\/logo\/image\/"},"sameAs":["https:\/\/x.com\/InFluenceSpain","https:\/\/www.linkedin.com\/company\/influencespain\/"]},{"@type":"Person","@id":"https:\/\/influenzespain.com\/#\/schema\/person\/db6f35f53d1c4f87e1118e7aa76dcc1d","name":"InFluenze Spain","image":{"@type":"ImageObject","inLanguage":"es","@id":"https:\/\/secure.gravatar.com\/avatar\/e3437bffd9df1ea898c2fce9ad5070358be5f16f1bb22c8e00e1cc0d9d9d1f59?s=96&d=mm&r=g","url":"https:\/\/secure.gravatar.com\/avatar\/e3437bffd9df1ea898c2fce9ad5070358be5f16f1bb22c8e00e1cc0d9d9d1f59?s=96&d=mm&r=g","contentUrl":"https:\/\/secure.gravatar.com\/avatar\/e3437bffd9df1ea898c2fce9ad5070358be5f16f1bb22c8e00e1cc0d9d9d1f59?s=96&d=mm&r=g","caption":"InFluenze Spain"},"sameAs":["https:\/\/influenzespain.com"],"url":"https:\/\/influenzespain.com\/es\/author\/admin_influence\/"}]}},"_links":{"self":[{"href":"https:\/\/influenzespain.com\/es\/wp-json\/wp\/v2\/posts\/4747","targetHints":{"allow":["GET"]}}],"collection":[{"href":"https:\/\/influenzespain.com\/es\/wp-json\/wp\/v2\/posts"}],"about":[{"href":"https:\/\/influenzespain.com\/es\/wp-json\/wp\/v2\/types\/post"}],"author":[{"embeddable":true,"href":"https:\/\/influenzespain.com\/es\/wp-json\/wp\/v2\/users\/2"}],"replies":[{"embeddable":true,"href":"https:\/\/influenzespain.com\/es\/wp-json\/wp\/v2\/comments?post=4747"}],"version-history":[{"count":3,"href":"https:\/\/influenzespain.com\/es\/wp-json\/wp\/v2\/posts\/4747\/revisions"}],"predecessor-version":[{"id":4907,"href":"https:\/\/influenzespain.com\/es\/wp-json\/wp\/v2\/posts\/4747\/revisions\/4907"}],"wp:featuredmedia":[{"embeddable":true,"href":"https:\/\/influenzespain.com\/es\/wp-json\/wp\/v2\/media\/2261"}],"wp:attachment":[{"href":"https:\/\/influenzespain.com\/es\/wp-json\/wp\/v2\/media?parent=4747"}],"wp:term":[{"taxonomy":"category","embeddable":true,"href":"https:\/\/influenzespain.com\/es\/wp-json\/wp\/v2\/categories?post=4747"},{"taxonomy":"post_tag","embeddable":true,"href":"https:\/\/influenzespain.com\/es\/wp-json\/wp\/v2\/tags?post=4747"}],"curies":[{"name":"wp","href":"https:\/\/api.w.org\/{rel}","templated":true}]}}