{"id":4866,"date":"2025-07-09T07:59:22","date_gmt":"2025-07-09T07:59:22","guid":{"rendered":"https:\/\/influenzespain.com\/navegando-por-la-coalicion-espanola-que-exigen-sumar-junts-y-erc-a-pedro-sanchez\/"},"modified":"2025-07-09T09:12:06","modified_gmt":"2025-07-09T09:12:06","slug":"navegando-por-la-coalicion-espanola-que-exigen-sumar-junts-y-erc-a-pedro-sanchez","status":"publish","type":"post","link":"https:\/\/influenzespain.com\/es\/navegando-por-la-coalicion-espanola-que-exigen-sumar-junts-y-erc-a-pedro-sanchez\/","title":{"rendered":"Navegando por la coalici\u00f3n espa\u00f1ola: qu\u00e9 exigen Sumar, Junts y ERC a Pedro S\u00e1nchez"},"content":{"rendered":"\n<figure class=\"wp-block-image size-full is-resized\"><img loading=\"lazy\" decoding=\"async\" width=\"352\" height=\"392\" src=\"https:\/\/influenzespain.com\/wp-content\/uploads\/2024\/11\/EOT.png\" alt=\"\" class=\"wp-image-3536\" style=\"width:161px;height:172px\" srcset=\"https:\/\/influenzespain.com\/wp-content\/uploads\/2024\/11\/EOT.png 352w, https:\/\/influenzespain.com\/wp-content\/uploads\/2024\/11\/EOT-269x300.png 269w\" sizes=\"auto, (max-width: 352px) 100vw, 352px\" \/><\/figure>\n\n\n\n<p><strong><em>Por: <a href=\"https:\/\/influenzespain.com\/es\/equipo\/\">Enrique Opi Tufet<\/a>, l\u00edder de InFluCat y asesor senior en turismo.<\/em><\/strong><\/p>\n\n\n\n<p class=\"has-white-color has-text-color has-link-color wp-elements-7e4ac651328708ea719ac0894fa30934\">.<\/p>\n\n\n\n<p><p data-start=\"84\" data-end=\"654\">Como dice el refr\u00e1n, \u00ab<em>los mares tranquilos no hacen buenos marineros<\/em>\u00ab, y el actual clima pol\u00edtico turbulento en Espa\u00f1a est\u00e1 poniendo a prueba la resiliencia, la habilidad y la capacidad de adaptaci\u00f3n de sus l\u00edderes como nunca antes. El complejo equilibrio de poder, las demandas regionales y las alianzas fr\u00e1giles pueden resultar inquietantes, pero tambi\u00e9n ofrecen una oportunidad excepcional para avanzar hacia reformas m\u00e1s profundas y una gobernanza m\u00e1s pluralista, siempre que quienes est\u00e1n al mando est\u00e9n preparados para afrontar la tormenta con claridad y valent\u00eda.<\/p><\/p>\n\n\n\n<p>El presidente del Gobierno, Pedro S\u00e1nchez, enfrenta una creciente presi\u00f3n desde dentro de su propia coalici\u00f3n, tanto en Madrid como en Catalu\u00f1a. Mientras trata de gestionar las exigencias de sus principales socios \u2014Sumar, Junts per Catalunya y Esquerra Republicana de Catalunya\u2014 su capacidad para mantener la estabilidad pol\u00edtica se pone a prueba constantemente. Si bien hay otras presiones relevantes, especialmente desde partidos del Pa\u00eds Vasco, este art\u00edculo se centra espec\u00edficamente en los desaf\u00edos y negociaciones que S\u00e1nchez enfrenta con sus aliados de coalici\u00f3n en Madrid y Catalu\u00f1a.<\/p>\n\n\n\n<h3 class=\"wp-block-heading\"><h3 data-start=\"1254\" data-end=\"1336\"><strong data-start=\"1258\" data-end=\"1336\">Sumar: las demandas sociales e institucionales de la izquierda progresista<\/strong><\/h3><\/h3>\n\n\n\n<p>Sumar, liderado por Yolanda D\u00edaz, es la fuerza progresista de la coalici\u00f3n, centrada en la justicia social y la reforma institucional:<\/p>\n\n\n\n<p><ul>&#13;\n \t<li data-start=\"1474\" data-end=\"1766\">&#13;\n<p data-start=\"1476\" data-end=\"1766\"><strong data-start=\"1476\" data-end=\"1506\">Iniciativas Anticorrupci\u00f3n.<\/strong>\u00a0Sumar propone medidas contundentes como la expropiaci\u00f3n de bienes de actores corruptos, prohibiciones prolongadas para que empresas condenadas accedan a contratos p\u00fablicos y la creaci\u00f3n de una agencia anticorrupci\u00f3n independiente con capacidad investigadora.<\/p>&#13;\n<\/li>&#13;\n<\/ul><\/p>\n\n\n\n<p><ul>&#13;\n \t<li data-start=\"1768\" data-end=\"1973\">&#13;\n<p data-start=\"1770\" data-end=\"1973\"><strong data-start=\"1770\" data-end=\"1806\">Ampliaci\u00f3n de Pol\u00edticas Sociales.<\/strong>\u00a0Impulsan reformas m\u00e1s ambiciosas en vivienda y cuidados, y se oponen al aumento del gasto militar, defendiendo en su lugar una mayor inversi\u00f3n en programas sociales.<\/p>&#13;\n<\/li>&#13;\n<\/ul><\/p>\n\n\n\n<p><ul data-start=\"1474\" data-end=\"2118\">&#13;\n \t<li data-start=\"1975\" data-end=\"2118\">&#13;\n<p data-start=\"1977\" data-end=\"2118\"><strong data-start=\"1977\" data-end=\"2002\">Narrativa de Progreso. <\/strong>Sumar busca contrarrestar la desafecci\u00f3n pol\u00edtica promoviendo una visi\u00f3n clara y progresista del futuro de Espa\u00f1a.<\/p>&#13;\n<\/li>&#13;\n<\/ul><\/p>\n\n\n\n<p><h4 data-start=\"2120\" data-end=\"2178\"><strong data-start=\"2125\" data-end=\"2178\">Medidas clave anticorrupci\u00f3n propuestas por Sumar.<\/strong><\/h4><\/p>\n\n\n\n<ul class=\"wp-block-list\">\n<li>Creaci\u00f3n de una Agencia Anticorrupci\u00f3n Independiente, con poderes sancionadores y capacidad para colaborar con la Fiscal\u00eda y recibir denuncias an\u00f3nimas.<\/li>\n<\/ul>\n\n\n\n<ul class=\"wp-block-list\">\n<li>Creaci\u00f3n de una Oficina Antifraude\/Anticorrupci\u00f3n en el Congreso. Desde Sumar promueven una proposici\u00f3n de ley en el Congreso para institucionalizar una oficina de estilo &#8216;Defensor del Pueblo&#8217; dedicada a la prevenci\u00f3n del fraude, siguiendo las recomendaciones del GRECO (Grupo de Estados contra la Corrupci\u00f3n).<\/li>\n<\/ul>\n\n\n\n<ul class=\"wp-block-list\">\n<li>Endurecimiento del Marco Legal, incluyendo:<ul>\t<\/ul>\n<ul class=\"wp-block-list\">\n<li>Prohibici\u00f3n de que las empresas condenadas por corrupci\u00f3n participen en contratos p\u00fablicos por hasta 20 a\u00f1os.<\/li>\n\n\n\n<li>Tipificaci\u00f3n como delito del enriquecimiento il\u00edcito de funcionarios p\u00fablicos.<\/li>\n\n\n\n<li>Ampliaci\u00f3n de las inhabilitaciones para que personas condenadas puedan ejercer cargos p\u00fablicos, hasta por 30 a\u00f1os.<\/li>\n\n\n\n<li>Prohibici\u00f3n de indultos en casos de corrupci\u00f3n.<\/li>\n<\/ul>\n<\/li>\n<\/ul>\n\n\n\n<ul class=\"wp-block-list\">\n<li>Confiscaci\u00f3n de Bienes y Responsabilidad Corporativa. Mecanismos para expropiar activos derivados de la corrupci\u00f3n y responsabilizar a las empresas involucradas.<br><br><\/li>\n<\/ul>\n\n\n\n<p><p data-start=\"2898\" data-end=\"3101\"><strong data-start=\"2898\" data-end=\"2921\">Tramitaci\u00f3n Urgente.<\/strong>\u00a0Las medidas forman parte de un paquete legislativo que incluye 24 iniciativas anticorrupci\u00f3n y 8 leyes sociales que Sumar quiere aprobar antes del receso parlamentario de agosto.<\/p><\/p>\n\n\n\n<h3 class=\"wp-block-heading\"><h3 data-start=\"3108\" data-end=\"3168\"><strong data-start=\"3112\" data-end=\"3168\">Junts: nacionalismo catal\u00e1n y cumplimiento de pactos<\/strong><\/h3><\/h3>\n\n\n\n<p>Junts, que representa los intereses independentistas catalanes, utiliza su influencia parlamentaria para lograr avances regionales:<\/p>\n\n\n\n<p><article class=\"text-token-text-primary w-full\" dir=\"auto\" data-testid=\"conversation-turn-364\" data-scroll-anchor=\"true\">&#13;\n<div class=\"text-base my-auto mx-auto py-5 [--thread-content-margin:--spacing(4)] @[37rem]:[--thread-content-margin:--spacing(6)] @[72rem]:[--thread-content-margin:--spacing(16)] px-(--thread-content-margin)\">&#13;\n<div class=\"[--thread-content-max-width:32rem] @[34rem]:[--thread-content-max-width:40rem] @[64rem]:[--thread-content-max-width:48rem] mx-auto flex max-w-(--thread-content-max-width) flex-1 text-base gap-4 md:gap-5 lg:gap-6 group\/turn-messages focus-visible:outline-hidden\" tabindex=\"-1\">&#13;\n<div class=\"group\/conversation-turn relative flex w-full min-w-0 flex-col agent-turn\">&#13;\n<div class=\"relative flex-col gap-1 md:gap-3\">&#13;\n<div class=\"flex max-w-full flex-col grow\">&#13;\n<div class=\"min-h-8 text-message relative flex w-full flex-col items-end gap-2 text-start break-words whitespace-normal [.text-message+&amp;]:mt-5\" dir=\"auto\" data-message-author-role=\"assistant\" data-message-id=\"821c98b2-b427-428c-8470-4ffd9eea0752\" data-message-model-slug=\"gpt-4o\">&#13;\n<div class=\"flex w-full flex-col gap-1 empty:hidden first:pt-[3px]\">&#13;\n<div class=\"markdown prose dark:prose-invert w-full break-words light\">&#13;\n<p data-start=\"0\" data-end=\"453\" data-is-last-node=\"\" data-is-only-node=\"\"><strong>Aplicaci\u00f3n de los acuerdos de investidura<\/strong>. Junts hace referencia al \u201cAcuerdo pol\u00edtico entre el PSOE y Junts per Catalunya\u201d (firmado el 9 de noviembre de 2023), que compromete a S\u00e1nchez a una amnist\u00eda con mediaci\u00f3n internacional y otras garant\u00edas a cambio del apoyo de Junts. El partido exige el estricto cumplimiento de dicho acuerdo, incluida la controvertida Ley de Amnist\u00eda para los l\u00edderes catalanes implicados en el proceso independentista de 2017.<\/p>&#13;\n&#13;\n<\/div>&#13;\n<\/div>&#13;\n<\/div>&#13;\n<\/div>&#13;\n<\/div>&#13;\n<\/div>&#13;\n<\/div>&#13;\n<\/div>&#13;\n<\/article><\/p>\n\n\n\n<p><\/p>\n\n\n\n<p><p data-start=\"3704\" data-end=\"3852\"><strong data-start=\"3704\" data-end=\"3730\">Autonom\u00eda Fiscal.<\/strong>\u00a0Demandan el control total de los ingresos fiscales de Catalu\u00f1a, se\u00f1alando una falta de confianza en el Gobierno central.<\/p><\/p>\n\n\n\n<p><p data-start=\"3856\" data-end=\"4001\"><strong data-start=\"3856\" data-end=\"3883\">Gobernanza por consenso.<\/strong> Junts exige consenso previo en decisiones clave y amenaza con mociones de confianza si no se respetan los acuerdos.<\/p><\/p>\n\n\n\n<p><article class=\"text-token-text-primary w-full\" dir=\"auto\" data-testid=\"conversation-turn-370\" data-scroll-anchor=\"true\">&#13;\n<div class=\"text-base my-auto mx-auto py-5 [--thread-content-margin:--spacing(4)] @[37rem]:[--thread-content-margin:--spacing(6)] @[72rem]:[--thread-content-margin:--spacing(16)] px-(--thread-content-margin)\">&#13;\n<div class=\"[--thread-content-max-width:32rem] @[34rem]:[--thread-content-max-width:40rem] @[64rem]:[--thread-content-max-width:48rem] mx-auto flex max-w-(--thread-content-max-width) flex-1 text-base gap-4 md:gap-5 lg:gap-6 group\/turn-messages focus-visible:outline-hidden\" tabindex=\"-1\">&#13;\n<div class=\"group\/conversation-turn relative flex w-full min-w-0 flex-col agent-turn\">&#13;\n<div class=\"relative flex-col gap-1 md:gap-3\">&#13;\n<div class=\"flex max-w-full flex-col grow\">&#13;\n<div class=\"min-h-8 text-message relative flex w-full flex-col items-end gap-2 text-start break-words whitespace-normal [.text-message+&amp;]:mt-5\" dir=\"auto\" data-message-author-role=\"assistant\" data-message-id=\"1e668e7b-e183-4464-a170-cd0bbc208a36\" data-message-model-slug=\"gpt-4o\">&#13;\n<div class=\"flex w-full flex-col gap-1 empty:hidden first:pt-[3px]\">&#13;\n<div class=\"markdown prose dark:prose-invert w-full break-words light\">&#13;\n<p data-start=\"0\" data-end=\"132\" data-is-last-node=\"\" data-is-only-node=\"\"><strong>Responsabilidad pol\u00edtica<\/strong>. El partido mantiene una postura cr\u00edtica y est\u00e1 dispuesto a retirar su apoyo si no se cumplen sus demandas.<\/p>&#13;\n&#13;\n<\/div>&#13;\n<\/div>&#13;\n<\/div>&#13;\n<\/div>&#13;\n<\/div>&#13;\n<\/div>&#13;\n<\/div>&#13;\n<\/div>&#13;\n<\/article><\/p>\n\n\n\n<p><strong>Seguridad<\/strong>. Junts tambi\u00e9n ha exigido recientemente de forma expl\u00edcita la transferencia completa de competencias en materia de seguridad, incluyendo:<\/p>\n\n\n\n<ul class=\"wp-block-list\">\n<li>Control del Aeropuerto de El Prat y otras infraestructuras.<\/li>\n\n\n\n<li>Gesti\u00f3n fronteriza, aduanas y migraci\u00f3n.<\/li>\n\n\n\n<li>Ampliaci\u00f3n de competencias de los Mossos d&#8217;Esquadra, incluyendo algunas de las que ya se encargan la Guardia Civil o Polic\u00eda Nacional.<\/li>\n<\/ul>\n\n\n\n<p>ERC tambi\u00e9n respalda estas demandas, aunque tiende a enmarcarlas dentro de objetivos m\u00e1s amplios de descentralizaci\u00f3n administrativa y mejora de la eficiencia de los servicios p\u00fablicos, m\u00e1s que como cuestiones de soberan\u00eda. Estas reivindicaciones no son nuevas; se remontan a negociaciones previas sobre el Estatuto de Autonom\u00eda y cobraron nuevo protagonismo durante las conversaciones de investidura a finales de 2023.<\/p>\n\n\n\n<p>Sin embargo, el \u00e9nfasis en la soberan\u00eda fiscal y la Ley de Amnist\u00eda ha eclipsado las cuestiones de seguridad, aunque el control del aeropuerto, la pol\u00edtica migratoria y la plena autoridad de los Mossos siguen siendo objetivos a medio plazo, especialmente en la hoja de ruta de Junts.<\/p>\n\n\n\n<p>Ya ha habido algunas concesiones parciales, como:<\/p>\n\n\n\n<ul class=\"wp-block-list\">\n<li>Ampliaci\u00f3n de competencias de los Mossos en orden p\u00fablico y ciberseguridad..<\/li>\n\n\n\n<li>Di\u00e1logo sobre modelos de gesti\u00f3n dual para infraestructuras (por ejemplo, asociaciones entre AENA y el Gobierno Catal\u00e1n).<\/li>\n<\/ul>\n\n\n\n<h3 class=\"wp-block-heading\"><h3 data-start=\"4647\" data-end=\"4710\"><strong data-start=\"4651\" data-end=\"4710\">ERC: independencia pragm\u00e1tica y foco en la negociaci\u00f3n<\/strong><\/h3><\/h3>\n\n\n\n<p><strong>Di\u00e1logo estructurado.<\/strong>&nbsp;ERC reclama una mesa de negociaci\u00f3n formal entre los gobiernos espa\u00f1ol y catal\u00e1n, sin condiciones previas, con un calendario definido y garant\u00edas claras. Defiende que esta \u201cmesa de negociaci\u00f3n\u201d cuente con agendas establecidas, cronogramas concretos y garant\u00edas bilaterales.<\/p>\n\n\n\n<p><strong>Amnist\u00eda y refer\u00e9ndum<\/strong>. El partido insiste en la necesidad de una amnist\u00eda para los implicados en los hechos de 2017 y en el reconocimiento del derecho a un refer\u00e9ndum de autodeterminaci\u00f3n. Al igual que Junts, ERC defiende que tanto la amnist\u00eda como un refer\u00e9ndum vinculante de autodeterminaci\u00f3n son pilares fundamentales del acuerdo de investidura.<\/p>\n\n\n\n<p><strong>R\u00e9gimen fiscal y ferrocarriles.<\/strong> ERC exige mejoras en la financiaci\u00f3n de Catalu\u00f1a, incluyendo un r\u00e9gimen fiscal propio con una agencia espec\u00edfica y la transferencia de competencias como el control de los servicios ferroviarios regionales (Rodalies).<\/p>\n\n\n\n<p><strong>Reconocimiento y respeto<\/strong>. El partido busca el reconocimiento de la realidad pol\u00edtica catalana y el respeto hacia sus dirigentes, algunos de los cuales siguen en prisi\u00f3n o en el exilio. ERC reclama al Gobierno espa\u00f1ol un reconocimiento pol\u00edtico claro, con un \u00e9nfasis especial en el respeto y la protecci\u00f3n de los l\u00edderes catalanes a\u00fan detenidos o exiliados.<\/p>\n\n\n\n<p><strong>Estatus oficial del catal\u00e1n en la UE.<\/strong> ERC defiende firmemente que el catal\u00e1n sea reconocido como lengua oficial de la Uni\u00f3n Europea. Esta demanda form\u00f3 parte de las negociaciones de investidura y, aunque los avances han sido lentos, ERC contin\u00faa presionando al Gobierno espa\u00f1ol para que impulse activamente este reconocimiento formal en Bruselas, consider\u00e1ndolo una cuesti\u00f3n de dignidad cultural e igualdad europea.<\/p>\n\n\n\n<p><strong>Derechos ling\u00fc\u00edsticos y educaci\u00f3n.<\/strong> ERC sigue abogando por la plena protecci\u00f3n del catal\u00e1n en las escuelas y los medios de comunicaci\u00f3n, oponi\u00e9ndose a cualquier intento del Gobierno central o de los tribunales de imponer cuotas de castellano en el sistema educativo catal\u00e1n. Enmarcan esta defensa como una protecci\u00f3n del modelo de inmersi\u00f3n ling\u00fc\u00edstica y de la soberan\u00eda cultural.<\/p>\n\n\n\n<p>En conclusi\u00f3n, ERC equilibra su postura independentista con una estrategia de compromiso pragm\u00e1tica.<\/p>\n\n\n\n<h3 class=\"wp-block-heading\">El papel del PSC: los socialistas en Catalu\u00f1a<\/h3>\n\n\n\n<p>El PSC, liderado por Salvador Illa, desempe\u00f1a un papel crucial como mediador entre el Gobierno espa\u00f1ol y el bloque independentista catal\u00e1n. Apoyando la ley de amnist\u00eda y ciertas reformas fiscales, el partido insiste en que estas deben llevarse a cabo dentro del marco de la legalidad constitucional, con el objetivo de garantizar una gobernabilidad estable y un equilibrio econ\u00f3mico.<\/p>\n\n\n\n<p>El PSC se ha convertido en un actor central no solo en el proceso de investidura a nivel nacional \u2014alineado con el PSOE\u2014, sino tambi\u00e9n en la configuraci\u00f3n del futuro gobierno catal\u00e1n. Firm\u00f3 junto con ERC el preacuerdo para respaldar la elecci\u00f3n de Illa como presidente de la Generalitat, que incluye compromisos hacia un \u201cconcierto econ\u00f3mico\u201d y una mayor soberan\u00eda fiscal para Catalu\u00f1a.<\/p>\n\n\n\n<p>Posicion\u00e1ndose como una fuerza moderada y confiable, el PSC trabaja para conciliar las demandas de los partidos nacionalistas con las prioridades del gobierno central. Ofrece una flexibilidad mesurada en temas sensibles como la amnist\u00eda, al tiempo que mantiene su compromiso con la estabilidad legal e institucional. As\u00ed, busca contrarrestar la polarizaci\u00f3n pol\u00edtica y facilitar un consenso m\u00e1s amplio a trav\u00e9s de las divisiones ideol\u00f3gicas.<\/p>\n\n\n\n<h3 class=\"wp-block-heading\"><h3 data-start=\"6193\" data-end=\"6248\"><strong data-start=\"6197\" data-end=\"6248\">InFluence Spain: perspectiva de una consultora parte de una red internacional<\/strong><\/h3><\/h3>\n\n\n\n<p>Desde la perspectiva de una red internacional de consultor\u00eda, la din\u00e1mica de la coalici\u00f3n en Espa\u00f1a refleja los desaf\u00edos que se encuentran en otras democracias multipartidistas a nivel mundial:<\/p>\n\n\n\n<p><strong>Gesti\u00f3n de la coalici\u00f3n.<\/strong> Un gobierno eficaz requiere equilibrar diversos intereses ideol\u00f3gicos y regionales, siendo el apoyo de cada partido condicionado a avances visibles en sus demandas principales.<\/p>\n\n\n\n<p><strong>Compensaciones pol\u00edticas.<\/strong> El gobierno debe equilibrar el avance de reformas sociales progresistas con la atenci\u00f3n a la autonom\u00eda regional, lo que a menudo requiere realizar complejas compensaciones.<\/p>\n\n\n\n<p><strong>Estabilidad pol\u00edtica.<\/strong> El riesgo de fragmentaci\u00f3n de la coalici\u00f3n es alto, con la posibilidad de mociones de censura o elecciones anticipadas si no se satisfacen las demandas.<\/p>\n\n\n\n<p><strong>Comunicaci\u00f3n estrat\u00e9gica<\/strong>. Mantener la coalici\u00f3n depende de una negociaci\u00f3n transparente, la construcci\u00f3n de confianza y la capacidad de crear una narrativa unificadora que atienda tanto las aspiraciones nacionales como regionales.<\/p>\n\n\n\n<p>M\u00e1s all\u00e1 de las demandas principales de amnist\u00eda, un refer\u00e9ndum de autodeterminaci\u00f3n, soberan\u00eda fiscal y control sobre Rodalies, ERC tambi\u00e9n presiona a Pedro S\u00e1nchez en una serie de cuestiones estructurales y simb\u00f3licas. Estas incluyen la obtenci\u00f3n del estatus de idioma oficial de la UE para el catal\u00e1n, el aumento de la inversi\u00f3n estatal en Catalu\u00f1a, la reforma del sistema judicial, el fin de lo que denominan \u201clawfare\u201d contra los l\u00edderes independentistas, y el fortalecimiento de los derechos del catal\u00e1n en la educaci\u00f3n y la vida p\u00fablica. De manera crucial, muchas de estas demandas implican una redefinici\u00f3n de las competencias centrales del Estado espa\u00f1ol \u2014especialmente en materia de pol\u00edtica fiscal, justicia y soberan\u00eda nacional\u2014 y, en \u00faltima instancia, requerir\u00edan una reforma constitucional. ERC es plenamente consciente de esto y presenta estas solicitudes como parte de una hoja de ruta gradual pero decidida hacia un nuevo marco pol\u00edtico para Catalu\u00f1a dentro \u2014o potencialmente fuera\u2014 del <strong>orden constitucional espa\u00f1ol.<\/strong><\/p>\n\n\n\n<p>El momento pol\u00edtico actual de Espa\u00f1a pone de manifiesto las complejidades del gobierno de coalici\u00f3n en un sistema parlamentario fragmentado, donde la negociaci\u00f3n, el compromiso y la previsi\u00f3n estrat\u00e9gica son esenciales para la estabilidad y el progreso.<\/p>\n\n\n\n<p><\/p>\n\n\n\n<p class=\"has-white-color has-text-color has-link-color wp-elements-7e4ac651328708ea719ac0894fa30934\">.<\/p>\n\n\n\n<p class=\"has-text-align-center\">Para m\u00e1s informaci\u00f3n, s\u00edguenos en nuestros perfiles de <em><a href=\"https:\/\/twitter.com\/InFluenceSpain\">X<\/a> y&nbsp;<\/em><a href=\"https:\/\/www.linkedin.com\/company\/influencespain\/?viewAsMember=true\"><em>LinkedIn<\/em><\/a>.<\/p>\n\n\n\n<p><\/p>\n","protected":false},"excerpt":{"rendered":"<p>Por: Enrique Opi, l\u00edder de InFluCat y asesor senior en turismo.<\/p>\n","protected":false},"author":2,"featured_media":4863,"comment_status":"open","ping_status":"open","sticky":false,"template":"","format":"standard","meta":{"footnotes":""},"categories":[487],"tags":[816,885,884,217,886,323,512],"class_list":["post-4866","post","type-post","status-publish","format-standard","has-post-thumbnail","hentry","category-spanish-affairs-es","tag-erc-es","tag-influenze-spain-es","tag-junts-es","tag-pedro-sanchez","tag-psc-es","tag-psoe","tag-yolanda-diaz-es"],"yoast_head":"<!-- This site is optimized with the Yoast SEO plugin v27.4 - https:\/\/yoast.com\/product\/yoast-seo-wordpress\/ -->\n<title>Navegando por la coalici\u00f3n espa\u00f1ola: qu\u00e9 exigen Sumar, Junts y ERC a Pedro S\u00e1nchez - Influence Spain | Consultor\u00eda de asuntos p\u00fablicos y lobbying<\/title>\n<meta name=\"description\" content=\"Nuestro compa\u00f1ero Enrique Opi, l\u00edder de InFluCat, &quot;navega&quot; por las \u00faltimas peticiones de los socios de coalici\u00f3n al Presidente del Gobierno, que busca terminar la legislatura.\" \/>\n<meta name=\"robots\" content=\"index, follow, max-snippet:-1, max-image-preview:large, max-video-preview:-1\" \/>\n<link rel=\"canonical\" href=\"https:\/\/influenzespain.com\/es\/navegando-por-la-coalicion-espanola-que-exigen-sumar-junts-y-erc-a-pedro-sanchez\/\" \/>\n<meta property=\"og:locale\" content=\"es_ES\" \/>\n<meta property=\"og:type\" content=\"article\" \/>\n<meta property=\"og:title\" content=\"Navegando por la coalici\u00f3n espa\u00f1ola: qu\u00e9 exigen Sumar, Junts y ERC a Pedro S\u00e1nchez\" \/>\n<meta property=\"og:description\" content=\"Nuestro compa\u00f1ero Enrique Opi, l\u00edder de InFluCat, &quot;navega&quot; por las \u00faltimas peticiones de los socios de coalici\u00f3n al Presidente del Gobierno, que busca terminar la legislatura.\" \/>\n<meta property=\"og:url\" content=\"https:\/\/influenzespain.com\/es\/navegando-por-la-coalicion-espanola-que-exigen-sumar-junts-y-erc-a-pedro-sanchez\/\" \/>\n<meta property=\"og:site_name\" content=\"Influence Spain | Consultor\u00eda de asuntos p\u00fablicos y lobbying\" \/>\n<meta property=\"article:published_time\" content=\"2025-07-09T07:59:22+00:00\" \/>\n<meta property=\"article:modified_time\" content=\"2025-07-09T09:12:06+00:00\" \/>\n<meta property=\"og:image\" content=\"https:\/\/influenzespain.com\/wp-content\/uploads\/2023\/02\/SpanishAffairs_2023-1024x768.jpg\" \/>\n<meta name=\"author\" content=\"InFluenze Spain\" \/>\n<meta name=\"twitter:card\" content=\"summary_large_image\" \/>\n<meta name=\"twitter:title\" content=\"Navegando por la coalici\u00f3n espa\u00f1ola: qu\u00e9 exigen Sumar, Junts y ERC a Pedro S\u00e1nchez\" \/>\n<meta name=\"twitter:description\" content=\"Nuestro compa\u00f1ero Enrique Opi, l\u00edder de InFluCat, &quot;navega&quot; por las \u00faltimas peticiones de los socios de coalici\u00f3n al Presidente del Gobierno, que busca terminar la legislatura.\" \/>\n<meta name=\"twitter:image\" content=\"https:\/\/influenzespain.com\/wp-content\/uploads\/2023\/02\/SpanishAffairs_2023-1024x768.jpg\" \/>\n<meta name=\"twitter:creator\" content=\"@InFluenceSpain\" \/>\n<meta name=\"twitter:site\" content=\"@InFluenceSpain\" \/>\n<meta name=\"twitter:label1\" content=\"Escrito por\" \/>\n\t<meta name=\"twitter:data1\" content=\"InFluenze Spain\" \/>\n\t<meta name=\"twitter:label2\" content=\"Tiempo de lectura\" \/>\n\t<meta name=\"twitter:data2\" content=\"9 minutos\" \/>\n<script type=\"application\/ld+json\" class=\"yoast-schema-graph\">{\"@context\":\"https:\\\/\\\/schema.org\",\"@graph\":[{\"@type\":\"Article\",\"@id\":\"https:\\\/\\\/influenzespain.com\\\/es\\\/navegando-por-la-coalicion-espanola-que-exigen-sumar-junts-y-erc-a-pedro-sanchez\\\/#article\",\"isPartOf\":{\"@id\":\"https:\\\/\\\/influenzespain.com\\\/es\\\/navegando-por-la-coalicion-espanola-que-exigen-sumar-junts-y-erc-a-pedro-sanchez\\\/\"},\"author\":{\"name\":\"InFluenze Spain\",\"@id\":\"https:\\\/\\\/influenzespain.com\\\/#\\\/schema\\\/person\\\/db6f35f53d1c4f87e1118e7aa76dcc1d\"},\"headline\":\"Navegando por la coalici\u00f3n espa\u00f1ola: qu\u00e9 exigen Sumar, Junts y ERC a Pedro S\u00e1nchez\",\"datePublished\":\"2025-07-09T07:59:22+00:00\",\"dateModified\":\"2025-07-09T09:12:06+00:00\",\"mainEntityOfPage\":{\"@id\":\"https:\\\/\\\/influenzespain.com\\\/es\\\/navegando-por-la-coalicion-espanola-que-exigen-sumar-junts-y-erc-a-pedro-sanchez\\\/\"},\"wordCount\":1937,\"commentCount\":0,\"publisher\":{\"@id\":\"https:\\\/\\\/influenzespain.com\\\/#organization\"},\"image\":{\"@id\":\"https:\\\/\\\/influenzespain.com\\\/es\\\/navegando-por-la-coalicion-espanola-que-exigen-sumar-junts-y-erc-a-pedro-sanchez\\\/#primaryimage\"},\"thumbnailUrl\":\"https:\\\/\\\/influenzespain.com\\\/wp-content\\\/uploads\\\/2025\\\/07\\\/SpanishAffairs_2025-scaled.jpg\",\"keywords\":[\"ERC\",\"InFluenze Spain\",\"Junts\",\"Pedro S\u00e1nchez\",\"PSC\",\"PSOE\",\"Yolanda D\u00edaz\"],\"articleSection\":[\"Spanish Affairs (ES)\"],\"inLanguage\":\"es\",\"potentialAction\":[{\"@type\":\"CommentAction\",\"name\":\"Comment\",\"target\":[\"https:\\\/\\\/influenzespain.com\\\/es\\\/navegando-por-la-coalicion-espanola-que-exigen-sumar-junts-y-erc-a-pedro-sanchez\\\/#respond\"]}]},{\"@type\":\"WebPage\",\"@id\":\"https:\\\/\\\/influenzespain.com\\\/es\\\/navegando-por-la-coalicion-espanola-que-exigen-sumar-junts-y-erc-a-pedro-sanchez\\\/\",\"url\":\"https:\\\/\\\/influenzespain.com\\\/es\\\/navegando-por-la-coalicion-espanola-que-exigen-sumar-junts-y-erc-a-pedro-sanchez\\\/\",\"name\":\"Navegando por la coalici\u00f3n espa\u00f1ola: qu\u00e9 exigen Sumar, Junts y ERC a Pedro S\u00e1nchez - Influence Spain | Consultor\u00eda de asuntos p\u00fablicos y lobbying\",\"isPartOf\":{\"@id\":\"https:\\\/\\\/influenzespain.com\\\/#website\"},\"primaryImageOfPage\":{\"@id\":\"https:\\\/\\\/influenzespain.com\\\/es\\\/navegando-por-la-coalicion-espanola-que-exigen-sumar-junts-y-erc-a-pedro-sanchez\\\/#primaryimage\"},\"image\":{\"@id\":\"https:\\\/\\\/influenzespain.com\\\/es\\\/navegando-por-la-coalicion-espanola-que-exigen-sumar-junts-y-erc-a-pedro-sanchez\\\/#primaryimage\"},\"thumbnailUrl\":\"https:\\\/\\\/influenzespain.com\\\/wp-content\\\/uploads\\\/2025\\\/07\\\/SpanishAffairs_2025-scaled.jpg\",\"datePublished\":\"2025-07-09T07:59:22+00:00\",\"dateModified\":\"2025-07-09T09:12:06+00:00\",\"description\":\"Nuestro compa\u00f1ero Enrique Opi, l\u00edder de InFluCat, \\\"navega\\\" por las \u00faltimas peticiones de los socios de coalici\u00f3n al Presidente del Gobierno, que busca terminar la legislatura.\",\"breadcrumb\":{\"@id\":\"https:\\\/\\\/influenzespain.com\\\/es\\\/navegando-por-la-coalicion-espanola-que-exigen-sumar-junts-y-erc-a-pedro-sanchez\\\/#breadcrumb\"},\"inLanguage\":\"es\",\"potentialAction\":[{\"@type\":\"ReadAction\",\"target\":[\"https:\\\/\\\/influenzespain.com\\\/es\\\/navegando-por-la-coalicion-espanola-que-exigen-sumar-junts-y-erc-a-pedro-sanchez\\\/\"]}]},{\"@type\":\"ImageObject\",\"inLanguage\":\"es\",\"@id\":\"https:\\\/\\\/influenzespain.com\\\/es\\\/navegando-por-la-coalicion-espanola-que-exigen-sumar-junts-y-erc-a-pedro-sanchez\\\/#primaryimage\",\"url\":\"https:\\\/\\\/influenzespain.com\\\/wp-content\\\/uploads\\\/2025\\\/07\\\/SpanishAffairs_2025-scaled.jpg\",\"contentUrl\":\"https:\\\/\\\/influenzespain.com\\\/wp-content\\\/uploads\\\/2025\\\/07\\\/SpanishAffairs_2025-scaled.jpg\",\"width\":1920,\"height\":2560},{\"@type\":\"BreadcrumbList\",\"@id\":\"https:\\\/\\\/influenzespain.com\\\/es\\\/navegando-por-la-coalicion-espanola-que-exigen-sumar-junts-y-erc-a-pedro-sanchez\\\/#breadcrumb\",\"itemListElement\":[{\"@type\":\"ListItem\",\"position\":1,\"name\":\"Portada\",\"item\":\"https:\\\/\\\/influenzespain.com\\\/\"},{\"@type\":\"ListItem\",\"position\":2,\"name\":\"Navegando por la coalici\u00f3n espa\u00f1ola: qu\u00e9 exigen Sumar, Junts y ERC a Pedro S\u00e1nchez\"}]},{\"@type\":\"WebSite\",\"@id\":\"https:\\\/\\\/influenzespain.com\\\/#website\",\"url\":\"https:\\\/\\\/influenzespain.com\\\/\",\"name\":\"Influence Spain | Consultor\u00eda de asuntos p\u00fablicos y lobbying\",\"description\":\"La consultor\u00eda de Asuntos P\u00fablicos y Lobbying pionera de Espa\u00f1a\",\"publisher\":{\"@id\":\"https:\\\/\\\/influenzespain.com\\\/#organization\"},\"potentialAction\":[{\"@type\":\"SearchAction\",\"target\":{\"@type\":\"EntryPoint\",\"urlTemplate\":\"https:\\\/\\\/influenzespain.com\\\/?s={search_term_string}\"},\"query-input\":{\"@type\":\"PropertyValueSpecification\",\"valueRequired\":true,\"valueName\":\"search_term_string\"}}],\"inLanguage\":\"es\"},{\"@type\":\"Organization\",\"@id\":\"https:\\\/\\\/influenzespain.com\\\/#organization\",\"name\":\"InFluenceSpain\",\"url\":\"https:\\\/\\\/influenzespain.com\\\/\",\"logo\":{\"@type\":\"ImageObject\",\"inLanguage\":\"es\",\"@id\":\"https:\\\/\\\/influenzespain.com\\\/#\\\/schema\\\/logo\\\/image\\\/\",\"url\":\"https:\\\/\\\/influenzespain.com\\\/wp-content\\\/uploads\\\/2020\\\/12\\\/logo-influence-spain-lobby-consultoria-asuntos-publicos-275.jpg\",\"contentUrl\":\"https:\\\/\\\/influenzespain.com\\\/wp-content\\\/uploads\\\/2020\\\/12\\\/logo-influence-spain-lobby-consultoria-asuntos-publicos-275.jpg\",\"width\":275,\"height\":65,\"caption\":\"InFluenceSpain\"},\"image\":{\"@id\":\"https:\\\/\\\/influenzespain.com\\\/#\\\/schema\\\/logo\\\/image\\\/\"},\"sameAs\":[\"https:\\\/\\\/x.com\\\/InFluenceSpain\",\"https:\\\/\\\/www.linkedin.com\\\/company\\\/influencespain\\\/\"]},{\"@type\":\"Person\",\"@id\":\"https:\\\/\\\/influenzespain.com\\\/#\\\/schema\\\/person\\\/db6f35f53d1c4f87e1118e7aa76dcc1d\",\"name\":\"InFluenze Spain\",\"image\":{\"@type\":\"ImageObject\",\"inLanguage\":\"es\",\"@id\":\"https:\\\/\\\/secure.gravatar.com\\\/avatar\\\/e3437bffd9df1ea898c2fce9ad5070358be5f16f1bb22c8e00e1cc0d9d9d1f59?s=96&d=mm&r=g\",\"url\":\"https:\\\/\\\/secure.gravatar.com\\\/avatar\\\/e3437bffd9df1ea898c2fce9ad5070358be5f16f1bb22c8e00e1cc0d9d9d1f59?s=96&d=mm&r=g\",\"contentUrl\":\"https:\\\/\\\/secure.gravatar.com\\\/avatar\\\/e3437bffd9df1ea898c2fce9ad5070358be5f16f1bb22c8e00e1cc0d9d9d1f59?s=96&d=mm&r=g\",\"caption\":\"InFluenze Spain\"},\"sameAs\":[\"https:\\\/\\\/influenzespain.com\"],\"url\":\"https:\\\/\\\/influenzespain.com\\\/es\\\/author\\\/admin_influence\\\/\"}]}<\/script>\n<!-- \/ Yoast SEO plugin. -->","yoast_head_json":{"title":"Navegando por la coalici\u00f3n espa\u00f1ola: qu\u00e9 exigen Sumar, Junts y ERC a Pedro S\u00e1nchez - Influence Spain | Consultor\u00eda de asuntos p\u00fablicos y lobbying","description":"Nuestro compa\u00f1ero Enrique Opi, l\u00edder de InFluCat, \"navega\" por las \u00faltimas peticiones de los socios de coalici\u00f3n al Presidente del Gobierno, que busca terminar la legislatura.","robots":{"index":"index","follow":"follow","max-snippet":"max-snippet:-1","max-image-preview":"max-image-preview:large","max-video-preview":"max-video-preview:-1"},"canonical":"https:\/\/influenzespain.com\/es\/navegando-por-la-coalicion-espanola-que-exigen-sumar-junts-y-erc-a-pedro-sanchez\/","og_locale":"es_ES","og_type":"article","og_title":"Navegando por la coalici\u00f3n espa\u00f1ola: qu\u00e9 exigen Sumar, Junts y ERC a Pedro S\u00e1nchez","og_description":"Nuestro compa\u00f1ero Enrique Opi, l\u00edder de InFluCat, \"navega\" por las \u00faltimas peticiones de los socios de coalici\u00f3n al Presidente del Gobierno, que busca terminar la legislatura.","og_url":"https:\/\/influenzespain.com\/es\/navegando-por-la-coalicion-espanola-que-exigen-sumar-junts-y-erc-a-pedro-sanchez\/","og_site_name":"Influence Spain | Consultor\u00eda de asuntos p\u00fablicos y lobbying","article_published_time":"2025-07-09T07:59:22+00:00","article_modified_time":"2025-07-09T09:12:06+00:00","og_image":[{"url":"https:\/\/influenzespain.com\/wp-content\/uploads\/2023\/02\/SpanishAffairs_2023-1024x768.jpg","type":"","width":"","height":""}],"author":"InFluenze Spain","twitter_card":"summary_large_image","twitter_title":"Navegando por la coalici\u00f3n espa\u00f1ola: qu\u00e9 exigen Sumar, Junts y ERC a Pedro S\u00e1nchez","twitter_description":"Nuestro compa\u00f1ero Enrique Opi, l\u00edder de InFluCat, \"navega\" por las \u00faltimas peticiones de los socios de coalici\u00f3n al Presidente del Gobierno, que busca terminar la legislatura.","twitter_image":"https:\/\/influenzespain.com\/wp-content\/uploads\/2023\/02\/SpanishAffairs_2023-1024x768.jpg","twitter_creator":"@InFluenceSpain","twitter_site":"@InFluenceSpain","twitter_misc":{"Escrito por":"InFluenze Spain","Tiempo de lectura":"9 minutos"},"schema":{"@context":"https:\/\/schema.org","@graph":[{"@type":"Article","@id":"https:\/\/influenzespain.com\/es\/navegando-por-la-coalicion-espanola-que-exigen-sumar-junts-y-erc-a-pedro-sanchez\/#article","isPartOf":{"@id":"https:\/\/influenzespain.com\/es\/navegando-por-la-coalicion-espanola-que-exigen-sumar-junts-y-erc-a-pedro-sanchez\/"},"author":{"name":"InFluenze Spain","@id":"https:\/\/influenzespain.com\/#\/schema\/person\/db6f35f53d1c4f87e1118e7aa76dcc1d"},"headline":"Navegando por la coalici\u00f3n espa\u00f1ola: qu\u00e9 exigen Sumar, Junts y ERC a Pedro S\u00e1nchez","datePublished":"2025-07-09T07:59:22+00:00","dateModified":"2025-07-09T09:12:06+00:00","mainEntityOfPage":{"@id":"https:\/\/influenzespain.com\/es\/navegando-por-la-coalicion-espanola-que-exigen-sumar-junts-y-erc-a-pedro-sanchez\/"},"wordCount":1937,"commentCount":0,"publisher":{"@id":"https:\/\/influenzespain.com\/#organization"},"image":{"@id":"https:\/\/influenzespain.com\/es\/navegando-por-la-coalicion-espanola-que-exigen-sumar-junts-y-erc-a-pedro-sanchez\/#primaryimage"},"thumbnailUrl":"https:\/\/influenzespain.com\/wp-content\/uploads\/2025\/07\/SpanishAffairs_2025-scaled.jpg","keywords":["ERC","InFluenze Spain","Junts","Pedro S\u00e1nchez","PSC","PSOE","Yolanda D\u00edaz"],"articleSection":["Spanish Affairs (ES)"],"inLanguage":"es","potentialAction":[{"@type":"CommentAction","name":"Comment","target":["https:\/\/influenzespain.com\/es\/navegando-por-la-coalicion-espanola-que-exigen-sumar-junts-y-erc-a-pedro-sanchez\/#respond"]}]},{"@type":"WebPage","@id":"https:\/\/influenzespain.com\/es\/navegando-por-la-coalicion-espanola-que-exigen-sumar-junts-y-erc-a-pedro-sanchez\/","url":"https:\/\/influenzespain.com\/es\/navegando-por-la-coalicion-espanola-que-exigen-sumar-junts-y-erc-a-pedro-sanchez\/","name":"Navegando por la coalici\u00f3n espa\u00f1ola: qu\u00e9 exigen Sumar, Junts y ERC a Pedro S\u00e1nchez - Influence Spain | Consultor\u00eda de asuntos p\u00fablicos y lobbying","isPartOf":{"@id":"https:\/\/influenzespain.com\/#website"},"primaryImageOfPage":{"@id":"https:\/\/influenzespain.com\/es\/navegando-por-la-coalicion-espanola-que-exigen-sumar-junts-y-erc-a-pedro-sanchez\/#primaryimage"},"image":{"@id":"https:\/\/influenzespain.com\/es\/navegando-por-la-coalicion-espanola-que-exigen-sumar-junts-y-erc-a-pedro-sanchez\/#primaryimage"},"thumbnailUrl":"https:\/\/influenzespain.com\/wp-content\/uploads\/2025\/07\/SpanishAffairs_2025-scaled.jpg","datePublished":"2025-07-09T07:59:22+00:00","dateModified":"2025-07-09T09:12:06+00:00","description":"Nuestro compa\u00f1ero Enrique Opi, l\u00edder de InFluCat, \"navega\" por las \u00faltimas peticiones de los socios de coalici\u00f3n al Presidente del Gobierno, que busca terminar la legislatura.","breadcrumb":{"@id":"https:\/\/influenzespain.com\/es\/navegando-por-la-coalicion-espanola-que-exigen-sumar-junts-y-erc-a-pedro-sanchez\/#breadcrumb"},"inLanguage":"es","potentialAction":[{"@type":"ReadAction","target":["https:\/\/influenzespain.com\/es\/navegando-por-la-coalicion-espanola-que-exigen-sumar-junts-y-erc-a-pedro-sanchez\/"]}]},{"@type":"ImageObject","inLanguage":"es","@id":"https:\/\/influenzespain.com\/es\/navegando-por-la-coalicion-espanola-que-exigen-sumar-junts-y-erc-a-pedro-sanchez\/#primaryimage","url":"https:\/\/influenzespain.com\/wp-content\/uploads\/2025\/07\/SpanishAffairs_2025-scaled.jpg","contentUrl":"https:\/\/influenzespain.com\/wp-content\/uploads\/2025\/07\/SpanishAffairs_2025-scaled.jpg","width":1920,"height":2560},{"@type":"BreadcrumbList","@id":"https:\/\/influenzespain.com\/es\/navegando-por-la-coalicion-espanola-que-exigen-sumar-junts-y-erc-a-pedro-sanchez\/#breadcrumb","itemListElement":[{"@type":"ListItem","position":1,"name":"Portada","item":"https:\/\/influenzespain.com\/"},{"@type":"ListItem","position":2,"name":"Navegando por la coalici\u00f3n espa\u00f1ola: qu\u00e9 exigen Sumar, Junts y ERC a Pedro S\u00e1nchez"}]},{"@type":"WebSite","@id":"https:\/\/influenzespain.com\/#website","url":"https:\/\/influenzespain.com\/","name":"Influence Spain | Consultor\u00eda de asuntos p\u00fablicos y lobbying","description":"La consultor\u00eda de Asuntos P\u00fablicos y Lobbying pionera de Espa\u00f1a","publisher":{"@id":"https:\/\/influenzespain.com\/#organization"},"potentialAction":[{"@type":"SearchAction","target":{"@type":"EntryPoint","urlTemplate":"https:\/\/influenzespain.com\/?s={search_term_string}"},"query-input":{"@type":"PropertyValueSpecification","valueRequired":true,"valueName":"search_term_string"}}],"inLanguage":"es"},{"@type":"Organization","@id":"https:\/\/influenzespain.com\/#organization","name":"InFluenceSpain","url":"https:\/\/influenzespain.com\/","logo":{"@type":"ImageObject","inLanguage":"es","@id":"https:\/\/influenzespain.com\/#\/schema\/logo\/image\/","url":"https:\/\/influenzespain.com\/wp-content\/uploads\/2020\/12\/logo-influence-spain-lobby-consultoria-asuntos-publicos-275.jpg","contentUrl":"https:\/\/influenzespain.com\/wp-content\/uploads\/2020\/12\/logo-influence-spain-lobby-consultoria-asuntos-publicos-275.jpg","width":275,"height":65,"caption":"InFluenceSpain"},"image":{"@id":"https:\/\/influenzespain.com\/#\/schema\/logo\/image\/"},"sameAs":["https:\/\/x.com\/InFluenceSpain","https:\/\/www.linkedin.com\/company\/influencespain\/"]},{"@type":"Person","@id":"https:\/\/influenzespain.com\/#\/schema\/person\/db6f35f53d1c4f87e1118e7aa76dcc1d","name":"InFluenze Spain","image":{"@type":"ImageObject","inLanguage":"es","@id":"https:\/\/secure.gravatar.com\/avatar\/e3437bffd9df1ea898c2fce9ad5070358be5f16f1bb22c8e00e1cc0d9d9d1f59?s=96&d=mm&r=g","url":"https:\/\/secure.gravatar.com\/avatar\/e3437bffd9df1ea898c2fce9ad5070358be5f16f1bb22c8e00e1cc0d9d9d1f59?s=96&d=mm&r=g","contentUrl":"https:\/\/secure.gravatar.com\/avatar\/e3437bffd9df1ea898c2fce9ad5070358be5f16f1bb22c8e00e1cc0d9d9d1f59?s=96&d=mm&r=g","caption":"InFluenze Spain"},"sameAs":["https:\/\/influenzespain.com"],"url":"https:\/\/influenzespain.com\/es\/author\/admin_influence\/"}]}},"_links":{"self":[{"href":"https:\/\/influenzespain.com\/es\/wp-json\/wp\/v2\/posts\/4866","targetHints":{"allow":["GET"]}}],"collection":[{"href":"https:\/\/influenzespain.com\/es\/wp-json\/wp\/v2\/posts"}],"about":[{"href":"https:\/\/influenzespain.com\/es\/wp-json\/wp\/v2\/types\/post"}],"author":[{"embeddable":true,"href":"https:\/\/influenzespain.com\/es\/wp-json\/wp\/v2\/users\/2"}],"replies":[{"embeddable":true,"href":"https:\/\/influenzespain.com\/es\/wp-json\/wp\/v2\/comments?post=4866"}],"version-history":[{"count":6,"href":"https:\/\/influenzespain.com\/es\/wp-json\/wp\/v2\/posts\/4866\/revisions"}],"predecessor-version":[{"id":4876,"href":"https:\/\/influenzespain.com\/es\/wp-json\/wp\/v2\/posts\/4866\/revisions\/4876"}],"wp:featuredmedia":[{"embeddable":true,"href":"https:\/\/influenzespain.com\/es\/wp-json\/wp\/v2\/media\/4863"}],"wp:attachment":[{"href":"https:\/\/influenzespain.com\/es\/wp-json\/wp\/v2\/media?parent=4866"}],"wp:term":[{"taxonomy":"category","embeddable":true,"href":"https:\/\/influenzespain.com\/es\/wp-json\/wp\/v2\/categories?post=4866"},{"taxonomy":"post_tag","embeddable":true,"href":"https:\/\/influenzespain.com\/es\/wp-json\/wp\/v2\/tags?post=4866"}],"curies":[{"name":"wp","href":"https:\/\/api.w.org\/{rel}","templated":true}]}}