{"id":6507,"date":"2026-01-14T00:43:00","date_gmt":"2026-01-14T00:43:00","guid":{"rendered":"https:\/\/influenzespain.com\/2026-el-final-de-la-tercera-legislatura-de-pedro-sanchez\/"},"modified":"2026-01-20T11:42:10","modified_gmt":"2026-01-20T11:42:10","slug":"2026-el-final-de-la-tercera-legislatura-de-pedro-sanchez","status":"publish","type":"post","link":"https:\/\/influenzespain.com\/es\/2026-el-final-de-la-tercera-legislatura-de-pedro-sanchez\/","title":{"rendered":"2026, \u00bfel final de la tercera legislatura de Pedro S\u00e1nchez?"},"content":{"rendered":"\n<figure class=\"wp-block-image size-full is-resized\"><img loading=\"lazy\" decoding=\"async\" width=\"428\" height=\"446\" src=\"https:\/\/influenzespain.com\/wp-content\/uploads\/2023\/10\/2023_SM.png\" alt=\"\" class=\"wp-image-3146\" style=\"width:161px;height:172px\" srcset=\"https:\/\/influenzespain.com\/wp-content\/uploads\/2023\/10\/2023_SM.png 428w, https:\/\/influenzespain.com\/wp-content\/uploads\/2023\/10\/2023_SM-288x300.png 288w\" sizes=\"auto, (max-width: 428px) 100vw, 428px\" \/><\/figure>\n\n<p><strong><em>By: <a href=\"https:\/\/influenzespain.com\/es\/equipo\/\">Sebastian Mariz<\/a>, Owner and Managing Director of InFluenze Spain<\/em><\/strong>.<\/p>\n\n<p class=\"has-white-color has-text-color\">.<\/p>\n\n<p>November of 2025 marked the zenith of the third Mr. Pedro S\u00e1nchez legislature, with the Prime Minister and his cabinet immersed in multiple corruption scandals, relations strained with his communist, Catalan and Basque parliamentary partners and the opposition calling insistently for his resignation and new general elections.<\/p>\n\n<p>While it is impossible to predict how the second half of the legislature will unravel and when the next general elections will take place in Spain, certain recent developments provide some good indicators on when this might be.<\/p>\n\n<p>On the 17<sup>th<\/sup> of December, 2025, the European Commission accepted the Government\u2019s new, and last, addendum to the Spanish Recovery and Resilience Plan, opening the door to the final tranche of EU Recovery and Resilience Funds transferred to Spain.\u00a0<\/p>\n\n<p>The additional 33 billion euros, will allow S\u00e1nchez to continue operating despite not being able to adopt a new national budget. S\u00e1nchez has been able to operate without adopting a new national budget by rolling over the 2022 budget and avoiding what would be perceived as a vote of no-confidence, if his budget were rejected in Parliament and the Senate.<\/p>\n\n<p>The European Commission has until the end of the year to transfer these funds to the Spanish treasury.<\/p>\n\n<p>In order to achieve this crucial milestone for the survival of his Government and the continuity of this legislature, S\u00e1nchez was forced to present a highly watered-down addendum, setting out the limited political and legislative priorities and agenda for the next 12 months. The addendum was required to pave the way for payment from Brussels.\u00a0<\/p>\n\n<p>The contents of the addendum were, in turn, largely set out by the PM\u2019s parliamentary coalition partners, and in particular the Catalan conservative and nationalist party, who announced in December that it would only support the Government on five legislative and policy initiatives in 2026, unless real progress was made in pardoning its exiled political leader, Mr. Carles Puigdemont, and in transferring immigration policy to the Government of Catalonia.\u00a0\u00a0<\/p>\n\n<p>In light of this, the PM\u2019s policy and legislative agenda for 2026, include:<\/p>\n\n<ul class=\"wp-block-list\">\n<li>Redistribution of public funds between the central Government and the regions and the definition of a new model for the distribution of these funds and tax collection.\u00a0<\/li>\n\n\n\n<li>A new Law on Sustainable Mobility, which amongst other issues, introduces new mechanisms to promote a transition towards electric vehicles,\u00a0 forces large companies to adopt sustainable mobility plans and bans short-haul flights (under 2 hours) for routes in which a rail alternative exists.<\/li>\n\n\n\n<li>A new law on customer services intended to reinforce consumer rights and protection.<\/li>\n\n\n\n<li>A new law on the movie sector and production companies, which aims to promote and protect European, national and local content over and above content produced by large multinationals.<\/li>\n\n\n\n<li>A new healthcare law affecting amyotrophic lateral sclerosis patients.<\/li>\n\n\n\n<li>A new law on the social economy, which will introduce new fiscal credits for employment centers for handicapped people, agricultural cooperatives and retail services considered of interest to rural communities, including bars, restaurants, pharmacies, kiosks, and grocery stores, amongst others.<\/li>\n\n\n\n<li>The creation of a legal obligation for lobbyists and lobbying firms to register in a new national lobbying registry.<\/li>\n\n\n\n<li>A new law on public healthcare services and another regulating labor relations with public healthcare professionals.<\/li>\n\n\n\n<li>13 billion euros for business loans managed by the Government through the national credit institute (ICO).<\/li>\n\n\n\n<li>Higher diesel taxes.<\/li>\n<\/ul>\n\n<p><\/p>\n\n<p>These initiatives are expected to be adopted in the first half of the year, and the PM has publicly stated that he also hopes to negotiate deals with his parliamentary coalition partners on other legislative priorities, including measures to tackle Spain\u2019s housing crisis.\u00a0<\/p>\n\n<p>Once these legislative initiatives have been adopted and the final recovery and resilience funds transferred to Spain before the 31<sup>st<\/sup> of December, 2026, Sanchez faces a bleak 2027, with no budget, no further access to EU funds and a broken parliamentary coalition. Faced with this prospect it is not unreasonable to predict that he will dissolve the Parliament and call for general elections to be held in the spring of 2027.\u00a0\u00a0<\/p>\n\n<p class=\"has-white-color has-text-color has-link-color wp-elements-7e4ac651328708ea719ac0894fa30934\">.<\/p>\n\n<p class=\"has-text-align-center\"><em>For more information, join our social media profiles on\u00a0<a href=\"https:\/\/twitter.com\/InFluenceSpain\">X<\/a>\u00a0and\u00a0<\/em><a href=\"https:\/\/www.linkedin.com\/company\/influencespain\/?viewAsMember=true\"><em>LinkedIn<\/em><\/a>.<\/p>\n","protected":false},"excerpt":{"rendered":"<p>Por: Sebastian Mariz, Director General de InFluenze Spain. <\/p>\n","protected":false},"author":2,"featured_media":2261,"comment_status":"open","ping_status":"open","sticky":false,"template":"","format":"standard","meta":{"footnotes":""},"categories":[487],"tags":[898,217,897],"class_list":["post-6507","post","type-post","status-publish","format-standard","has-post-thumbnail","hentry","category-spanish-affairs-es","tag-comision-europea-es","tag-pedro-sanchez","tag-presidente-del-gobierno-es"],"yoast_head":"<!-- This site is optimized with the Yoast SEO plugin v27.4 - https:\/\/yoast.com\/product\/yoast-seo-wordpress\/ -->\n<title>2026, \u00bfel final de la tercera legislatura de Pedro S\u00e1nchez? - Influence Spain | Consultor\u00eda de asuntos p\u00fablicos y lobbying<\/title>\n<meta name=\"description\" content=\"The Managing Director of InFluenze Spain, Sebastian Mariz, writes about the next two years of the Spanish coalition government led by Socialist Prime Minister, Mr. Pedro S\u00e1nchez.\" \/>\n<meta name=\"robots\" content=\"index, follow, max-snippet:-1, max-image-preview:large, max-video-preview:-1\" \/>\n<link rel=\"canonical\" href=\"https:\/\/influenzespain.com\/es\/2026-el-final-de-la-tercera-legislatura-de-pedro-sanchez\/\" \/>\n<meta property=\"og:locale\" content=\"es_ES\" \/>\n<meta property=\"og:type\" content=\"article\" \/>\n<meta property=\"og:title\" content=\"2026, \u00bfel fin de la tercera legislatura de Pedro S\u00e1nchez?\" \/>\n<meta property=\"og:description\" content=\"The Managing Director of InFluenze Spain, Sebastian Mariz, writes about the next two years of the Spanish coalition government led by Socialist Prime Minister, Mr. Pedro S\u00e1nchez.\" \/>\n<meta property=\"og:url\" content=\"https:\/\/influenzespain.com\/es\/2026-el-final-de-la-tercera-legislatura-de-pedro-sanchez\/\" \/>\n<meta property=\"og:site_name\" content=\"Influence Spain | Consultor\u00eda de asuntos p\u00fablicos y lobbying\" \/>\n<meta property=\"article:published_time\" content=\"2026-01-14T00:43:00+00:00\" \/>\n<meta property=\"article:modified_time\" content=\"2026-01-20T11:42:10+00:00\" \/>\n<meta property=\"og:image\" content=\"https:\/\/influenzespain.com\/wp-content\/uploads\/2023\/02\/SpanishAffairs_2023-1024x768.jpg\" \/>\n<meta name=\"author\" content=\"InFluenze Spain\" \/>\n<meta name=\"twitter:card\" content=\"summary_large_image\" \/>\n<meta name=\"twitter:title\" content=\"2026, \u00bfel fin de la tercera legislatura de Pedro S\u00e1nchez?\" \/>\n<meta name=\"twitter:description\" content=\"The Managing Director of InFluenze Spain, Sebastian Mariz, writes about the next two years of the Spanish coalition government led by Socialist Prime Minister, Mr. Pedro S\u00e1nchez.\" \/>\n<meta name=\"twitter:image\" content=\"https:\/\/influenzespain.com\/wp-content\/uploads\/2023\/02\/SpanishAffairs_2023-1024x768.jpg\" \/>\n<meta name=\"twitter:creator\" content=\"@InFluenceSpain\" \/>\n<meta name=\"twitter:site\" content=\"@InFluenceSpain\" \/>\n<meta name=\"twitter:label1\" content=\"Escrito por\" \/>\n\t<meta name=\"twitter:data1\" content=\"InFluenze Spain\" \/>\n\t<meta name=\"twitter:label2\" content=\"Tiempo de lectura\" \/>\n\t<meta name=\"twitter:data2\" content=\"4 minutos\" \/>\n<script type=\"application\/ld+json\" class=\"yoast-schema-graph\">{\"@context\":\"https:\\\/\\\/schema.org\",\"@graph\":[{\"@type\":\"Article\",\"@id\":\"https:\\\/\\\/influenzespain.com\\\/es\\\/2026-el-final-de-la-tercera-legislatura-de-pedro-sanchez\\\/#article\",\"isPartOf\":{\"@id\":\"https:\\\/\\\/influenzespain.com\\\/es\\\/2026-el-final-de-la-tercera-legislatura-de-pedro-sanchez\\\/\"},\"author\":{\"name\":\"InFluenze Spain\",\"@id\":\"https:\\\/\\\/influenzespain.com\\\/#\\\/schema\\\/person\\\/db6f35f53d1c4f87e1118e7aa76dcc1d\"},\"headline\":\"2026, \u00bfel final de la tercera legislatura de Pedro S\u00e1nchez?\",\"datePublished\":\"2026-01-14T00:43:00+00:00\",\"dateModified\":\"2026-01-20T11:42:10+00:00\",\"mainEntityOfPage\":{\"@id\":\"https:\\\/\\\/influenzespain.com\\\/es\\\/2026-el-final-de-la-tercera-legislatura-de-pedro-sanchez\\\/\"},\"wordCount\":696,\"commentCount\":0,\"publisher\":{\"@id\":\"https:\\\/\\\/influenzespain.com\\\/#organization\"},\"image\":{\"@id\":\"https:\\\/\\\/influenzespain.com\\\/es\\\/2026-el-final-de-la-tercera-legislatura-de-pedro-sanchez\\\/#primaryimage\"},\"thumbnailUrl\":\"https:\\\/\\\/influenzespain.com\\\/wp-content\\\/uploads\\\/2023\\\/02\\\/SpanishAffairs_2023.jpg\",\"keywords\":[\"Comisi\u00f3n Europea\",\"Pedro S\u00e1nchez\",\"Presidente del Gobierno\"],\"articleSection\":[\"Spanish Affairs (ES)\"],\"inLanguage\":\"es\",\"potentialAction\":[{\"@type\":\"CommentAction\",\"name\":\"Comment\",\"target\":[\"https:\\\/\\\/influenzespain.com\\\/es\\\/2026-el-final-de-la-tercera-legislatura-de-pedro-sanchez\\\/#respond\"]}]},{\"@type\":\"WebPage\",\"@id\":\"https:\\\/\\\/influenzespain.com\\\/es\\\/2026-el-final-de-la-tercera-legislatura-de-pedro-sanchez\\\/\",\"url\":\"https:\\\/\\\/influenzespain.com\\\/es\\\/2026-el-final-de-la-tercera-legislatura-de-pedro-sanchez\\\/\",\"name\":\"2026, \u00bfel final de la tercera legislatura de Pedro S\u00e1nchez? - Influence Spain | Consultor\u00eda de asuntos p\u00fablicos y lobbying\",\"isPartOf\":{\"@id\":\"https:\\\/\\\/influenzespain.com\\\/#website\"},\"primaryImageOfPage\":{\"@id\":\"https:\\\/\\\/influenzespain.com\\\/es\\\/2026-el-final-de-la-tercera-legislatura-de-pedro-sanchez\\\/#primaryimage\"},\"image\":{\"@id\":\"https:\\\/\\\/influenzespain.com\\\/es\\\/2026-el-final-de-la-tercera-legislatura-de-pedro-sanchez\\\/#primaryimage\"},\"thumbnailUrl\":\"https:\\\/\\\/influenzespain.com\\\/wp-content\\\/uploads\\\/2023\\\/02\\\/SpanishAffairs_2023.jpg\",\"datePublished\":\"2026-01-14T00:43:00+00:00\",\"dateModified\":\"2026-01-20T11:42:10+00:00\",\"description\":\"The Managing Director of InFluenze Spain, Sebastian Mariz, writes about the next two years of the Spanish coalition government led by Socialist Prime Minister, Mr. Pedro S\u00e1nchez.\",\"breadcrumb\":{\"@id\":\"https:\\\/\\\/influenzespain.com\\\/es\\\/2026-el-final-de-la-tercera-legislatura-de-pedro-sanchez\\\/#breadcrumb\"},\"inLanguage\":\"es\",\"potentialAction\":[{\"@type\":\"ReadAction\",\"target\":[\"https:\\\/\\\/influenzespain.com\\\/es\\\/2026-el-final-de-la-tercera-legislatura-de-pedro-sanchez\\\/\"]}]},{\"@type\":\"ImageObject\",\"inLanguage\":\"es\",\"@id\":\"https:\\\/\\\/influenzespain.com\\\/es\\\/2026-el-final-de-la-tercera-legislatura-de-pedro-sanchez\\\/#primaryimage\",\"url\":\"https:\\\/\\\/influenzespain.com\\\/wp-content\\\/uploads\\\/2023\\\/02\\\/SpanishAffairs_2023.jpg\",\"contentUrl\":\"https:\\\/\\\/influenzespain.com\\\/wp-content\\\/uploads\\\/2023\\\/02\\\/SpanishAffairs_2023.jpg\",\"width\":1200,\"height\":900,\"caption\":\"Spanish Parliament\"},{\"@type\":\"BreadcrumbList\",\"@id\":\"https:\\\/\\\/influenzespain.com\\\/es\\\/2026-el-final-de-la-tercera-legislatura-de-pedro-sanchez\\\/#breadcrumb\",\"itemListElement\":[{\"@type\":\"ListItem\",\"position\":1,\"name\":\"Portada\",\"item\":\"https:\\\/\\\/influenzespain.com\\\/\"},{\"@type\":\"ListItem\",\"position\":2,\"name\":\"2026, \u00bfel final de la tercera legislatura de Pedro S\u00e1nchez?\"}]},{\"@type\":\"WebSite\",\"@id\":\"https:\\\/\\\/influenzespain.com\\\/#website\",\"url\":\"https:\\\/\\\/influenzespain.com\\\/\",\"name\":\"Influence Spain | Consultor\u00eda de asuntos p\u00fablicos y lobbying\",\"description\":\"La consultor\u00eda de Asuntos P\u00fablicos y Lobbying pionera de Espa\u00f1a\",\"publisher\":{\"@id\":\"https:\\\/\\\/influenzespain.com\\\/#organization\"},\"potentialAction\":[{\"@type\":\"SearchAction\",\"target\":{\"@type\":\"EntryPoint\",\"urlTemplate\":\"https:\\\/\\\/influenzespain.com\\\/?s={search_term_string}\"},\"query-input\":{\"@type\":\"PropertyValueSpecification\",\"valueRequired\":true,\"valueName\":\"search_term_string\"}}],\"inLanguage\":\"es\"},{\"@type\":\"Organization\",\"@id\":\"https:\\\/\\\/influenzespain.com\\\/#organization\",\"name\":\"InFluenceSpain\",\"url\":\"https:\\\/\\\/influenzespain.com\\\/\",\"logo\":{\"@type\":\"ImageObject\",\"inLanguage\":\"es\",\"@id\":\"https:\\\/\\\/influenzespain.com\\\/#\\\/schema\\\/logo\\\/image\\\/\",\"url\":\"https:\\\/\\\/influenzespain.com\\\/wp-content\\\/uploads\\\/2020\\\/12\\\/logo-influence-spain-lobby-consultoria-asuntos-publicos-275.jpg\",\"contentUrl\":\"https:\\\/\\\/influenzespain.com\\\/wp-content\\\/uploads\\\/2020\\\/12\\\/logo-influence-spain-lobby-consultoria-asuntos-publicos-275.jpg\",\"width\":275,\"height\":65,\"caption\":\"InFluenceSpain\"},\"image\":{\"@id\":\"https:\\\/\\\/influenzespain.com\\\/#\\\/schema\\\/logo\\\/image\\\/\"},\"sameAs\":[\"https:\\\/\\\/x.com\\\/InFluenceSpain\",\"https:\\\/\\\/www.linkedin.com\\\/company\\\/influencespain\\\/\"]},{\"@type\":\"Person\",\"@id\":\"https:\\\/\\\/influenzespain.com\\\/#\\\/schema\\\/person\\\/db6f35f53d1c4f87e1118e7aa76dcc1d\",\"name\":\"InFluenze Spain\",\"image\":{\"@type\":\"ImageObject\",\"inLanguage\":\"es\",\"@id\":\"https:\\\/\\\/secure.gravatar.com\\\/avatar\\\/e3437bffd9df1ea898c2fce9ad5070358be5f16f1bb22c8e00e1cc0d9d9d1f59?s=96&d=mm&r=g\",\"url\":\"https:\\\/\\\/secure.gravatar.com\\\/avatar\\\/e3437bffd9df1ea898c2fce9ad5070358be5f16f1bb22c8e00e1cc0d9d9d1f59?s=96&d=mm&r=g\",\"contentUrl\":\"https:\\\/\\\/secure.gravatar.com\\\/avatar\\\/e3437bffd9df1ea898c2fce9ad5070358be5f16f1bb22c8e00e1cc0d9d9d1f59?s=96&d=mm&r=g\",\"caption\":\"InFluenze Spain\"},\"sameAs\":[\"https:\\\/\\\/influenzespain.com\"],\"url\":\"https:\\\/\\\/influenzespain.com\\\/es\\\/author\\\/admin_influence\\\/\"}]}<\/script>\n<!-- \/ Yoast SEO plugin. -->","yoast_head_json":{"title":"2026, \u00bfel final de la tercera legislatura de Pedro S\u00e1nchez? - Influence Spain | Consultor\u00eda de asuntos p\u00fablicos y lobbying","description":"The Managing Director of InFluenze Spain, Sebastian Mariz, writes about the next two years of the Spanish coalition government led by Socialist Prime Minister, Mr. Pedro S\u00e1nchez.","robots":{"index":"index","follow":"follow","max-snippet":"max-snippet:-1","max-image-preview":"max-image-preview:large","max-video-preview":"max-video-preview:-1"},"canonical":"https:\/\/influenzespain.com\/es\/2026-el-final-de-la-tercera-legislatura-de-pedro-sanchez\/","og_locale":"es_ES","og_type":"article","og_title":"2026, \u00bfel fin de la tercera legislatura de Pedro S\u00e1nchez?","og_description":"The Managing Director of InFluenze Spain, Sebastian Mariz, writes about the next two years of the Spanish coalition government led by Socialist Prime Minister, Mr. Pedro S\u00e1nchez.","og_url":"https:\/\/influenzespain.com\/es\/2026-el-final-de-la-tercera-legislatura-de-pedro-sanchez\/","og_site_name":"Influence Spain | Consultor\u00eda de asuntos p\u00fablicos y lobbying","article_published_time":"2026-01-14T00:43:00+00:00","article_modified_time":"2026-01-20T11:42:10+00:00","og_image":[{"url":"https:\/\/influenzespain.com\/wp-content\/uploads\/2023\/02\/SpanishAffairs_2023-1024x768.jpg","type":"","width":"","height":""}],"author":"InFluenze Spain","twitter_card":"summary_large_image","twitter_title":"2026, \u00bfel fin de la tercera legislatura de Pedro S\u00e1nchez?","twitter_description":"The Managing Director of InFluenze Spain, Sebastian Mariz, writes about the next two years of the Spanish coalition government led by Socialist Prime Minister, Mr. Pedro S\u00e1nchez.","twitter_image":"https:\/\/influenzespain.com\/wp-content\/uploads\/2023\/02\/SpanishAffairs_2023-1024x768.jpg","twitter_creator":"@InFluenceSpain","twitter_site":"@InFluenceSpain","twitter_misc":{"Escrito por":"InFluenze Spain","Tiempo de lectura":"4 minutos"},"schema":{"@context":"https:\/\/schema.org","@graph":[{"@type":"Article","@id":"https:\/\/influenzespain.com\/es\/2026-el-final-de-la-tercera-legislatura-de-pedro-sanchez\/#article","isPartOf":{"@id":"https:\/\/influenzespain.com\/es\/2026-el-final-de-la-tercera-legislatura-de-pedro-sanchez\/"},"author":{"name":"InFluenze Spain","@id":"https:\/\/influenzespain.com\/#\/schema\/person\/db6f35f53d1c4f87e1118e7aa76dcc1d"},"headline":"2026, \u00bfel final de la tercera legislatura de Pedro S\u00e1nchez?","datePublished":"2026-01-14T00:43:00+00:00","dateModified":"2026-01-20T11:42:10+00:00","mainEntityOfPage":{"@id":"https:\/\/influenzespain.com\/es\/2026-el-final-de-la-tercera-legislatura-de-pedro-sanchez\/"},"wordCount":696,"commentCount":0,"publisher":{"@id":"https:\/\/influenzespain.com\/#organization"},"image":{"@id":"https:\/\/influenzespain.com\/es\/2026-el-final-de-la-tercera-legislatura-de-pedro-sanchez\/#primaryimage"},"thumbnailUrl":"https:\/\/influenzespain.com\/wp-content\/uploads\/2023\/02\/SpanishAffairs_2023.jpg","keywords":["Comisi\u00f3n Europea","Pedro S\u00e1nchez","Presidente del Gobierno"],"articleSection":["Spanish Affairs (ES)"],"inLanguage":"es","potentialAction":[{"@type":"CommentAction","name":"Comment","target":["https:\/\/influenzespain.com\/es\/2026-el-final-de-la-tercera-legislatura-de-pedro-sanchez\/#respond"]}]},{"@type":"WebPage","@id":"https:\/\/influenzespain.com\/es\/2026-el-final-de-la-tercera-legislatura-de-pedro-sanchez\/","url":"https:\/\/influenzespain.com\/es\/2026-el-final-de-la-tercera-legislatura-de-pedro-sanchez\/","name":"2026, \u00bfel final de la tercera legislatura de Pedro S\u00e1nchez? - Influence Spain | Consultor\u00eda de asuntos p\u00fablicos y lobbying","isPartOf":{"@id":"https:\/\/influenzespain.com\/#website"},"primaryImageOfPage":{"@id":"https:\/\/influenzespain.com\/es\/2026-el-final-de-la-tercera-legislatura-de-pedro-sanchez\/#primaryimage"},"image":{"@id":"https:\/\/influenzespain.com\/es\/2026-el-final-de-la-tercera-legislatura-de-pedro-sanchez\/#primaryimage"},"thumbnailUrl":"https:\/\/influenzespain.com\/wp-content\/uploads\/2023\/02\/SpanishAffairs_2023.jpg","datePublished":"2026-01-14T00:43:00+00:00","dateModified":"2026-01-20T11:42:10+00:00","description":"The Managing Director of InFluenze Spain, Sebastian Mariz, writes about the next two years of the Spanish coalition government led by Socialist Prime Minister, Mr. Pedro S\u00e1nchez.","breadcrumb":{"@id":"https:\/\/influenzespain.com\/es\/2026-el-final-de-la-tercera-legislatura-de-pedro-sanchez\/#breadcrumb"},"inLanguage":"es","potentialAction":[{"@type":"ReadAction","target":["https:\/\/influenzespain.com\/es\/2026-el-final-de-la-tercera-legislatura-de-pedro-sanchez\/"]}]},{"@type":"ImageObject","inLanguage":"es","@id":"https:\/\/influenzespain.com\/es\/2026-el-final-de-la-tercera-legislatura-de-pedro-sanchez\/#primaryimage","url":"https:\/\/influenzespain.com\/wp-content\/uploads\/2023\/02\/SpanishAffairs_2023.jpg","contentUrl":"https:\/\/influenzespain.com\/wp-content\/uploads\/2023\/02\/SpanishAffairs_2023.jpg","width":1200,"height":900,"caption":"Spanish Parliament"},{"@type":"BreadcrumbList","@id":"https:\/\/influenzespain.com\/es\/2026-el-final-de-la-tercera-legislatura-de-pedro-sanchez\/#breadcrumb","itemListElement":[{"@type":"ListItem","position":1,"name":"Portada","item":"https:\/\/influenzespain.com\/"},{"@type":"ListItem","position":2,"name":"2026, \u00bfel final de la tercera legislatura de Pedro S\u00e1nchez?"}]},{"@type":"WebSite","@id":"https:\/\/influenzespain.com\/#website","url":"https:\/\/influenzespain.com\/","name":"Influence Spain | Consultor\u00eda de asuntos p\u00fablicos y lobbying","description":"La consultor\u00eda de Asuntos P\u00fablicos y Lobbying pionera de Espa\u00f1a","publisher":{"@id":"https:\/\/influenzespain.com\/#organization"},"potentialAction":[{"@type":"SearchAction","target":{"@type":"EntryPoint","urlTemplate":"https:\/\/influenzespain.com\/?s={search_term_string}"},"query-input":{"@type":"PropertyValueSpecification","valueRequired":true,"valueName":"search_term_string"}}],"inLanguage":"es"},{"@type":"Organization","@id":"https:\/\/influenzespain.com\/#organization","name":"InFluenceSpain","url":"https:\/\/influenzespain.com\/","logo":{"@type":"ImageObject","inLanguage":"es","@id":"https:\/\/influenzespain.com\/#\/schema\/logo\/image\/","url":"https:\/\/influenzespain.com\/wp-content\/uploads\/2020\/12\/logo-influence-spain-lobby-consultoria-asuntos-publicos-275.jpg","contentUrl":"https:\/\/influenzespain.com\/wp-content\/uploads\/2020\/12\/logo-influence-spain-lobby-consultoria-asuntos-publicos-275.jpg","width":275,"height":65,"caption":"InFluenceSpain"},"image":{"@id":"https:\/\/influenzespain.com\/#\/schema\/logo\/image\/"},"sameAs":["https:\/\/x.com\/InFluenceSpain","https:\/\/www.linkedin.com\/company\/influencespain\/"]},{"@type":"Person","@id":"https:\/\/influenzespain.com\/#\/schema\/person\/db6f35f53d1c4f87e1118e7aa76dcc1d","name":"InFluenze Spain","image":{"@type":"ImageObject","inLanguage":"es","@id":"https:\/\/secure.gravatar.com\/avatar\/e3437bffd9df1ea898c2fce9ad5070358be5f16f1bb22c8e00e1cc0d9d9d1f59?s=96&d=mm&r=g","url":"https:\/\/secure.gravatar.com\/avatar\/e3437bffd9df1ea898c2fce9ad5070358be5f16f1bb22c8e00e1cc0d9d9d1f59?s=96&d=mm&r=g","contentUrl":"https:\/\/secure.gravatar.com\/avatar\/e3437bffd9df1ea898c2fce9ad5070358be5f16f1bb22c8e00e1cc0d9d9d1f59?s=96&d=mm&r=g","caption":"InFluenze Spain"},"sameAs":["https:\/\/influenzespain.com"],"url":"https:\/\/influenzespain.com\/es\/author\/admin_influence\/"}]}},"_links":{"self":[{"href":"https:\/\/influenzespain.com\/es\/wp-json\/wp\/v2\/posts\/6507","targetHints":{"allow":["GET"]}}],"collection":[{"href":"https:\/\/influenzespain.com\/es\/wp-json\/wp\/v2\/posts"}],"about":[{"href":"https:\/\/influenzespain.com\/es\/wp-json\/wp\/v2\/types\/post"}],"author":[{"embeddable":true,"href":"https:\/\/influenzespain.com\/es\/wp-json\/wp\/v2\/users\/2"}],"replies":[{"embeddable":true,"href":"https:\/\/influenzespain.com\/es\/wp-json\/wp\/v2\/comments?post=6507"}],"version-history":[{"count":2,"href":"https:\/\/influenzespain.com\/es\/wp-json\/wp\/v2\/posts\/6507\/revisions"}],"predecessor-version":[{"id":6535,"href":"https:\/\/influenzespain.com\/es\/wp-json\/wp\/v2\/posts\/6507\/revisions\/6535"}],"wp:featuredmedia":[{"embeddable":true,"href":"https:\/\/influenzespain.com\/es\/wp-json\/wp\/v2\/media\/2261"}],"wp:attachment":[{"href":"https:\/\/influenzespain.com\/es\/wp-json\/wp\/v2\/media?parent=6507"}],"wp:term":[{"taxonomy":"category","embeddable":true,"href":"https:\/\/influenzespain.com\/es\/wp-json\/wp\/v2\/categories?post=6507"},{"taxonomy":"post_tag","embeddable":true,"href":"https:\/\/influenzespain.com\/es\/wp-json\/wp\/v2\/tags?post=6507"}],"curies":[{"name":"wp","href":"https:\/\/api.w.org\/{rel}","templated":true}]}}